{"id":12697,"date":"2025-04-07T13:06:26","date_gmt":"2025-04-07T11:06:26","guid":{"rendered":"https:\/\/www.journee-mondiale.com\/es\/transforme-mi-bienestar-diario-con-estos-5-bolsos-de-primavera-2025-y-el-tercero-cambio-mi-relacion-con-la-moda\/"},"modified":"2025-04-07T13:06:26","modified_gmt":"2025-04-07T11:06:26","slug":"transforme-mi-bienestar-diario-con-estos-5-bolsos-de-primavera-2025-y-el-tercero-cambio-mi-relacion-con-la-moda","status":"publish","type":"post","link":"https:\/\/www.journee-mondiale.com\/es\/transforme-mi-bienestar-diario-con-estos-5-bolsos-de-primavera-2025-y-el-tercero-cambio-mi-relacion-con-la-moda\/","title":{"rendered":"Transform\u00e9 mi bienestar diario con estos 5 bolsos de primavera 2025 (y el tercero cambi\u00f3 mi relaci\u00f3n con la moda)"},"content":{"rendered":"<p>\u00bfHas notado c\u00f3mo los <strong>accesorios perfectos<\/strong> pueden transformar completamente nuestro bienestar emocional? Esta primavera 2025 he reorganizado mi armario descubriendo que los bolsos con dimensiones ideales no solo complementan mis looks, sino que tambi\u00e9n mejoran mi experiencia diaria. Te comparto esta revelaci\u00f3n que ha cambiado mi relaci\u00f3n con la moda.<\/p>\n<h2>El renacimiento del shopping bag: funcionalidad que eleva tu bienestar<\/h2>\n<p>Los <strong>bolsos shopping bag<\/strong> se han convertido en aliados indispensables para quienes valoramos el equilibrio entre estilo y practicidad. \u00abLos bolsos de 2025 no solo son accesorios funcionales, sino tambi\u00e9n expresiones de identidad y conciencia social,\u00bb explica la Escuela de Artes de Madrid, destacando c\u00f3mo estos dise\u00f1os impactan positivamente en nuestra organizaci\u00f3n diaria.<\/p>\n<p>Estos bolsos ahora se llevan bajo el brazo en lugar de al hombro, proporcionando un aire m\u00e1s sofisticado y reduciendo la tensi\u00f3n en los m\u00fasculos del cuello. Un cambio peque\u00f1o con <strong>grandes beneficios ergon\u00f3micos<\/strong> que no debemos subestimar.<\/p>\n<h2>El poder terap\u00e9utico de los flecos: m\u00e1s que una tendencia boho<\/h2>\n<p>Los dise\u00f1os con flecos han regresado con fuerza, trayendo consigo un efecto casi meditativo. \u00abEl estilo bohemio ha vuelto con fuerza, y los <strong>bolsos con flecos<\/strong> son una opci\u00f3n atrevida y creativa para cualquier look,\u00bb comentan expertos en moda boho, se\u00f1alando c\u00f3mo el movimiento de los flecos puede tener un efecto relajante similar al de una <a href=\"https:\/\/www.journee-mondiale.com\/es\/la-manicura-negative-space-sera-mi-obsesion-de-primavera-4-estilos-minimalistas-que-probe-por-solo-35e-y-el-segundo-me-sorprendio\/\" target=\"_blank\">manicura minimalista<\/a>.<\/p>\n<h2>Doble capacidad: la evoluci\u00f3n que simplifica nuestra vida<\/h2>\n<p>Una de las innovaciones m\u00e1s fascinantes son los <strong>bolsos de doble capacidad<\/strong>. \u00abLos bolsos con doble capacidad son una novedad del 2025, permitiendo llevar dos estilos en uno,\u00bb afirma un experto en tendencias emergentes. Son como peque\u00f1os organizadores personales que reducen el estr\u00e9s de tener que cambiar constantemente de bolso.<\/p>\n<ul>\n<li>Compartimentos inteligentes que separan lo personal de lo profesional<\/li>\n<li>Dise\u00f1os vers\u00e1tiles que se adaptan a diferentes momentos del d\u00eda<\/li>\n<li>Materiales sostenibles que alivian nuestra preocupaci\u00f3n por el planeta<\/li>\n<\/ul>\n<h2>El animal print como ant\u00eddoto contra la monoton\u00eda<\/h2>\n<p>Los estampados de animales siguen siendo una constante renovadora en nuestro armario. \u00abLos <strong>estampados animal print<\/strong> son una opci\u00f3n cl\u00e1sica y siempre elegante, destacados por firmas como Prada,\u00bb se\u00f1alan expertos en moda. Estos patrones act\u00faan como un estimulante visual que eleva nuestro estado de \u00e1nimo, similar al efecto que tienen <a href=\"https:\/\/www.journee-mondiale.com\/es\/probe-estas-fragancias-masculinas-de-primavera-2025-durante-30-dias-y-mi-bienestar-mental-mejoro-un-27-esto-es-lo-que-descubri\/\" target=\"_blank\">las fragancias en nuestro bienestar mental<\/a>.<\/p>\n<h2>Bolsos cargo: funcionalidad que libera la mente<\/h2>\n<p>Los <strong>bolsos deportivos y cargo<\/strong> est\u00e1n transformando nuestra relaci\u00f3n con los accesorios. \u00abSon ideales para un estilo de vida activo, combinando funcionalidad y moda,\u00bb explica una dise\u00f1adora de moda deportiva. Como los <a href=\"https:\/\/www.journee-mondiale.com\/es\/como-los-pantalones-jogger-satinados-mejoraron-mi-bienestar-mental-esta-primavera-y-3-combinaciones-que-transformaron-mi-armario\/\" target=\"_blank\">pantalones jogger satinados<\/a>, estos bolsos nos permiten movernos con libertad sin renunciar al estilo.<\/p>\n<ul>\n<li>M\u00faltiples bolsillos que organizan nuestros essentials<\/li>\n<li>Materiales t\u00e9cnicos resistentes al agua y a las manchas<\/li>\n<li>Dise\u00f1os ergon\u00f3micos que cuidan nuestra postura<\/li>\n<\/ul>\n<h2>Sostenibilidad que tranquiliza nuestra conciencia<\/h2>\n<p>\u00abLa <strong>sostenibilidad<\/strong> se est\u00e1 convirtiendo en una prioridad en el dise\u00f1o de bolsos, ofreciendo alternativas ecoamigables que son tanto estilosas como \u00e9ticas,\u00bb destaca un experto en sostenibilidad. Esta tendencia refleja una evoluci\u00f3n colectiva hacia accesorios que cuidan tanto de nuestra imagen como de nuestro planeta, similar a c\u00f3mo <a href=\"https:\/\/www.journee-mondiale.com\/es\/el-top-wrap-que-redefinio-mi-silueta-a-los-40-sin-importar-mi-tipo-de-cuerpo\/\" target=\"_blank\">las prendas vers\u00e1tiles redefinen nuestra relaci\u00f3n con la moda<\/a>.<\/p>\n<h2>Estructuras r\u00edgidas: el orden externo refleja el interno<\/h2>\n<p>\u00abLa elegancia y la sofisticaci\u00f3n se mantienen con <strong>estructuras r\u00edgidas<\/strong> como los bolsos frame, que fusionan la tradici\u00f3n con la innovaci\u00f3n,\u00bb comentan expertos en moda de lujo. Estos dise\u00f1os aportan orden visual y funcional, como <a href=\"https:\/\/www.journee-mondiale.com\/es\/5-sandalias-que-disimularon-mis-tobillos-anchos-esta-primavera-mi-solucion-para-lucir-elegante-sin-dolor\/\" target=\"_blank\">las sandalias perfectas<\/a> que complementan nuestra silueta.<\/p>\n<p>\u00bfEst\u00e1n nuestros accesorios realmente influyendo en nuestro bienestar? Sin duda. Los bolsos perfectos de esta primavera 2025 no son simples recipientes, sino extensiones de nuestra personalidad que nos ayudan a navegar el d\u00eda con mayor tranquilidad y confianza. Encuentra el tuyo y descubre c\u00f3mo un accesorio bien elegido puede transformar tu experiencia diaria.<\/p>\n","protected":false},"excerpt":{"rendered":"<p>\u00bfHas notado c\u00f3mo los accesorios perfectos pueden transformar completamente nuestro bienestar emocional? Esta primavera 2025 he reorganizado mi armario descubriendo que los bolsos con dimensiones ideales no solo complementan mis looks, sino que tambi\u00e9n mejoran mi experiencia diaria. Te comparto esta revelaci\u00f3n que ha cambiado mi relaci\u00f3n con la moda. El renacimiento del shopping bag: &#8230; <a title=\"Transform\u00e9 mi bienestar diario con estos 5 bolsos de primavera 2025 (y el tercero cambi\u00f3 mi relaci\u00f3n con la moda)\" class=\"read-more\" href=\"https:\/\/www.journee-mondiale.com\/es\/transforme-mi-bienestar-diario-con-estos-5-bolsos-de-primavera-2025-y-el-tercero-cambio-mi-relacion-con-la-moda\/\" aria-label=\"Leer m\u00e1s sobre Transform\u00e9 mi bienestar diario con estos 5 bolsos de primavera 2025 (y el tercero cambi\u00f3 mi relaci\u00f3n con la moda)\">Lire plus<\/a><\/p>\n","protected":false},"author":1,"featured_media":12696,"comment_status":"","ping_status":"","sticky":false,"template":"","format":"standard","meta":{"footnotes":""},"categories":[48],"tags":[],"class_list":["post-12697","post","type-post","status-publish","format-standard","has-post-thumbnail","hentry","category-estilo-de-vida"],"acf":[],"_yoast_wpseo_primary_category":null,"_yoast_wpseo_title":null,"_yoast_wpseo_metadesc":null,"_links":{"self":[{"href":"https:\/\/www.journee-mondiale.com\/es\/wp-json\/wp\/v2\/posts\/12697","targetHints":{"allow":["GET"]}}],"collection":[{"href":"https:\/\/www.journee-mondiale.com\/es\/wp-json\/wp\/v2\/posts"}],"about":[{"href":"https:\/\/www.journee-mondiale.com\/es\/wp-json\/wp\/v2\/types\/post"}],"author":[{"embeddable":true,"href":"https:\/\/www.journee-mondiale.com\/es\/wp-json\/wp\/v2\/users\/1"}],"replies":[{"embeddable":true,"href":"https:\/\/www.journee-mondiale.com\/es\/wp-json\/wp\/v2\/comments?post=12697"}],"version-history":[{"count":0,"href":"https:\/\/www.journee-mondiale.com\/es\/wp-json\/wp\/v2\/posts\/12697\/revisions"}],"wp:featuredmedia":[{"embeddable":true,"href":"https:\/\/www.journee-mondiale.com\/es\/wp-json\/wp\/v2\/media\/12696"}],"wp:attachment":[{"href":"https:\/\/www.journee-mondiale.com\/es\/wp-json\/wp\/v2\/media?parent=12697"}],"wp:term":[{"taxonomy":"category","embeddable":true,"href":"https:\/\/www.journee-mondiale.com\/es\/wp-json\/wp\/v2\/categories?post=12697"},{"taxonomy":"post_tag","embeddable":true,"href":"https:\/\/www.journee-mondiale.com\/es\/wp-json\/wp\/v2\/tags?post=12697"}],"curies":[{"name":"wp","href":"https:\/\/api.w.org\/{rel}","templated":true}]}}