{"id":12683,"date":"2025-04-06T18:59:50","date_gmt":"2025-04-06T16:59:50","guid":{"rendered":"https:\/\/www.journee-mondiale.com\/es\/el-corte-pixie-que-requiere-25-dias-entre-retoques-esta-transformando-a-1-403-mujeres-espanolas-esta-primavera-la-razon-es-sorprendente\/"},"modified":"2025-04-06T18:59:50","modified_gmt":"2025-04-06T16:59:50","slug":"el-corte-pixie-que-requiere-25-dias-entre-retoques-esta-transformando-a-1-403-mujeres-espanolas-esta-primavera-la-razon-es-sorprendente","status":"publish","type":"post","link":"https:\/\/www.journee-mondiale.com\/es\/el-corte-pixie-que-requiere-25-dias-entre-retoques-esta-transformando-a-1-403-mujeres-espanolas-esta-primavera-la-razon-es-sorprendente\/","title":{"rendered":"El corte pixie que requiere 25 d\u00edas entre retoques est\u00e1 transformando a 1.403 mujeres espa\u00f1olas esta primavera (la raz\u00f3n es sorprendente)"},"content":{"rendered":"<p>\u00bfLista para reinventar tu imagen esta primavera? El <strong>corte pixie moderno<\/strong> ha evolucionado desde sus or\u00edgenes en los a\u00f1os 50 hasta convertirse en el gran protagonista de la temporada primavera 2025. Este estilo atrevido y vers\u00e1til no solo es tendencia, sino que tambi\u00e9n ofrece esa liberaci\u00f3n que todas buscamos cuando el calor comienza a asomarse en nuestras vidas.<\/p>\n<h2>La revoluci\u00f3n del pixie: mucho m\u00e1s que un corte corto<\/h2>\n<p>El pixie actual ha dejado atr\u00e1s la imagen tradicional para transformarse en un lienzo de expresi\u00f3n personal. Como dice <strong>Marta S\u00e1nchez<\/strong>, directora creativa de Corta Cabello Madrid: \u00abEl pixie de 2025 es como un traje a medida para tu rostro. Ya no hablamos de un corte est\u00e1ndar, sino de una pieza art\u00edstica personalizada que realza tu belleza natural\u00bb.<\/p>\n<p>Lo fascinante es c\u00f3mo este estilo ha pasado de ser simplemente \u00abpr\u00e1ctico\u00bb a convertirse en sin\u00f3nimo de <strong>sofisticaci\u00f3n y valent\u00eda<\/strong>. Si est\u00e1s considerando probar <a href=\"https:\/\/www.journee-mondiale.com\/es\/este-corte-pixie-requiere-retoques-cada-25-dias-el-secreto-crucial-que-cambia-todo-para-primavera-2025\/\" target=\"_blank\">este ic\u00f3nico corte que requiere retoques cada 25 d\u00edas<\/a>, esta es tu se\u00f1al para dar el paso.<\/p>\n<h2>Variaciones que est\u00e1n arrasando esta primavera<\/h2>\n<p>El pixie no es un territorio \u00fanico, sino un universo de posibilidades. Estas son las versiones que est\u00e1n definiendo la temporada:<\/p>\n<ul>\n<li><strong>Pixie texturizado<\/strong> &#8211; Con capas desiguales que aportan movimiento y dimensi\u00f3n<\/li>\n<li><strong>Pixie asim\u00e9trico<\/strong> &#8211; M\u00e1s largo en un lado para jugar con la geometr\u00eda facial<\/li>\n<li><strong>Pixie con flequillo XL<\/strong> &#8211; Para quienes buscan versatilidad y un toque de misterio<\/li>\n<\/ul>\n<p>La versi\u00f3n m\u00e1s revolucionaria es sin duda <a href=\"https:\/\/www.journee-mondiale.com\/es\/el-pixie-con-fleco-en-arco-que-transformo-1-403-mujeres-espanolas-el-secreto-de-25-dias-que-revoluciona-la-primavera-2025\/\" target=\"_blank\">el pixie con fleco en arco que ha transformado a 1.403 mujeres espa\u00f1olas<\/a> este a\u00f1o, creando un efecto lifting instant\u00e1neo.<\/p>\n<h2>El secreto de un pixie bien ejecutado<\/h2>\n<p>Un pixie es como un buen vino &#8211; necesita <strong>maestr\u00eda en su elaboraci\u00f3n<\/strong>. La diferencia entre un corte corriente y uno extraordinario est\u00e1 en los detalles. \u00abLa magia ocurre en los \u00faltimos cinco minutos del corte, cuando personalizamos cada mil\u00edmetro a la estructura \u00f3sea \u00fanica del cliente\u00bb, comparte <strong>Carlos Ruiz<\/strong>, estilista internacional.<\/p>\n<blockquote><p>Cuando una mujer se atreve con un pixie bien ejecutado, no solo cambia su pelo, cambia su energ\u00eda. He visto transformaciones completas de personalidad en mi sill\u00f3n de peluquer\u00eda.<\/p><\/blockquote>\n<h2>\u00bfC\u00f3mo saber si el pixie es para ti?<\/h2>\n<p>El pixie moderno tiene esa rara cualidad de adaptarse a cualquier rostro cuando se personaliza adecuadamente. Mi experiencia personal lo confirma: despu\u00e9s de a\u00f1os recomendando <a href=\"https:\/\/www.journee-mondiale.com\/es\/los-5-cortes-de-pelo-que-rejuvenecen-despues-de-los-40-probe-el-bob-en-capas-y-me-quito-5-anos-de-encima\/\" target=\"_blank\">cortes rejuvenecedores como el bob en capas<\/a>, el pixie sigue siendo el que m\u00e1s impacto visual genera.<\/p>\n<p>El pixie es como un <strong>lienzo en blanco cada ma\u00f1ana<\/strong> &#8211; ofrece infinitas posibilidades de estilismo con m\u00ednimo esfuerzo. Para rostros redondos, un pixie con altura superior estiliza. Para rostros alargados, un flequillo lateral crea balance perfecto.<\/p>\n<h2>Cuidados esenciales para mantener tu pixie impecable<\/h2>\n<p>Mantener un pixie moderno requiere dedicaci\u00f3n estrat\u00e9gica:<\/p>\n<ul>\n<li>Programar <strong>retoques regulares<\/strong> cada 3-4 semanas<\/li>\n<li>Utilizar productos texturizantes de calidad que definan sin apelmazar<\/li>\n<li>Invertir en un secador con difusor para moldear r\u00e1pidamente cada ma\u00f1ana<\/li>\n<\/ul>\n<h2>\u00bfBuscas alternativas antes de dar el gran paso?<\/h2>\n<p>Si a\u00fan no est\u00e1s lista para el cambio radical, considera opciones intermedias como <a href=\"https:\/\/www.journee-mondiale.com\/es\/la-melena-escalada-que-devuelve-5-anos-de-juventud-el-efecto-lifting-que-todas-buscan-en-primavera-2025\/\" target=\"_blank\">la melena escalada con efecto lifting<\/a> o experimenta con <a href=\"https:\/\/www.journee-mondiale.com\/es\/el-flequillo-que-cambio-mi-bob-frances-probe-3-estilos-y-uno-rejuvenecio-mi-rostro-en-segundos\/\" target=\"_blank\">diferentes estilos de flequillo<\/a> que pueden transformar completamente tu imagen.<\/p>\n<p>El pixie moderno no es solo un corte, es una <strong>declaraci\u00f3n de intenciones<\/strong>. Como las mariposas tras su metamorfosis, las mujeres que se atreven con este estilo emergen renovadas, con una confianza que ilumina todo a su paso. \u00bfTe atreves a experimentar esta transformaci\u00f3n esta primavera?<\/p>\n","protected":false},"excerpt":{"rendered":"<p>\u00bfLista para reinventar tu imagen esta primavera? El corte pixie moderno ha evolucionado desde sus or\u00edgenes en los a\u00f1os 50 hasta convertirse en el gran protagonista de la temporada primavera 2025. Este estilo atrevido y vers\u00e1til no solo es tendencia, sino que tambi\u00e9n ofrece esa liberaci\u00f3n que todas buscamos cuando el calor comienza a asomarse &#8230; <a title=\"El corte pixie que requiere 25 d\u00edas entre retoques est\u00e1 transformando a 1.403 mujeres espa\u00f1olas esta primavera (la raz\u00f3n es sorprendente)\" class=\"read-more\" href=\"https:\/\/www.journee-mondiale.com\/es\/el-corte-pixie-que-requiere-25-dias-entre-retoques-esta-transformando-a-1-403-mujeres-espanolas-esta-primavera-la-razon-es-sorprendente\/\" aria-label=\"Leer m\u00e1s sobre El corte pixie que requiere 25 d\u00edas entre retoques est\u00e1 transformando a 1.403 mujeres espa\u00f1olas esta primavera (la raz\u00f3n es sorprendente)\">Lire plus<\/a><\/p>\n","protected":false},"author":1,"featured_media":12682,"comment_status":"","ping_status":"","sticky":false,"template":"","format":"standard","meta":{"footnotes":""},"categories":[48],"tags":[],"class_list":["post-12683","post","type-post","status-publish","format-standard","has-post-thumbnail","hentry","category-estilo-de-vida"],"acf":[],"_yoast_wpseo_primary_category":null,"_yoast_wpseo_title":null,"_yoast_wpseo_metadesc":null,"_links":{"self":[{"href":"https:\/\/www.journee-mondiale.com\/es\/wp-json\/wp\/v2\/posts\/12683","targetHints":{"allow":["GET"]}}],"collection":[{"href":"https:\/\/www.journee-mondiale.com\/es\/wp-json\/wp\/v2\/posts"}],"about":[{"href":"https:\/\/www.journee-mondiale.com\/es\/wp-json\/wp\/v2\/types\/post"}],"author":[{"embeddable":true,"href":"https:\/\/www.journee-mondiale.com\/es\/wp-json\/wp\/v2\/users\/1"}],"replies":[{"embeddable":true,"href":"https:\/\/www.journee-mondiale.com\/es\/wp-json\/wp\/v2\/comments?post=12683"}],"version-history":[{"count":0,"href":"https:\/\/www.journee-mondiale.com\/es\/wp-json\/wp\/v2\/posts\/12683\/revisions"}],"wp:featuredmedia":[{"embeddable":true,"href":"https:\/\/www.journee-mondiale.com\/es\/wp-json\/wp\/v2\/media\/12682"}],"wp:attachment":[{"href":"https:\/\/www.journee-mondiale.com\/es\/wp-json\/wp\/v2\/media?parent=12683"}],"wp:term":[{"taxonomy":"category","embeddable":true,"href":"https:\/\/www.journee-mondiale.com\/es\/wp-json\/wp\/v2\/categories?post=12683"},{"taxonomy":"post_tag","embeddable":true,"href":"https:\/\/www.journee-mondiale.com\/es\/wp-json\/wp\/v2\/tags?post=12683"}],"curies":[{"name":"wp","href":"https:\/\/api.w.org\/{rel}","templated":true}]}}