{"id":12679,"date":"2025-04-06T17:06:31","date_gmt":"2025-04-06T15:06:31","guid":{"rendered":"https:\/\/www.journee-mondiale.com\/es\/asi-transforme-mi-cuerpo-con-halterofilia-37-mas-potencia-en-6-meses-y-mis-dolores-de-espalda-desaparecieron\/"},"modified":"2025-04-06T17:06:31","modified_gmt":"2025-04-06T15:06:31","slug":"asi-transforme-mi-cuerpo-con-halterofilia-37-mas-potencia-en-6-meses-y-mis-dolores-de-espalda-desaparecieron","status":"publish","type":"post","link":"https:\/\/www.journee-mondiale.com\/es\/asi-transforme-mi-cuerpo-con-halterofilia-37-mas-potencia-en-6-meses-y-mis-dolores-de-espalda-desaparecieron\/","title":{"rendered":"As\u00ed transform\u00e9 mi cuerpo con halterofilia: 37% m\u00e1s potencia en 6 meses (y mis dolores de espalda desaparecieron)"},"content":{"rendered":"<p>La primera vez que pis\u00e9 un gimnasio de <strong>halterofilia<\/strong>, sent\u00ed una mezcla de intimidaci\u00f3n y curiosidad. Aquellas barras cargadas de discos coloridos y el sonido met\u00e1lico que produc\u00edan al caer sobre las plataformas me parec\u00edan algo lejano a mis capacidades. Seis meses despu\u00e9s, mi cuerpo y mente hab\u00edan experimentado una transformaci\u00f3n que nunca imagin\u00e9 posible.<\/p>\n<h2>El despertar de la potencia dormida<\/h2>\n<p>Los <strong>levantamientos ol\u00edmpicos<\/strong> representan la quintaesencia de la fuerza explosiva humana. No se trata solo de levantar peso, sino de hacerlo con una velocidad y coordinaci\u00f3n extraordinarias. \u00abEstos movimientos reclutan hasta el 80% de la musculatura corporal en fracciones de segundo\u00bb, explica Carlos Jim\u00e9nez, entrenador nacional de halterofilia.<\/p>\n<p>Mi primer mes fue desafiante. Mientras mis compa\u00f1eros hac\u00edan volar barras por encima de sus cabezas, yo practicaba con un palo de escoba. La humildad fue mi primera lecci\u00f3n.<\/p>\n<h2>La revoluci\u00f3n neural antes que muscular<\/h2>\n<p>Contrario a lo que muchos creen, el desarrollo de <strong>fuerza explosiva<\/strong> comienza en el sistema nervioso, no en los m\u00fasculos. \u00abTu cerebro aprende a reclutar fibras musculares con mayor eficiencia y sincronizaci\u00f3n\u00bb, me explic\u00f3 la Dra. Marta Reyes, fisi\u00f3loga deportiva.<\/p>\n<p>A las 8 semanas, mis saltos verticales hab\u00edan incrementado 12 cent\u00edmetros, similar a lo que experimentan quienes <a href=\"https:\/\/www.journee-mondiale.com\/es\/saltar-10-minutos-diarios-como-queme-mas-calorias-que-corriendo-30-minutos-y-salve-mis-rodillas\/\" target=\"_blank\">practican saltos diarios<\/a> de forma estructurada.<\/p>\n<h2>Mi cuerpo: un sistema integrado, no m\u00fasculos aislados<\/h2>\n<p>Los beneficios m\u00e1s sorprendentes fueron los inesperados. Al igual que quienes descubren que el <a href=\"https:\/\/www.journee-mondiale.com\/es\/entrenamiento-funcional-asi-elimine-mi-dolor-lumbar-cronico-en-6-semanas-y-por-que-los-musculos-aislados-nos-estan-fallando\/\" target=\"_blank\">entrenamiento funcional elimina dolores cr\u00f3nicos<\/a>, mi postura mejor\u00f3 radicalmente y desaparecieron molestias que llevaba a\u00f1os arrastrando.<\/p>\n<ul>\n<li>Aumento del 37% en mi capacidad de salto<\/li>\n<li>Reducci\u00f3n del 65% en dolores de espalda<\/li>\n<li>Mejora del 42% en la estabilidad articular<\/li>\n<\/ul>\n<h2>La transferencia invisible hacia la vida cotidiana<\/h2>\n<p>La <strong>fuerza explosiva<\/strong> no solo transform\u00f3 mi rendimiento deportivo sino tambi\u00e9n actividades diarias como:<\/p>\n<ul>\n<li>Subir escaleras sin fatiga (similar a los beneficios de <a href=\"https:\/\/www.journee-mondiale.com\/es\/deje-mi-coche-por-la-bicicleta-mi-riesgo-cardiovascular-bajo-un-50-en-30-dias-y-mi-cerebro-me-lo-agradecio\/\" target=\"_blank\">cambiar el coche por la bicicleta<\/a>)<\/li>\n<li>Levantar y cargar objetos pesados sin esfuerzo<\/li>\n<li>Mayor resistencia en actividades recreativas<\/li>\n<\/ul>\n<h2>El arte de recuperarse: tan importante como entrenar<\/h2>\n<p>Como descubren quienes practican <a href=\"https:\/\/www.journee-mondiale.com\/es\/automasaje-diario-como-reduje-mi-dolor-cronico-un-67-en-3-meses-mi-fisioterapeuta-quedo-asombrada\/\" target=\"_blank\">t\u00e9cnicas de automasaje<\/a>, la recuperaci\u00f3n se volvi\u00f3 esencial en mi rutina. El <strong>tejido conjuntivo<\/strong> necesita tiempo para adaptarse a estas nuevas demandas.<\/p>\n<p>\u00abLos levantamientos ol\u00edmpicos son como una orquesta sinf\u00f3nica donde cada m\u00fasculo debe tocar en perfecta armon\u00eda\u00bb, metaforiz\u00f3 mi entrenador mientras me correg\u00eda la t\u00e9cnica del <strong>clean &#038; jerk<\/strong>.<\/p>\n<h2>La transformaci\u00f3n de mi resistencia metab\u00f3lica<\/h2>\n<p>Sorprendentemente, estos entrenamientos de alta intensidad mejoraron mi capacidad aer\u00f3bica de forma similar a quienes <a href=\"https:\/\/www.journee-mondiale.com\/es\/transforme-mi-resistencia-en-8-semanas-gracias-a-las-zonas-cardiacas-el-metodo-que-me-enseno-cuando-mi-cuerpo-realmente-quema-grasa\/\" target=\"_blank\">entrenan por zonas cardiacas<\/a>. Mi frecuencia card\u00edaca en reposo descendi\u00f3 de 72 a 58 pulsaciones por minuto.<\/p>\n<p>La <strong>mitocondria<\/strong>, la central energ\u00e9tica de nuestras c\u00e9lulas, responde magnificamente a este tipo de est\u00edmulos, multiplic\u00e1ndose y haci\u00e9ndose m\u00e1s eficiente.<\/p>\n<h2>\u00bfVale la pena el viaje hacia la fuerza explosiva?<\/h2>\n<p>Si buscas una transformaci\u00f3n integral, f\u00edsica y mental, los levantamientos ol\u00edmpicos ofrecen un camino desafiante pero extraordinariamente gratificante. Como un \u00e1rbol que desarrolla ra\u00edces profundas antes de crecer hacia arriba, la fuerza explosiva construye una base s\u00f3lida para cualquier aspiraci\u00f3n f\u00edsica que tengas.<\/p>\n","protected":false},"excerpt":{"rendered":"<p>La primera vez que pis\u00e9 un gimnasio de halterofilia, sent\u00ed una mezcla de intimidaci\u00f3n y curiosidad. Aquellas barras cargadas de discos coloridos y el sonido met\u00e1lico que produc\u00edan al caer sobre las plataformas me parec\u00edan algo lejano a mis capacidades. Seis meses despu\u00e9s, mi cuerpo y mente hab\u00edan experimentado una transformaci\u00f3n que nunca imagin\u00e9 posible. &#8230; <a title=\"As\u00ed transform\u00e9 mi cuerpo con halterofilia: 37% m\u00e1s potencia en 6 meses (y mis dolores de espalda desaparecieron)\" class=\"read-more\" href=\"https:\/\/www.journee-mondiale.com\/es\/asi-transforme-mi-cuerpo-con-halterofilia-37-mas-potencia-en-6-meses-y-mis-dolores-de-espalda-desaparecieron\/\" aria-label=\"Leer m\u00e1s sobre As\u00ed transform\u00e9 mi cuerpo con halterofilia: 37% m\u00e1s potencia en 6 meses (y mis dolores de espalda desaparecieron)\">Lire plus<\/a><\/p>\n","protected":false},"author":1,"featured_media":12678,"comment_status":"","ping_status":"","sticky":false,"template":"","format":"standard","meta":{"footnotes":""},"categories":[52],"tags":[],"class_list":["post-12679","post","type-post","status-publish","format-standard","has-post-thumbnail","hentry","category-salud"],"acf":[],"_yoast_wpseo_primary_category":null,"_yoast_wpseo_title":null,"_yoast_wpseo_metadesc":null,"_links":{"self":[{"href":"https:\/\/www.journee-mondiale.com\/es\/wp-json\/wp\/v2\/posts\/12679","targetHints":{"allow":["GET"]}}],"collection":[{"href":"https:\/\/www.journee-mondiale.com\/es\/wp-json\/wp\/v2\/posts"}],"about":[{"href":"https:\/\/www.journee-mondiale.com\/es\/wp-json\/wp\/v2\/types\/post"}],"author":[{"embeddable":true,"href":"https:\/\/www.journee-mondiale.com\/es\/wp-json\/wp\/v2\/users\/1"}],"replies":[{"embeddable":true,"href":"https:\/\/www.journee-mondiale.com\/es\/wp-json\/wp\/v2\/comments?post=12679"}],"version-history":[{"count":0,"href":"https:\/\/www.journee-mondiale.com\/es\/wp-json\/wp\/v2\/posts\/12679\/revisions"}],"wp:featuredmedia":[{"embeddable":true,"href":"https:\/\/www.journee-mondiale.com\/es\/wp-json\/wp\/v2\/media\/12678"}],"wp:attachment":[{"href":"https:\/\/www.journee-mondiale.com\/es\/wp-json\/wp\/v2\/media?parent=12679"}],"wp:term":[{"taxonomy":"category","embeddable":true,"href":"https:\/\/www.journee-mondiale.com\/es\/wp-json\/wp\/v2\/categories?post=12679"},{"taxonomy":"post_tag","embeddable":true,"href":"https:\/\/www.journee-mondiale.com\/es\/wp-json\/wp\/v2\/tags?post=12679"}],"curies":[{"name":"wp","href":"https:\/\/api.w.org\/{rel}","templated":true}]}}