{"id":12675,"date":"2025-04-06T13:05:54","date_gmt":"2025-04-06T11:05:54","guid":{"rendered":"https:\/\/www.journee-mondiale.com\/es\/probe-este-tinte-de-cejas-casero-y-olvide-mi-maquillaje-durante-28-dias-el-secreto-de-la-mirada-rejuvenecida-esta-primavera\/"},"modified":"2025-04-06T13:05:54","modified_gmt":"2025-04-06T11:05:54","slug":"probe-este-tinte-de-cejas-casero-y-olvide-mi-maquillaje-durante-28-dias-el-secreto-de-la-mirada-rejuvenecida-esta-primavera","status":"publish","type":"post","link":"https:\/\/www.journee-mondiale.com\/es\/probe-este-tinte-de-cejas-casero-y-olvide-mi-maquillaje-durante-28-dias-el-secreto-de-la-mirada-rejuvenecida-esta-primavera\/","title":{"rendered":"Prob\u00e9 este tinte de cejas casero y olvid\u00e9 mi maquillaje durante 28 d\u00edas (el secreto de la mirada rejuvenecida esta primavera)"},"content":{"rendered":"<p>La <strong>primavera 2025<\/strong> ha llegado y con ella, el deseo de renovar nuestra imagen sin complicaciones diarias. \u00bfTe imaginas despertar cada ma\u00f1ana con unas cejas perfectamente definidas sin necesidad de maquillaje? El te\u00f1ido de cejas casero se ha convertido en el aliado perfecto para quienes buscan realzar su mirada de forma duradera y natural.<\/p>\n<h2>La revoluci\u00f3n de las cejas definidas: tendencias primavera 2025<\/h2>\n<p>Este a\u00f1o, las <strong>cejas naturales pero definidas<\/strong> dominan las tendencias de belleza. \u00abHuimos de las cejas sobre depiladas o muy perfiladas. Se llevan ligeramente imperfectas pero equilibradas con el rostro\u00bb, afirma Valentina Troni, experta en dise\u00f1o de cejas. Esta tendencia armoniza perfectamente con los <a href=\"https:\/\/www.journee-mondiale.com\/es\/los-peinados-retro-que-rejuvenecen-probe-3-estilos-y-uno-alargo-mi-cuello-2-cm\/\" target=\"_blank\">peinados retro que est\u00e1n rejuveneciendo rostros<\/a> esta temporada.<\/p>\n<h2>\u00bfPor qu\u00e9 el tinte casero se ha vuelto imprescindible?<\/h2>\n<p>El te\u00f1ido de cejas en casa ofrece una soluci\u00f3n duradera para quienes buscan optimizar su rutina matutina. La <strong>Dra. Laura Bermejo<\/strong>, dermat\u00f3loga especializada en est\u00e9tica facial, explica: \u00abUn buen tinte de cejas puede durar hasta cuatro semanas, eliminando la necesidad de retoques diarios y proporcionando un marco natural para el rostro\u00bb.<\/p>\n<h2>El efecto rejuvenecedor de unas cejas bien definidas<\/h2>\n<p>As\u00ed como <a href=\"https:\/\/www.journee-mondiale.com\/es\/la-melena-escalada-que-devuelve-5-anos-de-juventud-el-efecto-lifting-que-todas-buscan-en-primavera-2025\/\" target=\"_blank\">la melena escalada devuelve a\u00f1os de juventud<\/a>, unas cejas bien te\u00f1idas pueden transformar completamente nuestra apariencia. \u00abLas cejas son como el marco de un cuadro para nuestros ojos, definen la expresi\u00f3n y pueden rejuvenecer instant\u00e1neamente\u00bb, se\u00f1ala Mar P\u00e9rez, maquilladora profesional.<\/p>\n<h2>Gu\u00eda pr\u00e1ctica: c\u00f3mo te\u00f1ir tus cejas en casa<\/h2>\n<p>Para un <strong>te\u00f1ido casero perfecto<\/strong>, sigue estos consejos de expertos:<\/p>\n<ul>\n<li>Elige un tono natural que sea uno o dos tonos m\u00e1s oscuro que tu cabello<\/li>\n<li>Aplica vaselina alrededor de las cejas para evitar manchas<\/li>\n<li>Utiliza un cepillo angular para aplicar el producto con precisi\u00f3n<\/li>\n<li>Respeta estrictamente los tiempos indicados en el producto<\/li>\n<\/ul>\n<h2>Las t\u00e9cnicas que est\u00e1n revolucionando el mundo de las cejas<\/h2>\n<p>La <strong>t\u00e9cnica de laminado<\/strong> est\u00e1 ganando popularidad esta primavera. M\u00f3nica Ar\u00e1nguez, especialista en cejas, comenta: \u00abEl laminado consigue resultados impecables, disciplinando y estructurando los vellos, potenciando la forma natural de la ceja\u00bb. Esta t\u00e9cnica complementa perfectamente <a href=\"https:\/\/www.journee-mondiale.com\/es\/el-flequillo-que-cambio-mi-bob-frances-probe-3-estilos-y-uno-rejuvenecio-mi-rostro-en-segundos\/\" target=\"_blank\">los flequillos que rejuvenecen el rostro<\/a> en segundos.<\/p>\n<h2>Productos recomendados para principiantes<\/h2>\n<p>Para quienes se inician en el mundo del te\u00f1ido casero, estos productos son ideales:<\/p>\n<ul>\n<li>Tintes Schwarzkopf: ofrecen variedad de tonos y duraci\u00f3n de hasta 4 semanas<\/li>\n<li>Onlyoily: sus l\u00e1pices con punta de horquilla facilitan aplicaciones precisas<\/li>\n<li>NYX Professional Makeup: opciones asequibles con resultados profesionales<\/li>\n<\/ul>\n<h2>El efecto glow: la tendencia que ilumina tu mirada<\/h2>\n<p>Adem\u00e1s del tinte, el <strong>efecto glow en cejas<\/strong> est\u00e1 causando sensaci\u00f3n. \u00abUtilizamos ceras que dan un efecto satinado. Peinamos hacia arriba para buscar el efecto lifting sin puntas abiertas\u00bb, explica la fundadora de Belleza Bienestar. Este efecto realza la mirada como lo har\u00eda <a href=\"https:\/\/www.journee-mondiale.com\/es\/los-5-cortes-de-pelo-que-rejuvenecen-despues-de-los-40-probe-el-bob-en-capas-y-me-quito-5-anos-de-encima\/\" target=\"_blank\">un bob en capas bien ejecutado<\/a>.<\/p>\n<h2>Alternativas naturales que puedes intentar<\/h2>\n<p>Si prefieres opciones m\u00e1s naturales, Savannah St. Jean recomienda: \u00abMezcla caf\u00e9 finamente molido con miel o aceite para crear un <strong>tinte natural temporal<\/strong>. Aunque no tan efectivo como otros m\u00e9todos, hidrata las cejas mientras aporta color\u00bb. Esta opci\u00f3n es ideal para quienes buscan un cambio sutil, similar al <a href=\"https:\/\/www.journee-mondiale.com\/es\/el-bob-frances-elevado-que-alarga-2-cm-visualmente-el-cuello-el-secreto-parisino-que-transforma-siluetas-esta-primavera\/\" target=\"_blank\">efecto transformador del bob franc\u00e9s<\/a>.<\/p>\n<h2>\u00bfVale la pena incorporar el te\u00f1ido de cejas a tu rutina?<\/h2>\n<p>Despertar cada ma\u00f1ana con unas cejas perfectamente definidas no solo ahorra tiempo, sino que eleva la confianza. Como un marco que realza la belleza natural de tus ojos, unas cejas bien te\u00f1idas son como ese accesorio que completa el conjunto perfecto: sutil pero transformador, natural pero impactante.<\/p>\n","protected":false},"excerpt":{"rendered":"<p>La primavera 2025 ha llegado y con ella, el deseo de renovar nuestra imagen sin complicaciones diarias. \u00bfTe imaginas despertar cada ma\u00f1ana con unas cejas perfectamente definidas sin necesidad de maquillaje? El te\u00f1ido de cejas casero se ha convertido en el aliado perfecto para quienes buscan realzar su mirada de forma duradera y natural. La &#8230; <a title=\"Prob\u00e9 este tinte de cejas casero y olvid\u00e9 mi maquillaje durante 28 d\u00edas (el secreto de la mirada rejuvenecida esta primavera)\" class=\"read-more\" href=\"https:\/\/www.journee-mondiale.com\/es\/probe-este-tinte-de-cejas-casero-y-olvide-mi-maquillaje-durante-28-dias-el-secreto-de-la-mirada-rejuvenecida-esta-primavera\/\" aria-label=\"Leer m\u00e1s sobre Prob\u00e9 este tinte de cejas casero y olvid\u00e9 mi maquillaje durante 28 d\u00edas (el secreto de la mirada rejuvenecida esta primavera)\">Lire plus<\/a><\/p>\n","protected":false},"author":1,"featured_media":12674,"comment_status":"","ping_status":"","sticky":false,"template":"","format":"standard","meta":{"footnotes":""},"categories":[48],"tags":[],"class_list":["post-12675","post","type-post","status-publish","format-standard","has-post-thumbnail","hentry","category-estilo-de-vida"],"acf":[],"_yoast_wpseo_primary_category":null,"_yoast_wpseo_title":null,"_yoast_wpseo_metadesc":null,"_links":{"self":[{"href":"https:\/\/www.journee-mondiale.com\/es\/wp-json\/wp\/v2\/posts\/12675","targetHints":{"allow":["GET"]}}],"collection":[{"href":"https:\/\/www.journee-mondiale.com\/es\/wp-json\/wp\/v2\/posts"}],"about":[{"href":"https:\/\/www.journee-mondiale.com\/es\/wp-json\/wp\/v2\/types\/post"}],"author":[{"embeddable":true,"href":"https:\/\/www.journee-mondiale.com\/es\/wp-json\/wp\/v2\/users\/1"}],"replies":[{"embeddable":true,"href":"https:\/\/www.journee-mondiale.com\/es\/wp-json\/wp\/v2\/comments?post=12675"}],"version-history":[{"count":0,"href":"https:\/\/www.journee-mondiale.com\/es\/wp-json\/wp\/v2\/posts\/12675\/revisions"}],"wp:featuredmedia":[{"embeddable":true,"href":"https:\/\/www.journee-mondiale.com\/es\/wp-json\/wp\/v2\/media\/12674"}],"wp:attachment":[{"href":"https:\/\/www.journee-mondiale.com\/es\/wp-json\/wp\/v2\/media?parent=12675"}],"wp:term":[{"taxonomy":"category","embeddable":true,"href":"https:\/\/www.journee-mondiale.com\/es\/wp-json\/wp\/v2\/categories?post=12675"},{"taxonomy":"post_tag","embeddable":true,"href":"https:\/\/www.journee-mondiale.com\/es\/wp-json\/wp\/v2\/tags?post=12675"}],"curies":[{"name":"wp","href":"https:\/\/api.w.org\/{rel}","templated":true}]}}