{"id":12669,"date":"2025-04-06T09:06:07","date_gmt":"2025-04-06T07:06:07","guid":{"rendered":"https:\/\/www.journee-mondiale.com\/es\/el-bob-corto-pulido-que-me-dio-15-minutos-extra-cada-manana-y-por-que-las-ejecutivas-lo-adoptan-esta-primavera\/"},"modified":"2025-04-06T09:06:07","modified_gmt":"2025-04-06T07:06:07","slug":"el-bob-corto-pulido-que-me-dio-15-minutos-extra-cada-manana-y-por-que-las-ejecutivas-lo-adoptan-esta-primavera","status":"publish","type":"post","link":"https:\/\/www.journee-mondiale.com\/es\/el-bob-corto-pulido-que-me-dio-15-minutos-extra-cada-manana-y-por-que-las-ejecutivas-lo-adoptan-esta-primavera\/","title":{"rendered":"El bob corto pulido que me dio 15 minutos extra cada ma\u00f1ana (y por qu\u00e9 las ejecutivas lo adoptan esta primavera)"},"content":{"rendered":"<p>Descubre c\u00f3mo el <strong>bob corto pulido<\/strong> se est\u00e1 convirtiendo en el aliado perfecto para las mujeres profesionales esta primavera de 2025. Una tendencia que combina sofisticaci\u00f3n y practicidad, este peinado est\u00e1 revolucionando las oficinas con sus l\u00edneas limpias y un texturizado sutil que proyecta esa presencia impecable que toda profesional busca.<\/p>\n<h2>La revoluci\u00f3n del bob corto en el entorno profesional<\/h2>\n<p>La temporada primaveral de 2025 nos trae un renovado inter\u00e9s por los <strong>cortes pr\u00e1cticos y elegantes<\/strong>. El bob corto pulido ha evolucionado como un faro de estilo para mujeres que buscan proyectar autoridad sin sacrificar feminidad.<\/p>\n<p>\u00abEste corte es como un traje a medida para tu rostro\u00bb, explica <strong>Luc\u00eda Mendoza<\/strong>, directora creativa de Tendencias Capilares Madrid. \u00abLas l\u00edneas limpias enmarcan perfectamente las facciones, mientras que el texturizado sutil aporta ese movimiento controlado que permite mantener la formalidad incluso en los d\u00edas m\u00e1s ajetreados\u00bb.<\/p>\n<h2>\u00bfPor qu\u00e9 est\u00e1 triunfando en las oficinas esta primavera?<\/h2>\n<p>El <strong>bob corto pulido<\/strong> funciona como un accesorio m\u00e1s del guardarropa profesional, pero con beneficios adicionales:<\/p>\n<ul>\n<li>Reduce el tiempo de preparaci\u00f3n matutina hasta en 15 minutos<\/li>\n<li>Se mantiene impecable durante jornadas laborales extendidas<\/li>\n<li>Transmite una imagen de precisi\u00f3n y atenci\u00f3n al detalle<\/li>\n<\/ul>\n<p>Este estilo es como una <strong>tarjeta de presentaci\u00f3n silenciosa<\/strong> que comunica eficiencia antes incluso de hablar. La precisi\u00f3n de sus l\u00edneas refleja una mente ordenada y decidida.<\/p>\n<h2>Variantes del bob que est\u00e1n marcando tendencia<\/h2>\n<p>No todas las profesionales buscan el mismo tipo de impacto. Por eso, la versatilidad del bob corto ofrece distintas variantes:<\/p>\n<p>El <a href=\"https:\/\/www.journee-mondiale.com\/es\/este-bob-con-capas-suaves-rejuvenece-5-anos-el-rostro-sin-sacrificar-volumen\/\" target=\"_blank\">bob con capas suaves<\/a> est\u00e1 ganando adeptas entre ejecutivas de 40+ por su efecto rejuvenecedor instant\u00e1neo. \u00abUn bob bien estructurado con capas estrat\u00e9gicas puede quitar visualmente hasta 5 a\u00f1os\u00bb, confirma <strong>Manuel Serrano<\/strong>, estilista de celebridades.<\/p>\n<p>Para quienes buscan un toque m\u00e1s europeo, el <a href=\"https:\/\/www.journee-mondiale.com\/es\/el-bob-frances-elevado-que-alarga-2-cm-visualmente-el-cuello-el-secreto-parisino-que-transforma-siluetas-esta-primavera\/\" target=\"_blank\">bob franc\u00e9s elevado<\/a> aporta ese <strong>je ne sais quoi<\/strong> que elonga visualmente el cuello y aporta sofisticaci\u00f3n parisina a cualquier conjunto de oficina.<\/p>\n<h2>C\u00f3mo mantener la perfecci\u00f3n durante todo el d\u00eda<\/h2>\n<p>La magia del bob pulido reside en su mantenimiento sencillo. Incluso en d\u00edas de primavera con humedad:<\/p>\n<ul>\n<li>Aplica un s\u00e9rum ligero anti-encrespamiento antes de peinar<\/li>\n<li>Utiliza cepillos de cerdas naturales para mantener el brillo<\/li>\n<li>Lleva un spray de retoque tama\u00f1o viaje para emergencias<\/li>\n<\/ul>\n<h2>El efecto psicol\u00f3gico de un corte definido<\/h2>\n<p>\u00abHe notado que mis clientas experimentan un <strong>incremento de confianza<\/strong> inmediato tras este cambio\u00bb, relata Elena Vidal, psic\u00f3loga especializada en imagen personal. \u00abEs como si la claridad de las l\u00edneas del corte trajera claridad mental\u00bb.<\/p>\n<p>Una an\u00e9cdota reveladora: una alta ejecutiva de marketing confes\u00f3 haber cerrado dos importantes negociaciones la misma semana de estrenar su bob pulido. Coincidencia o no, el <strong>efecto halo<\/strong> de un buen corte es innegable.<\/p>\n<h2>Rejuvenecimiento instant\u00e1neo con el bob estrat\u00e9gico<\/h2>\n<p>Para profesionales que buscan una imagen actualizada sin parecer que se esfuerzan demasiado, el <a href=\"https:\/\/www.journee-mondiale.com\/es\/los-5-cortes-de-pelo-que-rejuvenecen-despues-de-los-40-probe-el-bob-en-capas-y-me-quito-5-anos-de-encima\/\" target=\"_blank\">bob en capas<\/a> ofrece ese <strong>equilibrio perfecto<\/strong> entre juventud y seriedad.<\/p>\n<p>La <a href=\"https:\/\/www.journee-mondiale.com\/es\/la-melena-escalada-que-devuelve-5-anos-de-juventud-el-efecto-lifting-que-todas-buscan-en-primavera-2025\/\" target=\"_blank\">melena escalada<\/a> transformada en bob corto funciona como un aut\u00e9ntico lifting capilar, especialmente refrescante para esta primavera 2025.<\/p>\n<h2>\u00bfEst\u00e1s lista para transformar tu imagen profesional?<\/h2>\n<p>El bob corto pulido es mucho m\u00e1s que un peinado; es una declaraci\u00f3n de intenciones profesional. Como un bistur\u00ed preciso, corta lo superfluo y deja solo lo esencial: t\u00fa, tu talento y tu determinaci\u00f3n, enmarcados en un estilo que refleja exactamente qui\u00e9n eres en el ambiente laboral de 2025.<\/p>\n","protected":false},"excerpt":{"rendered":"<p>Descubre c\u00f3mo el bob corto pulido se est\u00e1 convirtiendo en el aliado perfecto para las mujeres profesionales esta primavera de 2025. Una tendencia que combina sofisticaci\u00f3n y practicidad, este peinado est\u00e1 revolucionando las oficinas con sus l\u00edneas limpias y un texturizado sutil que proyecta esa presencia impecable que toda profesional busca. La revoluci\u00f3n del bob &#8230; <a title=\"El bob corto pulido que me dio 15 minutos extra cada ma\u00f1ana (y por qu\u00e9 las ejecutivas lo adoptan esta primavera)\" class=\"read-more\" href=\"https:\/\/www.journee-mondiale.com\/es\/el-bob-corto-pulido-que-me-dio-15-minutos-extra-cada-manana-y-por-que-las-ejecutivas-lo-adoptan-esta-primavera\/\" aria-label=\"Leer m\u00e1s sobre El bob corto pulido que me dio 15 minutos extra cada ma\u00f1ana (y por qu\u00e9 las ejecutivas lo adoptan esta primavera)\">Lire plus<\/a><\/p>\n","protected":false},"author":1,"featured_media":12668,"comment_status":"","ping_status":"","sticky":false,"template":"","format":"standard","meta":{"footnotes":""},"categories":[48],"tags":[],"class_list":["post-12669","post","type-post","status-publish","format-standard","has-post-thumbnail","hentry","category-estilo-de-vida"],"acf":[],"_yoast_wpseo_primary_category":null,"_yoast_wpseo_title":null,"_yoast_wpseo_metadesc":null,"_links":{"self":[{"href":"https:\/\/www.journee-mondiale.com\/es\/wp-json\/wp\/v2\/posts\/12669","targetHints":{"allow":["GET"]}}],"collection":[{"href":"https:\/\/www.journee-mondiale.com\/es\/wp-json\/wp\/v2\/posts"}],"about":[{"href":"https:\/\/www.journee-mondiale.com\/es\/wp-json\/wp\/v2\/types\/post"}],"author":[{"embeddable":true,"href":"https:\/\/www.journee-mondiale.com\/es\/wp-json\/wp\/v2\/users\/1"}],"replies":[{"embeddable":true,"href":"https:\/\/www.journee-mondiale.com\/es\/wp-json\/wp\/v2\/comments?post=12669"}],"version-history":[{"count":0,"href":"https:\/\/www.journee-mondiale.com\/es\/wp-json\/wp\/v2\/posts\/12669\/revisions"}],"wp:featuredmedia":[{"embeddable":true,"href":"https:\/\/www.journee-mondiale.com\/es\/wp-json\/wp\/v2\/media\/12668"}],"wp:attachment":[{"href":"https:\/\/www.journee-mondiale.com\/es\/wp-json\/wp\/v2\/media?parent=12669"}],"wp:term":[{"taxonomy":"category","embeddable":true,"href":"https:\/\/www.journee-mondiale.com\/es\/wp-json\/wp\/v2\/categories?post=12669"},{"taxonomy":"post_tag","embeddable":true,"href":"https:\/\/www.journee-mondiale.com\/es\/wp-json\/wp\/v2\/tags?post=12669"}],"curies":[{"name":"wp","href":"https:\/\/api.w.org\/{rel}","templated":true}]}}