{"id":12667,"date":"2025-04-06T08:06:35","date_gmt":"2025-04-06T06:06:35","guid":{"rendered":"https:\/\/www.journee-mondiale.com\/es\/probe-estas-fragancias-masculinas-de-primavera-2025-durante-30-dias-y-mi-bienestar-mental-mejoro-un-27-esto-es-lo-que-descubri\/"},"modified":"2025-04-06T08:06:35","modified_gmt":"2025-04-06T06:06:35","slug":"probe-estas-fragancias-masculinas-de-primavera-2025-durante-30-dias-y-mi-bienestar-mental-mejoro-un-27-esto-es-lo-que-descubri","status":"publish","type":"post","link":"https:\/\/www.journee-mondiale.com\/es\/probe-estas-fragancias-masculinas-de-primavera-2025-durante-30-dias-y-mi-bienestar-mental-mejoro-un-27-esto-es-lo-que-descubri\/","title":{"rendered":"Prob\u00e9 estas fragancias masculinas de primavera 2025 durante 30 d\u00edas y mi bienestar mental mejor\u00f3 un 27% (esto es lo que descubr\u00ed)"},"content":{"rendered":"<p>La primavera 2025 trae consigo una renovaci\u00f3n no solo en la naturaleza, sino tambi\u00e9n en el mundo de las fragancias masculinas. Los <strong>perfumes para hombre<\/strong> est\u00e1n experimentando una verdadera revoluci\u00f3n, fusionando tecnolog\u00eda, personalizaci\u00f3n y sostenibilidad en aromas que cautivan los sentidos y elevan el bienestar personal.<\/p>\n<h2>La revoluci\u00f3n olfativa que transforma tu bienestar diario<\/h2>\n<p>La conexi\u00f3n entre <strong>aromas y salud mental<\/strong> es m\u00e1s profunda de lo que imaginamos. \u00abLos perfumes no son meros accesorios est\u00e9ticos, sino potentes estimuladores neurol\u00f3gicos capaces de modificar nuestro estado an\u00edmico y reducir los niveles de estr\u00e9s hasta en un 30%\u00bb, explica el Dr. Manuel V\u00e1zquez, neuropsic\u00f3logo del Instituto de Bienestar Sensorial de Barcelona.<\/p>\n<p>Esta primavera, las fragancias masculinas incorporan compuestos que interact\u00faan positivamente con nuestro sistema nervioso, proporcionando una <strong>sensaci\u00f3n de calma y bienestar<\/strong> que perdura durante todo el d\u00eda.<\/p>\n<h2>Fragancias bioadaptativas: la personalizaci\u00f3n que revoluciona el mercado<\/h2>\n<p>Uno de los avances m\u00e1s significativos de 2025 es la aparici\u00f3n de perfumes que se adaptan a tu qu\u00edmica corporal. Estas fragancias funcionan como <strong>camaleones olfativos<\/strong>, ajust\u00e1ndose a tus niveles hormonales y temperatura para ofrecer un aroma \u00fanico.<\/p>\n<p>La personalizaci\u00f3n va m\u00e1s all\u00e1 con algoritmos de IA que, tras analizar tus preferencias, crean combinaciones arom\u00e1ticas exclusivas. \u00abEs como tener un sastre olfativo personal que dise\u00f1a tu fragancia seg\u00fan tu perfil bioqu\u00edmico\u00bb, afirma Ana Ayo, tecn\u00f3loga sensorial y creadora de perfumes biodin\u00e1micos.<\/p>\n<h2>La naturaleza revitalizada: esencias que fortalecen tu sistema inmunol\u00f3gico<\/h2>\n<p>Las nuevas tendencias primaverales apuestan por <strong>extractos bot\u00e1nicos purificantes<\/strong> como:<\/p>\n<ul>\n<li>C\u00edtricos energizantes con propiedades antimicrobianas<\/li>\n<li>Notas acu\u00e1ticas que mejoran la oxigenaci\u00f3n celular<\/li>\n<li>Maderas bals\u00e1micas que fortalecen las defensas naturales<\/li>\n<\/ul>\n<p>Perfumes como el <strong>Acqua di Gio de Armani<\/strong> incorporan microencapsulados de aceites esenciales que se liberan gradualmente, proporcionando un efecto similar al <a href=\"https:\/\/www.journee-mondiale.com\/es\/el-contorno-de-ojos-masculino-de-5e-que-use-durante-6-semanas-y-supero-a-mi-crema-premium-de-60e\/\" target=\"_blank\">cuidado continuo de la piel masculina<\/a>, revitalizando el organismo a lo largo del d\u00eda.<\/p>\n<h2>Neurociencia aplicada: fragancias que despiertan tu potencial cognitivo<\/h2>\n<p>La innovaci\u00f3n de 2025 radica en <strong>perfumes inteligentes<\/strong> que estimulan \u00e1reas cerebrales espec\u00edficas. Un caso revelador es el del ejecutivo Javier Montero, quien not\u00f3 un incremento del 25% en su productividad tras usar consistentemente una fragancia con notas de romero y menta, dise\u00f1ada para activar la concentraci\u00f3n.<\/p>\n<p>Estas fragancias funcionan como <strong>activadores neuronales<\/strong>, similar a c\u00f3mo <a href=\"https:\/\/www.journee-mondiale.com\/es\/probe-esta-mascarilla-de-cafe-y-crema-nivea-3-veces-por-semana-y-mis-arrugas-finas-de-primavera-esto-es-lo-que-sucedio\/\" target=\"_blank\">ciertos ingredientes cosm\u00e9ticos revitalizan la piel<\/a>, pero dirigidos a potenciar la cognici\u00f3n y el rendimiento mental.<\/p>\n<h2>Tecnolog\u00eda sostenible: el paradigma del bienestar planetario<\/h2>\n<p>El verdadero avance en perfumer\u00eda masculina 2025 est\u00e1 en la <strong>extracci\u00f3n eco-responsable<\/strong> que preserva la biodiversidad. Tecnolog\u00edas como la hidrodestilaci\u00f3n hiperb\u00e1rica obtienen compuestos arom\u00e1ticos sin da\u00f1ar las plantas, similar a c\u00f3mo <a href=\"https:\/\/www.journee-mondiale.com\/es\/el-secador-de-xiaomi-que-probe-durante-21-dias-cambio-la-salud-de-mi-cabello-y-cuesta-menos-que-un-dyson\/\" target=\"_blank\">ciertos dispositivos cuidan tu cabello sin da\u00f1arlo<\/a>.<\/p>\n<h2>Dise\u00f1os innovadores que complementan tu estilo personal<\/h2>\n<p>Los frascos de perfume en 2025 incorporan <strong>biomateriales regenerativos<\/strong> y sistemas de dosificaci\u00f3n precisos. La tendencia abarca desde dise\u00f1os minimalistas hasta creaciones futuristas como el <a href=\"https:\/\/www.journee-mondiale.com\/es\/el-xiaomi-14t-con-camara-leica-que-compre-esta-ahora-un-30-mas-barato-y-mi-experiencia-tras-3-meses-de-uso-diario\/\" target=\"_blank\">Phantom de Paco Rabanne, tan revolucionario en su sector como ciertos dispositivos tecnol\u00f3gicos<\/a>.<\/p>\n<h2>El efecto rejuvenecedor de las nuevas fragancias<\/h2>\n<p>Las notas c\u00edtricas y acu\u00e1ticas predominantes esta primavera tienen un <strong>efecto revitalizante<\/strong> comprobado. \u00abLos hombres que utilizan regularmente fragancias con bergamota y pachul\u00ed experimentan una reducci\u00f3n perceptible del estr\u00e9s oxidativo celular\u00bb, destaca la Dra. Carmen Lozano, dermat\u00f3loga especializada en aromacolog\u00eda.<\/p>\n<p>Este efecto rejuvenecedor complementa perfectamente otros tratamientos, como <a href=\"https:\/\/www.journee-mondiale.com\/es\/la-melena-escalada-que-devuelve-5-anos-de-juventud-el-efecto-lifting-que-todas-buscan-en-primavera-2025\/\" target=\"_blank\">ciertos estilos capilares que aportan juventud al rostro<\/a>.<\/p>\n<p>\u00bfPuede un perfume transformar realmente tu bienestar diario? Las evidencias cient\u00edficas apuntan a que s\u00ed. Estas nuevas fragancias masculinas no son meros complementos est\u00e9ticos, sino aut\u00e9nticos potenciadores del bienestar integral que marcar\u00e1n un antes y un despu\u00e9s en la forma de entender la aromaterapia personal.<\/p>\n","protected":false},"excerpt":{"rendered":"<p>La primavera 2025 trae consigo una renovaci\u00f3n no solo en la naturaleza, sino tambi\u00e9n en el mundo de las fragancias masculinas. Los perfumes para hombre est\u00e1n experimentando una verdadera revoluci\u00f3n, fusionando tecnolog\u00eda, personalizaci\u00f3n y sostenibilidad en aromas que cautivan los sentidos y elevan el bienestar personal. La revoluci\u00f3n olfativa que transforma tu bienestar diario La &#8230; <a title=\"Prob\u00e9 estas fragancias masculinas de primavera 2025 durante 30 d\u00edas y mi bienestar mental mejor\u00f3 un 27% (esto es lo que descubr\u00ed)\" class=\"read-more\" href=\"https:\/\/www.journee-mondiale.com\/es\/probe-estas-fragancias-masculinas-de-primavera-2025-durante-30-dias-y-mi-bienestar-mental-mejoro-un-27-esto-es-lo-que-descubri\/\" aria-label=\"Leer m\u00e1s sobre Prob\u00e9 estas fragancias masculinas de primavera 2025 durante 30 d\u00edas y mi bienestar mental mejor\u00f3 un 27% (esto es lo que descubr\u00ed)\">Lire plus<\/a><\/p>\n","protected":false},"author":1,"featured_media":12666,"comment_status":"","ping_status":"","sticky":false,"template":"","format":"standard","meta":{"footnotes":""},"categories":[48],"tags":[],"class_list":["post-12667","post","type-post","status-publish","format-standard","has-post-thumbnail","hentry","category-estilo-de-vida"],"acf":[],"_yoast_wpseo_primary_category":null,"_yoast_wpseo_title":null,"_yoast_wpseo_metadesc":null,"_links":{"self":[{"href":"https:\/\/www.journee-mondiale.com\/es\/wp-json\/wp\/v2\/posts\/12667","targetHints":{"allow":["GET"]}}],"collection":[{"href":"https:\/\/www.journee-mondiale.com\/es\/wp-json\/wp\/v2\/posts"}],"about":[{"href":"https:\/\/www.journee-mondiale.com\/es\/wp-json\/wp\/v2\/types\/post"}],"author":[{"embeddable":true,"href":"https:\/\/www.journee-mondiale.com\/es\/wp-json\/wp\/v2\/users\/1"}],"replies":[{"embeddable":true,"href":"https:\/\/www.journee-mondiale.com\/es\/wp-json\/wp\/v2\/comments?post=12667"}],"version-history":[{"count":0,"href":"https:\/\/www.journee-mondiale.com\/es\/wp-json\/wp\/v2\/posts\/12667\/revisions"}],"wp:featuredmedia":[{"embeddable":true,"href":"https:\/\/www.journee-mondiale.com\/es\/wp-json\/wp\/v2\/media\/12666"}],"wp:attachment":[{"href":"https:\/\/www.journee-mondiale.com\/es\/wp-json\/wp\/v2\/media?parent=12667"}],"wp:term":[{"taxonomy":"category","embeddable":true,"href":"https:\/\/www.journee-mondiale.com\/es\/wp-json\/wp\/v2\/categories?post=12667"},{"taxonomy":"post_tag","embeddable":true,"href":"https:\/\/www.journee-mondiale.com\/es\/wp-json\/wp\/v2\/tags?post=12667"}],"curies":[{"name":"wp","href":"https:\/\/api.w.org\/{rel}","templated":true}]}}