{"id":12661,"date":"2025-04-05T19:00:47","date_gmt":"2025-04-05T17:00:47","guid":{"rendered":"https:\/\/www.journee-mondiale.com\/es\/la-melena-escalada-que-devuelve-5-anos-de-juventud-el-efecto-lifting-que-todas-buscan-en-primavera-2025\/"},"modified":"2025-04-05T19:00:47","modified_gmt":"2025-04-05T17:00:47","slug":"la-melena-escalada-que-devuelve-5-anos-de-juventud-el-efecto-lifting-que-todas-buscan-en-primavera-2025","status":"publish","type":"post","link":"https:\/\/www.journee-mondiale.com\/es\/la-melena-escalada-que-devuelve-5-anos-de-juventud-el-efecto-lifting-que-todas-buscan-en-primavera-2025\/","title":{"rendered":"La melena escalada que devuelve 5 a\u00f1os de juventud (el efecto lifting que todas buscan en primavera 2025)"},"content":{"rendered":"<p>La <strong>melena escalada<\/strong> vuelve con fuerza esta primavera 2025, reinvent\u00e1ndose como el corte que todas desean. Este estilo, caracterizado por sus capas estrat\u00e9gicamente colocadas, no solo aporta movimiento y volumen al cabello, sino que adem\u00e1s tiene un incre\u00edble efecto rejuvenecedor. \u00bfLa mejor noticia? Se adapta perfectamente a cualquier tipo de rostro y textura de cabello.<\/p>\n<h2>\u00bfPor qu\u00e9 la melena escalada es la revelaci\u00f3n de la temporada?<\/h2>\n<p>Seg\u00fan <strong>Martina S\u00e1nchez<\/strong>, directora creativa del exclusivo sal\u00f3n Glamour de Madrid, \u00abla melena escalada es como una bocanada de aire fresco para el cabello. Las capas ligeras crean dimensi\u00f3n sin sacrificar longitud, haciendo que sea perfecta para esta primavera donde buscamos libertad y movimiento\u00bb. Este estilo vers\u00e1til se ha convertido en la opci\u00f3n preferida por mujeres que buscan renovarse sin comprometerse a un cambio radical.<\/p>\n<h2>El secreto detr\u00e1s del efecto lifting inmediato<\/h2>\n<p>El verdadero poder de la <strong>melena escalada<\/strong> radica en su capacidad para crear un efecto lifting instant\u00e1neo. Las capas superiores m\u00e1s cortas enmarcan el rostro como un abanico que se despliega, elevando visualmente los p\u00f3mulos y suavizando las l\u00edneas de expresi\u00f3n. Este efecto es especialmente beneficioso despu\u00e9s de los 40, como demuestra <a href=\"https:\/\/www.journee-mondiale.com\/es\/los-5-cortes-de-pelo-que-rejuvenecen-despues-de-los-40-probe-el-bob-en-capas-y-me-quito-5-anos-de-encima\/\" target=\"_blank\">este art\u00edculo sobre cortes rejuvenecedores<\/a> que han transformado la apariencia de muchas mujeres.<\/p>\n<h2>T\u00e9cnicas innovadoras que est\u00e1n revolucionando el escalado<\/h2>\n<p>La evoluci\u00f3n de la melena escalada ha tra\u00eddo consigo t\u00e9cnicas como el <strong>Airotouch<\/strong> y el corte Butterfly. Ambas aportan un efecto difuminado y ligero que resulta perfecto para quienes tienen el cabello fino o buscan m\u00e1s volumen. El estilista <strong>Roberto Vega<\/strong> explica: \u00abYa no trabajamos las capas de forma tradicional; ahora creamos escalados invisibles que se mezclan perfectamente, dando la sensaci\u00f3n de un cabello naturalmente abundante\u00bb.<\/p>\n<h2>Tres tipos de escalado seg\u00fan tu forma de rostro<\/h2>\n<ul>\n<li><strong>Rostros alargados:<\/strong> Escalado a partir de la mand\u00edbula con capas medias que a\u00f1aden anchura.<\/li>\n<li><strong>Rostros redondos:<\/strong> Capas largas comenzando a la altura de los p\u00f3mulos para estilizar.<\/li>\n<li><strong>Rostros cuadrados:<\/strong> Escalado suave desde la barbilla para suavizar \u00e1ngulos prominentes.<\/li>\n<\/ul>\n<h2>La combinaci\u00f3n perfecta: melena escalada y flequillo estrat\u00e9gico<\/h2>\n<p>A\u00f1adir un flequillo a tu melena escalada puede transformar completamente tu look. Si est\u00e1s considerando esta opci\u00f3n, <a href=\"https:\/\/www.journee-mondiale.com\/es\/el-flequillo-que-cambio-mi-bob-frances-probe-3-estilos-y-uno-rejuvenecio-mi-rostro-en-segundos\/\" target=\"_blank\">este an\u00e1lisis sobre estilos de flequillo<\/a> te ayudar\u00e1 a determinar cu\u00e1l complementa mejor tu nuevo corte para un efecto rejuvenecedor inmediato.<\/p>\n<h2>El cuidado post-corte que nadie te cuenta<\/h2>\n<p>Mantener una <strong>melena escalada<\/strong> en su mejor forma requiere atenci\u00f3n especial. El cabello maduro necesita hidrataci\u00f3n extra, especialmente tras un corte escalado. Considera implementar <a href=\"https:\/\/www.journee-mondiale.com\/es\/la-verdad-sobre-mi-cuero-cabelludo-despues-de-los-50-5-minutos-de-masaje-que-revitalizo-mi-melena-esta-primavera\/\" target=\"_blank\">rutinas de masaje capilar<\/a> para estimular el cuero cabelludo y potenciar los beneficios de tu nuevo corte.<\/p>\n<h2>La evoluci\u00f3n desde el bob cl\u00e1sico hasta la melena escalada moderna<\/h2>\n<p>La <strong>melena escalada<\/strong> actual es como una mariposa que ha evolucionado desde la cris\u00e1lida del bob tradicional. Los estilos como el <a href=\"https:\/\/www.journee-mondiale.com\/es\/el-french-bob-que-alargo-2cm-el-cuello-en-48-horas-y-transformo-vidas-sin-arrepentimientos\/\" target=\"_blank\">French Bob<\/a> y el <a href=\"https:\/\/www.journee-mondiale.com\/es\/este-corte-bob-con-capas-suaves-me-quito-5-anos-de-encima-en-solo-3-dias-la-tendencia-rejuvenecedora-de-primavera-2025\/\" target=\"_blank\">Bob con capas suaves<\/a> han preparado el terreno para esta versi\u00f3n m\u00e1s din\u00e1mica y vers\u00e1til que cautiva a todas.<\/p>\n<h2>Estilismo diario: \u00bfc\u00f3mo sacarle el m\u00e1ximo partido?<\/h2>\n<ul>\n<li><strong>Look natural:<\/strong> Aplica mousse en ra\u00edces y seca con difusor hacia arriba para m\u00e1ximo volumen.<\/li>\n<li><strong>Elegancia casual:<\/strong> Crea ondas ligeras con plancha, enfoc\u00e1ndote en las puntas para resaltar las capas.<\/li>\n<li><strong>Versatilidad total:<\/strong> Recoge la parte superior dejando las capas inferiores sueltas para un efecto d\u00eda-noche inmediato.<\/li>\n<\/ul>\n<p>\u00bfEst\u00e1s lista para transformar tu imagen esta primavera? La melena escalada no es solo un corte de pelo, es una declaraci\u00f3n de confianza que enmarca tu rostro de la manera m\u00e1s favorecedora. Sus capas te regalan ese movimiento que parece capturar la esencia misma de la temporada: ligera, din\u00e1mica y llena de posibilidades. \u00a1El momento de renovarte ha llegado!<\/p>\n","protected":false},"excerpt":{"rendered":"<p>La melena escalada vuelve con fuerza esta primavera 2025, reinvent\u00e1ndose como el corte que todas desean. Este estilo, caracterizado por sus capas estrat\u00e9gicamente colocadas, no solo aporta movimiento y volumen al cabello, sino que adem\u00e1s tiene un incre\u00edble efecto rejuvenecedor. \u00bfLa mejor noticia? Se adapta perfectamente a cualquier tipo de rostro y textura de cabello. &#8230; <a title=\"La melena escalada que devuelve 5 a\u00f1os de juventud (el efecto lifting que todas buscan en primavera 2025)\" class=\"read-more\" href=\"https:\/\/www.journee-mondiale.com\/es\/la-melena-escalada-que-devuelve-5-anos-de-juventud-el-efecto-lifting-que-todas-buscan-en-primavera-2025\/\" aria-label=\"Leer m\u00e1s sobre La melena escalada que devuelve 5 a\u00f1os de juventud (el efecto lifting que todas buscan en primavera 2025)\">Lire plus<\/a><\/p>\n","protected":false},"author":1,"featured_media":12660,"comment_status":"","ping_status":"","sticky":false,"template":"","format":"standard","meta":{"footnotes":""},"categories":[48],"tags":[],"class_list":["post-12661","post","type-post","status-publish","format-standard","has-post-thumbnail","hentry","category-estilo-de-vida"],"acf":[],"_yoast_wpseo_primary_category":null,"_yoast_wpseo_title":null,"_yoast_wpseo_metadesc":null,"_links":{"self":[{"href":"https:\/\/www.journee-mondiale.com\/es\/wp-json\/wp\/v2\/posts\/12661","targetHints":{"allow":["GET"]}}],"collection":[{"href":"https:\/\/www.journee-mondiale.com\/es\/wp-json\/wp\/v2\/posts"}],"about":[{"href":"https:\/\/www.journee-mondiale.com\/es\/wp-json\/wp\/v2\/types\/post"}],"author":[{"embeddable":true,"href":"https:\/\/www.journee-mondiale.com\/es\/wp-json\/wp\/v2\/users\/1"}],"replies":[{"embeddable":true,"href":"https:\/\/www.journee-mondiale.com\/es\/wp-json\/wp\/v2\/comments?post=12661"}],"version-history":[{"count":0,"href":"https:\/\/www.journee-mondiale.com\/es\/wp-json\/wp\/v2\/posts\/12661\/revisions"}],"wp:featuredmedia":[{"embeddable":true,"href":"https:\/\/www.journee-mondiale.com\/es\/wp-json\/wp\/v2\/media\/12660"}],"wp:attachment":[{"href":"https:\/\/www.journee-mondiale.com\/es\/wp-json\/wp\/v2\/media?parent=12661"}],"wp:term":[{"taxonomy":"category","embeddable":true,"href":"https:\/\/www.journee-mondiale.com\/es\/wp-json\/wp\/v2\/categories?post=12661"},{"taxonomy":"post_tag","embeddable":true,"href":"https:\/\/www.journee-mondiale.com\/es\/wp-json\/wp\/v2\/tags?post=12661"}],"curies":[{"name":"wp","href":"https:\/\/api.w.org\/{rel}","templated":true}]}}