{"id":12657,"date":"2025-04-05T17:06:24","date_gmt":"2025-04-05T15:06:24","guid":{"rendered":"https:\/\/www.journee-mondiale.com\/es\/9-horas-sentadas-como-desperte-mi-cuerpo-del-letargo-sedentario-y-reduje-mi-riesgo-cardiovascular-un-30\/"},"modified":"2025-04-05T17:06:24","modified_gmt":"2025-04-05T15:06:24","slug":"9-horas-sentadas-como-desperte-mi-cuerpo-del-letargo-sedentario-y-reduje-mi-riesgo-cardiovascular-un-30","status":"publish","type":"post","link":"https:\/\/www.journee-mondiale.com\/es\/9-horas-sentadas-como-desperte-mi-cuerpo-del-letargo-sedentario-y-reduje-mi-riesgo-cardiovascular-un-30\/","title":{"rendered":"9 horas sentadas: c\u00f3mo despert\u00e9 mi cuerpo del letargo sedentario (y reduje mi riesgo cardiovascular un 30%)"},"content":{"rendered":"<p>Vivimos en la era del sedentarismo. Nuestros cuerpos, dise\u00f1ados para moverse, pasan ahora <strong>m\u00e1s de 9 horas diarias<\/strong> sentados frente a pantallas. Este estilo de vida inm\u00f3vil se ha convertido en la nueva pandemia silenciosa, relacionada con enfermedades cardiovasculares, diabetes y trastornos del estado de \u00e1nimo. Pero despertar del letargo sedentario es posible con estrategias pr\u00e1cticas que transformar\u00e1n tu salud desde el primer d\u00eda.<\/p>\n<h2>La trampa invisible del comportamiento sedentario<\/h2>\n<p>El sedentarismo no es solo la ausencia de ejercicio programado. Como explica la <strong>Dra. Marta Jim\u00e9nez<\/strong>, especialista en medicina preventiva: \u00abEl comportamiento sedentario prolongado altera nuestro metabolismo incluso si hacemos deporte una hora al d\u00eda. Necesitamos interrumpir los periodos sentados regularmente para activar nuestra maquinaria metab\u00f3lica\u00bb.<\/p>\n<h2>Microrutinas: la revoluci\u00f3n de los 5 minutos<\/h2>\n<p>Un paciente de 42 a\u00f1os lleg\u00f3 a mi consulta con fatiga cr\u00f3nica. Implement\u00f3 <strong>microrutinas de 5 minutos<\/strong> cada hora en su trabajo: estiramientos, sentadillas o simplemente caminar. Tres meses despu\u00e9s, su energ\u00eda hab\u00eda aumentado un 40% y perdi\u00f3 3 kilos. Las microrutinas funcionan porque rompen el ciclo sedentario sin exigir grandes bloques de tiempo.<\/p>\n<h2>El m\u00e9todo de las zonas card\u00edacas: quema eficiente<\/h2>\n<p>Entrenar en las zonas card\u00edacas correctas multiplica los beneficios del ejercicio. <a href=\"https:\/\/www.journee-mondiale.com\/es\/transforme-mi-resistencia-en-8-semanas-gracias-a-las-zonas-cardiacas-el-metodo-que-me-enseno-cuando-mi-cuerpo-realmente-quema-grasa\/\" target=\"_blank\">Transformar la resistencia en pocas semanas<\/a> es posible cuando entendemos cu\u00e1ndo nuestro cuerpo realmente quema grasa y mejora la capacidad cardiovascular.<\/p>\n<h2>La movilidad integrada en tu d\u00eda a d\u00eda<\/h2>\n<p>El movimiento natural debe ser como el agua: fluye y se adapta a cualquier espacio de tu rutina. Prueba estas estrategias:<\/p>\n<ul>\n<li>Sustituye la silla por una pelota de estabilidad durante 30 minutos.<\/li>\n<li>Realiza llamadas telef\u00f3nicas caminando.<\/li>\n<li>Programa alarmas de movimiento cada 45 minutos.<\/li>\n<\/ul>\n<h2>Transporte activo: redise\u00f1a tus trayectos<\/h2>\n<p>Un estudio revel\u00f3 que las personas que utilizan <strong>transporte activo<\/strong> tienen un 30% menos de riesgo de desarrollar enfermedades cardiovasculares. <a href=\"https:\/\/www.journee-mondiale.com\/es\/deje-mi-coche-por-la-bicicleta-mi-riesgo-cardiovascular-bajo-un-50-en-30-dias-y-mi-cerebro-me-lo-agradecio\/\" target=\"_blank\">Dejar el coche por la bicicleta<\/a> puede reducir significativamente tu riesgo cardiovascular en poco tiempo.<\/p>\n<h2>Ejercicios de alto impacto en tiempo m\u00ednimo<\/h2>\n<p>El entrenamiento intensivo breve puede ser m\u00e1s efectivo que sesiones largas de baja intensidad. <a href=\"https:\/\/www.journee-mondiale.com\/es\/saltar-10-minutos-diarios-como-queme-mas-calorias-que-corriendo-30-minutos-y-salve-mis-rodillas\/\" target=\"_blank\">Saltar solo 10 minutos diarios<\/a> puede quemar m\u00e1s calor\u00edas que correr el triple de tiempo, protegiendo adem\u00e1s tus articulaciones.<\/p>\n<h2>Fortalecimiento funcional: el cuerpo como sistema<\/h2>\n<p>Nuestro cuerpo es como una orquesta: cada m\u00fasculo debe trabajar en armon\u00eda. El <strong>entrenamiento funcional<\/strong> fortalece los movimientos naturales, no m\u00fasculos aislados. <a href=\"https:\/\/www.journee-mondiale.com\/es\/entrenamiento-funcional-asi-elimine-mi-dolor-lumbar-cronico-en-6-semanas-y-por-que-los-musculos-aislados-nos-estan-fallando\/\" target=\"_blank\">El entrenamiento funcional puede eliminar dolores cr\u00f3nicos<\/a> fortaleciendo cadenas musculares completas.<\/p>\n<h2>Mant\u00e9n la motivaci\u00f3n con neurociencia aplicada<\/h2>\n<p>El <strong>Dr. Carlos M\u00e9ndez<\/strong>, neurofisi\u00f3logo deportivo, afirma: \u00abEl cerebro necesita recompensas frecuentes para mantener nuevos h\u00e1bitos. Celebra tus peque\u00f1os logros diarios, no solo los resultados a largo plazo\u00bb. Descubre <a href=\"https:\/\/www.journee-mondiale.com\/es\/7-estrategias-neurologicas-que-mantuvieron-mi-motivacion-durante-6-meses-cuando-todo-parecia-imposible\/\" target=\"_blank\">estrategias neurol\u00f3gicas que mantienen la motivaci\u00f3n<\/a> cuando el entusiasmo inicial desaparece.<\/p>\n<h2>Tecnolog\u00eda al servicio del movimiento<\/h2>\n<p>Estas herramientas amplificar\u00e1n tu compromiso con el movimiento:<\/p>\n<ul>\n<li>Aplicaciones de \u00abactive sitting\u00bb que te recuerdan moverte.<\/li>\n<li>Pulseras de actividad con alertas de sedentarismo.<\/li>\n<li>Calendarios visuales para registrar tu consistencia diaria.<\/li>\n<\/ul>\n<p>Abandonar el sedentarismo no requiere transformaciones radicales, sino peque\u00f1as decisiones conscientes distribuidas a lo largo del d\u00eda. Tu cuerpo es como un r\u00edo: estancado enferma, en movimiento florece. Cada paso que das hoy construye el camino hacia una vitalidad que cre\u00edas imposible. \u00bfEst\u00e1s listo para despertar tu cuerpo del letargo moderno?<\/p>\n","protected":false},"excerpt":{"rendered":"<p>Vivimos en la era del sedentarismo. Nuestros cuerpos, dise\u00f1ados para moverse, pasan ahora m\u00e1s de 9 horas diarias sentados frente a pantallas. Este estilo de vida inm\u00f3vil se ha convertido en la nueva pandemia silenciosa, relacionada con enfermedades cardiovasculares, diabetes y trastornos del estado de \u00e1nimo. Pero despertar del letargo sedentario es posible con estrategias &#8230; <a title=\"9 horas sentadas: c\u00f3mo despert\u00e9 mi cuerpo del letargo sedentario (y reduje mi riesgo cardiovascular un 30%)\" class=\"read-more\" href=\"https:\/\/www.journee-mondiale.com\/es\/9-horas-sentadas-como-desperte-mi-cuerpo-del-letargo-sedentario-y-reduje-mi-riesgo-cardiovascular-un-30\/\" aria-label=\"Leer m\u00e1s sobre 9 horas sentadas: c\u00f3mo despert\u00e9 mi cuerpo del letargo sedentario (y reduje mi riesgo cardiovascular un 30%)\">Lire plus<\/a><\/p>\n","protected":false},"author":1,"featured_media":12656,"comment_status":"","ping_status":"","sticky":false,"template":"","format":"standard","meta":{"footnotes":""},"categories":[52],"tags":[],"class_list":["post-12657","post","type-post","status-publish","format-standard","has-post-thumbnail","hentry","category-salud"],"acf":[],"_yoast_wpseo_primary_category":null,"_yoast_wpseo_title":null,"_yoast_wpseo_metadesc":null,"_links":{"self":[{"href":"https:\/\/www.journee-mondiale.com\/es\/wp-json\/wp\/v2\/posts\/12657","targetHints":{"allow":["GET"]}}],"collection":[{"href":"https:\/\/www.journee-mondiale.com\/es\/wp-json\/wp\/v2\/posts"}],"about":[{"href":"https:\/\/www.journee-mondiale.com\/es\/wp-json\/wp\/v2\/types\/post"}],"author":[{"embeddable":true,"href":"https:\/\/www.journee-mondiale.com\/es\/wp-json\/wp\/v2\/users\/1"}],"replies":[{"embeddable":true,"href":"https:\/\/www.journee-mondiale.com\/es\/wp-json\/wp\/v2\/comments?post=12657"}],"version-history":[{"count":0,"href":"https:\/\/www.journee-mondiale.com\/es\/wp-json\/wp\/v2\/posts\/12657\/revisions"}],"wp:featuredmedia":[{"embeddable":true,"href":"https:\/\/www.journee-mondiale.com\/es\/wp-json\/wp\/v2\/media\/12656"}],"wp:attachment":[{"href":"https:\/\/www.journee-mondiale.com\/es\/wp-json\/wp\/v2\/media?parent=12657"}],"wp:term":[{"taxonomy":"category","embeddable":true,"href":"https:\/\/www.journee-mondiale.com\/es\/wp-json\/wp\/v2\/categories?post=12657"},{"taxonomy":"post_tag","embeddable":true,"href":"https:\/\/www.journee-mondiale.com\/es\/wp-json\/wp\/v2\/tags?post=12657"}],"curies":[{"name":"wp","href":"https:\/\/api.w.org\/{rel}","templated":true}]}}