{"id":12653,"date":"2025-04-05T13:05:36","date_gmt":"2025-04-05T11:05:36","guid":{"rendered":"https:\/\/www.journee-mondiale.com\/es\/el-top-wrap-que-redefinio-mi-silueta-a-los-40-sin-importar-mi-tipo-de-cuerpo\/"},"modified":"2025-04-05T13:05:36","modified_gmt":"2025-04-05T11:05:36","slug":"el-top-wrap-que-redefinio-mi-silueta-a-los-40-sin-importar-mi-tipo-de-cuerpo","status":"publish","type":"post","link":"https:\/\/www.journee-mondiale.com\/es\/el-top-wrap-que-redefinio-mi-silueta-a-los-40-sin-importar-mi-tipo-de-cuerpo\/","title":{"rendered":"El top &#8216;wrap&#8217; que redefini\u00f3 mi silueta a los 40 (sin importar mi tipo de cuerpo)"},"content":{"rendered":"<p>La primavera 2025 nos trae una revoluci\u00f3n textil que est\u00e1 cambiando la forma en que nos vestimos. Los tops &#8216;wrap&#8217; o cruzados se han convertido en la prenda estrella que <strong>redefine cualquier silueta<\/strong>, independientemente de la edad o el tipo de cuerpo. Este estilo vers\u00e1til no solo ofrece comodidad, sino que tambi\u00e9n proporciona ese toque de elegancia que todas buscamos para la temporada.<\/p>\n<h2>La revoluci\u00f3n de los tops &#8216;wrap&#8217;: versatilidad para todas las edades<\/h2>\n<p>Los tops cruzados han evolucionado significativamente en 2025, adapt\u00e1ndose a las necesidades de una mujer moderna que busca <strong>prendas multifuncionales<\/strong>. \u00abLa magia de un buen top &#8216;wrap&#8217; reside en su capacidad para adaptarse a cualquier tipo de cuerpo, realzando los atributos naturales y proporcionando una silueta equilibrada\u00bb, explica Carmen V\u00e1zquez, dise\u00f1adora de moda y especialista en prendas adaptativas.<\/p>\n<p>Al igual que un <a href=\"https:\/\/www.journee-mondiale.com\/es\/5-recetas-de-brunch-primaveral-que-bajaron-mi-inflamacion-en-7-dias-y-mis-invitados-pidieron-repetir\/\" target=\"_blank\">buen brunch primaveral revitaliza nuestro cuerpo<\/a>, estos tops renuevan instant\u00e1neamente nuestro guardarropa con m\u00ednimo esfuerzo.<\/p>\n<h2>Estilos bohemios que abrazan tu figura con elegancia<\/h2>\n<p>Entre las tendencias m\u00e1s destacadas encontramos los tops con <strong>mangas campana<\/strong> y acabados artesanales que aportan un toque bohemio y femenino. El Rastra Bell Sleeve Wrap Top, elaborado en Nepal, combina arte y comodidad, creando una prenda \u00fanica que se adapta perfectamente a cualquier ocasi\u00f3n.<\/p>\n<p>La Dra. Mar\u00eda Luisa Torres, especialista en moda saludable, se\u00f1ala: \u00abEstas prendas no solo benefician a la figura, sino que tambi\u00e9n promueven una mejor postura corporal al ajustarse naturalmente a los movimientos del cuerpo\u00bb.<\/p>\n<h2>Materialidad sostenible: el aliado de tu silueta y del planeta<\/h2>\n<p>Los tops &#8216;wrap&#8217; de 2025 destacan por su <strong>compromiso con la sostenibilidad<\/strong>, utilizando materiales reciclados y t\u00e9cnicas de producci\u00f3n \u00e9ticas. Esto ha generado una conexi\u00f3n m\u00e1s profunda con las consumidoras, quienes valoran tanto el dise\u00f1o como el impacto positivo en el medio ambiente.<\/p>\n<ul>\n<li>Materiales org\u00e1nicos que se adaptan al cuerpo<\/li>\n<li>Tintes naturales que respetan la piel<\/li>\n<li>Procesos de fabricaci\u00f3n que reducen la huella de carbono<\/li>\n<\/ul>\n<h2>El efecto rejuvenecedor: m\u00e1s all\u00e1 de un simple top<\/h2>\n<p>Similar a c\u00f3mo <a href=\"https:\/\/www.journee-mondiale.com\/es\/los-5-cortes-de-pelo-que-rejuvenecen-despues-de-los-40-probe-el-bob-en-capas-y-me-quito-5-anos-de-encima\/\" target=\"_blank\">un buen corte de pelo puede quitarnos a\u00f1os de encima<\/a>, un top &#8216;wrap&#8217; estrat\u00e9gicamente dise\u00f1ado crea una <strong>ilusi\u00f3n \u00f3ptica<\/strong> que estiliza y rejuvenece instant\u00e1neamente.<\/p>\n<h2>Combinaciones ganadoras para esta primavera<\/h2>\n<p>Los tops cruzados se complementan perfectamente con <strong>pantalones de talle alto<\/strong> o faldas midi para un look sofisticado. Para un estilo m\u00e1s casual, funcionan maravillosamente con jeans y, como nos recuerda <a href=\"https:\/\/www.journee-mondiale.com\/es\/el-french-bob-que-alargo-2cm-el-cuello-en-48-horas-y-transformo-vidas-sin-arrepentimientos\/\" target=\"_blank\">la importancia de alargar visualmente ciertas zonas<\/a>, estos tops ayudan a equilibrar las proporciones corporales.<\/p>\n<ul>\n<li>Con jeans de cintura alta para un look casual chic<\/li>\n<li>Con faldas plisadas para una est\u00e9tica rom\u00e1ntica<\/li>\n<li>Con pantalones palazzo para una silueta alargada<\/li>\n<\/ul>\n<h2>El toque definitivo para tu transformaci\u00f3n primaveral<\/h2>\n<p>Al igual que <a href=\"https:\/\/www.journee-mondiale.com\/es\/la-verdad-sobre-mi-cuero-cabelludo-despues-de-los-50-5-minutos-de-masaje-que-revitalizo-mi-melena-esta-primavera\/\" target=\"_blank\">un buen tratamiento capilar revitaliza nuestra melena<\/a>, los tops &#8216;wrap&#8217; <strong>renuevan nuestro estilo<\/strong> con m\u00ednimo esfuerzo. \u00abSon como un tratamiento de belleza instant\u00e1neo para tu guardarropa\u00bb, asegura Luc\u00eda M\u00e9ndez, estilista de celebridades.<\/p>\n<h2>La silueta perfecta a cualquier edad<\/h2>\n<p>Lo m\u00e1s fascinante de los tops &#8216;wrap&#8217; es su capacidad para <strong>adaptarse a diferentes etapas<\/strong> de la vida. Como un <a href=\"https:\/\/www.journee-mondiale.com\/es\/este-corte-bob-con-capas-suaves-me-quito-5-anos-de-encima-en-solo-3-dias-la-tendencia-rejuvenecedora-de-primavera-2025\/\" target=\"_blank\">corte bob transforma y rejuvenece<\/a>, estos tops realzan lo mejor de cada mujer, sea cual sea su edad.<\/p>\n<p>\u00bfLista para reinventar tu silueta esta primavera? Los tops &#8216;wrap&#8217; no son solo una tendencia pasajera, sino una inversi\u00f3n en versatilidad y confianza que transformar\u00e1 tu forma de vestir, haci\u00e9ndote sentir radiante a cualquier edad.<\/p>\n","protected":false},"excerpt":{"rendered":"<p>La primavera 2025 nos trae una revoluci\u00f3n textil que est\u00e1 cambiando la forma en que nos vestimos. Los tops &#8216;wrap&#8217; o cruzados se han convertido en la prenda estrella que redefine cualquier silueta, independientemente de la edad o el tipo de cuerpo. Este estilo vers\u00e1til no solo ofrece comodidad, sino que tambi\u00e9n proporciona ese toque &#8230; <a title=\"El top &#8216;wrap&#8217; que redefini\u00f3 mi silueta a los 40 (sin importar mi tipo de cuerpo)\" class=\"read-more\" href=\"https:\/\/www.journee-mondiale.com\/es\/el-top-wrap-que-redefinio-mi-silueta-a-los-40-sin-importar-mi-tipo-de-cuerpo\/\" aria-label=\"Leer m\u00e1s sobre El top &#8216;wrap&#8217; que redefini\u00f3 mi silueta a los 40 (sin importar mi tipo de cuerpo)\">Lire plus<\/a><\/p>\n","protected":false},"author":1,"featured_media":12652,"comment_status":"","ping_status":"","sticky":false,"template":"","format":"standard","meta":{"footnotes":""},"categories":[48],"tags":[],"class_list":["post-12653","post","type-post","status-publish","format-standard","has-post-thumbnail","hentry","category-estilo-de-vida"],"acf":[],"_yoast_wpseo_primary_category":null,"_yoast_wpseo_title":null,"_yoast_wpseo_metadesc":null,"_links":{"self":[{"href":"https:\/\/www.journee-mondiale.com\/es\/wp-json\/wp\/v2\/posts\/12653","targetHints":{"allow":["GET"]}}],"collection":[{"href":"https:\/\/www.journee-mondiale.com\/es\/wp-json\/wp\/v2\/posts"}],"about":[{"href":"https:\/\/www.journee-mondiale.com\/es\/wp-json\/wp\/v2\/types\/post"}],"author":[{"embeddable":true,"href":"https:\/\/www.journee-mondiale.com\/es\/wp-json\/wp\/v2\/users\/1"}],"replies":[{"embeddable":true,"href":"https:\/\/www.journee-mondiale.com\/es\/wp-json\/wp\/v2\/comments?post=12653"}],"version-history":[{"count":0,"href":"https:\/\/www.journee-mondiale.com\/es\/wp-json\/wp\/v2\/posts\/12653\/revisions"}],"wp:featuredmedia":[{"embeddable":true,"href":"https:\/\/www.journee-mondiale.com\/es\/wp-json\/wp\/v2\/media\/12652"}],"wp:attachment":[{"href":"https:\/\/www.journee-mondiale.com\/es\/wp-json\/wp\/v2\/media?parent=12653"}],"wp:term":[{"taxonomy":"category","embeddable":true,"href":"https:\/\/www.journee-mondiale.com\/es\/wp-json\/wp\/v2\/categories?post=12653"},{"taxonomy":"post_tag","embeddable":true,"href":"https:\/\/www.journee-mondiale.com\/es\/wp-json\/wp\/v2\/tags?post=12653"}],"curies":[{"name":"wp","href":"https:\/\/api.w.org\/{rel}","templated":true}]}}