{"id":12647,"date":"2025-04-05T09:05:53","date_gmt":"2025-04-05T07:05:53","guid":{"rendered":"https:\/\/www.journee-mondiale.com\/es\/la-verdad-sobre-mi-cuero-cabelludo-despues-de-los-50-5-minutos-de-masaje-que-revitalizo-mi-melena-esta-primavera\/"},"modified":"2025-04-05T09:05:53","modified_gmt":"2025-04-05T07:05:53","slug":"la-verdad-sobre-mi-cuero-cabelludo-despues-de-los-50-5-minutos-de-masaje-que-revitalizo-mi-melena-esta-primavera","status":"publish","type":"post","link":"https:\/\/www.journee-mondiale.com\/es\/la-verdad-sobre-mi-cuero-cabelludo-despues-de-los-50-5-minutos-de-masaje-que-revitalizo-mi-melena-esta-primavera\/","title":{"rendered":"La verdad sobre mi cuero cabelludo despu\u00e9s de los 50: 5 minutos de masaje que revitaliz\u00f3 mi melena esta primavera"},"content":{"rendered":"<p>La primavera 2025 no solo trae renovaci\u00f3n a la naturaleza, sino tambi\u00e9n a nuestro <strong>cuero cabelludo<\/strong>, especialmente para aquellas mujeres que superan los 50 a\u00f1os. \u00bfSab\u00edas que m\u00e1s del 60% de las mujeres mayores experimentan cambios significativos en la densidad y textura de su cabello? Descubramos juntas c\u00f3mo mimar esta parte tan vital de nuestra belleza que, a menudo, pasa desapercibida.<\/p>\n<h2>El despertar primaveral de tu cuero cabelludo<\/h2>\n<p>Con la llegada de abril, nuestro cuero cabelludo necesita <strong>atenci\u00f3n especial<\/strong> despu\u00e9s del invierno. \u00abDurante esta estaci\u00f3n, el cuero cabelludo requiere una hidrataci\u00f3n m\u00e1s profunda para contrarrestar los efectos de los cambios hormonales propios de la edad\u00bb, explica Mar\u00eda Gonz\u00e1lez, directora del Instituto Capilar de Madrid. El cuero cabelludo es como el suelo f\u00e9rtil de un jard\u00edn: si no lo nutrimos adecuadamente, las flores \u2014nuestro cabello\u2014 no podr\u00e1n florecer con todo su esplendor.<\/p>\n<h2>Rituales de hidrataci\u00f3n que transforman tu melena<\/h2>\n<p>El <strong>masaje capilar<\/strong> no es solo un lujo, sino una necesidad para la mujer madura. Alberto Sanguino, de Llongueras, afirma: \u00abUn masaje circular con aceites esenciales como el de arg\u00e1n o rosa mosqueta, durante 5 minutos tres veces por semana, revitaliza el cuero cabelludo y mejora la circulaci\u00f3n sangu\u00ednea\u00bb.<\/p>\n<p>Te recomiendo estos pasos sencillos:<\/p>\n<ul>\n<li>Aplica el aceite tibio directamente en el cuero cabelludo<\/li>\n<li>Masajea con movimientos circulares durante 5 minutos<\/li>\n<li>Deja actuar 20 minutos antes de lavar<\/li>\n<\/ul>\n<h2>La revoluci\u00f3n del exfoliante capilar<\/h2>\n<p>As\u00ed como exfoliamos nuestro rostro, el <strong>cuero cabelludo<\/strong> tambi\u00e9n necesita librarse de c\u00e9lulas muertas. \u00abLa exfoliaci\u00f3n mensual del cuero cabelludo es fundamental para mujeres mayores, ya que elimina la acumulaci\u00f3n de productos y equilibra el pH\u00bb, se\u00f1ala Carmen Vidal, tric\u00f3loga del Centro de Belleza Capillus.<\/p>\n<p>Durante esta primavera 2025, he descubierto que combinar un <strong>exfoliante natural<\/strong> (mezcla de az\u00facar y aceite de coco) con tratamientos que regulen el pH ayuda a prevenir la sequedad caracter\u00edstica de esta edad.<\/p>\n<h2>Cortes que complementan un cuero cabelludo saludable<\/h2>\n<p>No podemos hablar de cuero cabelludo sin mencionar los cortes que mejor se adaptan a nuestras necesidades. <a href=\"https:\/\/www.journee-mondiale.com\/es\/este-corte-bob-con-capas-suaves-me-quito-5-anos-de-encima-en-solo-3-dias-la-tendencia-rejuvenecedora-de-primavera-2025\/\" target=\"_blank\">El bob con capas suaves<\/a> est\u00e1 revolucionando la primavera al proporcionar movimiento sin tensionar el cuero cabelludo.<\/p>\n<p>Del mismo modo, <a href=\"https:\/\/www.journee-mondiale.com\/es\/el-french-bob-que-alargo-2cm-el-cuello-en-48-horas-y-transformo-vidas-sin-arrepentimientos\/\" target=\"_blank\">el French Bob<\/a> se ha convertido en el aliado perfecto para mujeres con <strong>cabellos finos<\/strong>, ya que distribuye el peso uniformemente sin ejercer presi\u00f3n en las ra\u00edces.<\/p>\n<h2>El secreto de la alimentaci\u00f3n capilar<\/h2>\n<p>Tu cuero cabelludo es el reflejo de tu alimentaci\u00f3n. En primavera, incorpora estos <strong>nutrientes esenciales<\/strong>:<\/p>\n<ul>\n<li>Omega-3 (salm\u00f3n, nueces)<\/li>\n<li>Biotina (huevos, aguacate)<\/li>\n<li>Zinc (semillas de calabaza)<\/li>\n<\/ul>\n<h2>El bob reinventado: aliado de cueros cabelludos maduros<\/h2>\n<p>Para muchas de mis clientas, <a href=\"https:\/\/www.journee-mondiale.com\/es\/5-cortes-que-rejuvenecen-mi-rostro-en-primavera-el-bob-reinventado-cambio-mi-apariencia\/\" target=\"_blank\">el bob reinventado<\/a> ha sido revelador. Este corte funciona como una <strong>terapia capilar<\/strong> natural, distribuyendo mejor el peso del cabello y reduciendo la tensi\u00f3n en el fol\u00edculo piloso.<\/p>\n<p>Por otro lado, <a href=\"https:\/\/www.journee-mondiale.com\/es\/los-5-cortes-de-pelo-que-rejuvenecen-despues-de-los-40-probe-el-bob-en-capas-y-me-quito-5-anos-de-encima\/\" target=\"_blank\">los cortes que rejuvenecen despu\u00e9s de los 40<\/a> no solo embellecen visualmente, sino que facilitan la oxigenaci\u00f3n del cuero cabelludo.<\/p>\n<h2>El mito del lavado frecuente<\/h2>\n<p>Contrario a la creencia popular, las mujeres mayores pueden necesitar <strong>lavados m\u00e1s frecuentes<\/strong>. \u00abEl cuero cabelludo maduro necesita eliminar impurezas regularmente, pero con productos espec\u00edficos sin sulfatos que no eliminen los aceites naturales ya de por s\u00ed escasos\u00bb, recomienda Pedro Mart\u00ednez, investigador capilar.<\/p>\n<p>Una an\u00e9cdota curiosa: una clienta de 67 a\u00f1os comenz\u00f3 a lavar su cabello cada tres d\u00edas con agua tibia (nunca caliente) y su problema de descamaci\u00f3n desapareci\u00f3 en tres semanas.<\/p>\n<h2>\u00bfC\u00f3mo impacta el estr\u00e9s en nuestro cuero cabelludo?<\/h2>\n<p>El cuero cabelludo es como un bar\u00f3metro emocional: registra fielmente nuestros niveles de estr\u00e9s. Durante la primavera, aprovecha para incorporar <strong>t\u00e9cnicas de relajaci\u00f3n<\/strong> que beneficien tanto a tu mente como a tu cabello. Tu melena te lo agradecer\u00e1 con m\u00e1s brillo y vitalidad.<\/p>\n","protected":false},"excerpt":{"rendered":"<p>La primavera 2025 no solo trae renovaci\u00f3n a la naturaleza, sino tambi\u00e9n a nuestro cuero cabelludo, especialmente para aquellas mujeres que superan los 50 a\u00f1os. \u00bfSab\u00edas que m\u00e1s del 60% de las mujeres mayores experimentan cambios significativos en la densidad y textura de su cabello? Descubramos juntas c\u00f3mo mimar esta parte tan vital de nuestra &#8230; <a title=\"La verdad sobre mi cuero cabelludo despu\u00e9s de los 50: 5 minutos de masaje que revitaliz\u00f3 mi melena esta primavera\" class=\"read-more\" href=\"https:\/\/www.journee-mondiale.com\/es\/la-verdad-sobre-mi-cuero-cabelludo-despues-de-los-50-5-minutos-de-masaje-que-revitalizo-mi-melena-esta-primavera\/\" aria-label=\"Leer m\u00e1s sobre La verdad sobre mi cuero cabelludo despu\u00e9s de los 50: 5 minutos de masaje que revitaliz\u00f3 mi melena esta primavera\">Lire plus<\/a><\/p>\n","protected":false},"author":1,"featured_media":12646,"comment_status":"","ping_status":"","sticky":false,"template":"","format":"standard","meta":{"footnotes":""},"categories":[48],"tags":[],"class_list":["post-12647","post","type-post","status-publish","format-standard","has-post-thumbnail","hentry","category-estilo-de-vida"],"acf":[],"_yoast_wpseo_primary_category":null,"_yoast_wpseo_title":null,"_yoast_wpseo_metadesc":null,"_links":{"self":[{"href":"https:\/\/www.journee-mondiale.com\/es\/wp-json\/wp\/v2\/posts\/12647","targetHints":{"allow":["GET"]}}],"collection":[{"href":"https:\/\/www.journee-mondiale.com\/es\/wp-json\/wp\/v2\/posts"}],"about":[{"href":"https:\/\/www.journee-mondiale.com\/es\/wp-json\/wp\/v2\/types\/post"}],"author":[{"embeddable":true,"href":"https:\/\/www.journee-mondiale.com\/es\/wp-json\/wp\/v2\/users\/1"}],"replies":[{"embeddable":true,"href":"https:\/\/www.journee-mondiale.com\/es\/wp-json\/wp\/v2\/comments?post=12647"}],"version-history":[{"count":0,"href":"https:\/\/www.journee-mondiale.com\/es\/wp-json\/wp\/v2\/posts\/12647\/revisions"}],"wp:featuredmedia":[{"embeddable":true,"href":"https:\/\/www.journee-mondiale.com\/es\/wp-json\/wp\/v2\/media\/12646"}],"wp:attachment":[{"href":"https:\/\/www.journee-mondiale.com\/es\/wp-json\/wp\/v2\/media?parent=12647"}],"wp:term":[{"taxonomy":"category","embeddable":true,"href":"https:\/\/www.journee-mondiale.com\/es\/wp-json\/wp\/v2\/categories?post=12647"},{"taxonomy":"post_tag","embeddable":true,"href":"https:\/\/www.journee-mondiale.com\/es\/wp-json\/wp\/v2\/tags?post=12647"}],"curies":[{"name":"wp","href":"https:\/\/api.w.org\/{rel}","templated":true}]}}