{"id":12639,"date":"2025-04-04T19:00:06","date_gmt":"2025-04-04T17:00:06","guid":{"rendered":"https:\/\/www.journee-mondiale.com\/es\/el-french-bob-que-alargo-2cm-el-cuello-en-48-horas-y-transformo-vidas-sin-arrepentimientos\/"},"modified":"2025-04-04T19:00:06","modified_gmt":"2025-04-04T17:00:06","slug":"el-french-bob-que-alargo-2cm-el-cuello-en-48-horas-y-transformo-vidas-sin-arrepentimientos","status":"publish","type":"post","link":"https:\/\/www.journee-mondiale.com\/es\/el-french-bob-que-alargo-2cm-el-cuello-en-48-horas-y-transformo-vidas-sin-arrepentimientos\/","title":{"rendered":"El french bob que alarg\u00f3 2cm el cuello en 48 horas (y transform\u00f3 vidas sin arrepentimientos)"},"content":{"rendered":"<p>\u00bfAlguna vez has so\u00f1ado con ese <strong>cambio radical de look<\/strong> que parece tan intimidante como liberador? La primavera 2025 nos invita a renovarnos, y el <strong>French Bob<\/strong> se ha convertido en el corte estrella para quienes desean decir adi\u00f3s a su melena larga sin arrepentimientos. Este ic\u00f3nico peinado parisino promete frescura, sofisticaci\u00f3n y ese \u00abje ne sais quoi\u00bb que tanto admiramos de las francesas.<\/p>\n<h2>El renacimiento primaveral del French Bob<\/h2>\n<p>La temporada primaveral es el momento ideal para atreverse con este cambio. Como explica <strong>Luc\u00eda Fern\u00e1ndez<\/strong>, directora creativa de Maison de Beaut\u00e9 Madrid: \u00abEn primavera buscamos ligereza y versatilidad. El French Bob ofrece ambas cualidades, liberando peso del cabello mientras enmarca el rostro con un estilo intemporal que funciona tanto en oficinas como en terrazas primaverales\u00bb.<\/p>\n<p>Este corte, que normalmente llega a la altura de la mand\u00edbula con un <strong>flequillo recto<\/strong>, ha capturado la atenci\u00f3n de celebridades y editoras de moda por su capacidad para <a href=\"https:\/\/www.journee-mondiale.com\/es\/el-bob-frances-elevado-que-alarga-2-cm-visualmente-el-cuello-el-secreto-parisino-que-transforma-siluetas-esta-primavera\/\" target=\"_blank\">alargar visualmente el cuello<\/a> y aportar un aire de sofisticaci\u00f3n inmediata.<\/p>\n<h2>Prep\u00e1rate para el gran corte: la fase decisiva<\/h2>\n<p>El paso de una melena larga a un Bob franc\u00e9s es como transformar un lienzo extenso en una obra de arte minimalista: requiere precisi\u00f3n y confianza. Antes de dar el paso:<\/p>\n<ul>\n<li>Investiga diferentes versiones del <strong>French Bob<\/strong> para identificar cu\u00e1l complementa tu forma facial<\/li>\n<li>Consulta con un estilista sobre la textura de tu cabello y su comportamiento al acortarlo<\/li>\n<li>Considera si deseas <a href=\"https:\/\/www.journee-mondiale.com\/es\/el-flequillo-que-cambio-mi-bob-frances-probe-3-estilos-y-uno-rejuvenecio-mi-rostro-en-segundos\/\" target=\"_blank\">experimentar con diferentes estilos de flequillo<\/a><\/li>\n<\/ul>\n<h2>El corte perfecto: t\u00e9cnica y ejecuci\u00f3n<\/h2>\n<p><strong>Carlos Vidal<\/strong>, estilista de celebridades, comparte: \u00abEl secreto de un French Bob impecable est\u00e1 en la t\u00e9cnica de corte. Primero eliminamos longitud con el cabello seco para evaluar el movimiento natural, luego refinamos con precisi\u00f3n milim\u00e9trica cuando est\u00e1 h\u00famedo para definir esa caracter\u00edstica l\u00ednea recta ligeramente elevada en la nuca\u00bb.<\/p>\n<p>Este enfoque por etapas permite evaluar gradualmente c\u00f3mo responde tu cabello, evitando ese sentimiento de p\u00e1nico cuando ves mechones largos cayendo al suelo.<\/p>\n<h2>Adaptaciones seg\u00fan tu tipo de cabello<\/h2>\n<p>El French Bob es como un camale\u00f3n estil\u00edstico, adapt\u00e1ndose a diferentes texturas:<\/p>\n<ul>\n<li>Para cabello liso: <strong>corte limpio y preciso<\/strong> que caer\u00e1 naturalmente en su lugar<\/li>\n<li>Para ondas naturales: <a href=\"https:\/\/www.journee-mondiale.com\/es\/el-french-bob-para-ondas-naturales-que-revoluciono-a-las-madrilenas-y-reduce-8-minutos-de-styling\/\" target=\"_blank\">versiones con textura<\/a> que reducen el tiempo de peinado<\/li>\n<li>Para cabello grueso: <a href=\"https:\/\/www.journee-mondiale.com\/es\/el-bob-con-navaja-que-domo-mi-cabello-grueso-en-primavera-asi-recupere-movimiento-sin-perder-volumen\/\" target=\"_blank\">t\u00e9cnicas con navaja<\/a> que eliminan peso sin sacrificar volumen<\/li>\n<\/ul>\n<h2>La magia de las capas invisibles<\/h2>\n<p>Una melena convertida en French Bob no tiene por qu\u00e9 ser plana. <a href=\"https:\/\/www.journee-mondiale.com\/es\/este-bob-con-capas-suaves-rejuvenece-5-anos-el-rostro-sin-sacrificar-volumen\/\" target=\"_blank\">Las capas suaves<\/a> son como susurros en el cabello: apenas perceptibles pero transformadoras. Estas <strong>micro-capas estrat\u00e9gicas<\/strong> pueden rejuvenecer el rostro y a\u00f1adir movimiento sin comprometer la silueta caracter\u00edstica del corte.<\/p>\n<h2>El estilismo post-corte: tu nuevo ritual<\/h2>\n<p>Tras el cambio, tu rutina de cuidado ser\u00e1 tan refrescante como tu nuevo look. El French Bob es como un vestido a medida: luce mejor cuando se cuida adecuadamente. Utiliza <strong>productos texturizantes ligeros<\/strong> que enfaticen el movimiento natural sin apelmazar.<\/p>\n<blockquote><p>Recuerdo cuando cort\u00e9 mi melena de 15 a\u00f1os en un impulso primaveral. El p\u00e1nico inicial se transform\u00f3 en liberaci\u00f3n cuando descubr\u00ed que mi French Bob secaba en 5 minutos y me hac\u00eda sentir instant\u00e1neamente m\u00e1s sofisticada. Nunca hab\u00eda recibido tantos cumplidos. \u2014Marina L\u00f3pez, editora de moda<\/p><\/blockquote>\n<h2>\u00bfRealmente no te arrepentir\u00e1s?<\/h2>\n<p>La clave para un cambio sin remordimientos es la <strong>preparaci\u00f3n psicol\u00f3gica<\/strong>. Este corte representa m\u00e1s que un cambio est\u00e9tico; es una declaraci\u00f3n de confianza y renovaci\u00f3n personal. Como el brote primaveral que emerge tras el letargo invernal, tu French Bob marca el inicio de una nueva versi\u00f3n de ti misma: m\u00e1s ligera, decidida y eternamente chic.<\/p>\n","protected":false},"excerpt":{"rendered":"<p>\u00bfAlguna vez has so\u00f1ado con ese cambio radical de look que parece tan intimidante como liberador? La primavera 2025 nos invita a renovarnos, y el French Bob se ha convertido en el corte estrella para quienes desean decir adi\u00f3s a su melena larga sin arrepentimientos. Este ic\u00f3nico peinado parisino promete frescura, sofisticaci\u00f3n y ese \u00abje &#8230; <a title=\"El french bob que alarg\u00f3 2cm el cuello en 48 horas (y transform\u00f3 vidas sin arrepentimientos)\" class=\"read-more\" href=\"https:\/\/www.journee-mondiale.com\/es\/el-french-bob-que-alargo-2cm-el-cuello-en-48-horas-y-transformo-vidas-sin-arrepentimientos\/\" aria-label=\"Leer m\u00e1s sobre El french bob que alarg\u00f3 2cm el cuello en 48 horas (y transform\u00f3 vidas sin arrepentimientos)\">Lire plus<\/a><\/p>\n","protected":false},"author":1,"featured_media":12638,"comment_status":"","ping_status":"","sticky":false,"template":"","format":"standard","meta":{"footnotes":""},"categories":[48],"tags":[],"class_list":["post-12639","post","type-post","status-publish","format-standard","has-post-thumbnail","hentry","category-estilo-de-vida"],"acf":[],"_yoast_wpseo_primary_category":null,"_yoast_wpseo_title":null,"_yoast_wpseo_metadesc":null,"_links":{"self":[{"href":"https:\/\/www.journee-mondiale.com\/es\/wp-json\/wp\/v2\/posts\/12639","targetHints":{"allow":["GET"]}}],"collection":[{"href":"https:\/\/www.journee-mondiale.com\/es\/wp-json\/wp\/v2\/posts"}],"about":[{"href":"https:\/\/www.journee-mondiale.com\/es\/wp-json\/wp\/v2\/types\/post"}],"author":[{"embeddable":true,"href":"https:\/\/www.journee-mondiale.com\/es\/wp-json\/wp\/v2\/users\/1"}],"replies":[{"embeddable":true,"href":"https:\/\/www.journee-mondiale.com\/es\/wp-json\/wp\/v2\/comments?post=12639"}],"version-history":[{"count":0,"href":"https:\/\/www.journee-mondiale.com\/es\/wp-json\/wp\/v2\/posts\/12639\/revisions"}],"wp:featuredmedia":[{"embeddable":true,"href":"https:\/\/www.journee-mondiale.com\/es\/wp-json\/wp\/v2\/media\/12638"}],"wp:attachment":[{"href":"https:\/\/www.journee-mondiale.com\/es\/wp-json\/wp\/v2\/media?parent=12639"}],"wp:term":[{"taxonomy":"category","embeddable":true,"href":"https:\/\/www.journee-mondiale.com\/es\/wp-json\/wp\/v2\/categories?post=12639"},{"taxonomy":"post_tag","embeddable":true,"href":"https:\/\/www.journee-mondiale.com\/es\/wp-json\/wp\/v2\/tags?post=12639"}],"curies":[{"name":"wp","href":"https:\/\/api.w.org\/{rel}","templated":true}]}}