{"id":12633,"date":"2025-04-04T14:06:55","date_gmt":"2025-04-04T12:06:55","guid":{"rendered":"https:\/\/www.journee-mondiale.com\/es\/7-pasos-diarios-me-devolvieron-la-movilidad-mi-metodo-gradual-despues-de-1-ano-sin-moverme\/"},"modified":"2025-04-04T14:06:55","modified_gmt":"2025-04-04T12:06:55","slug":"7-pasos-diarios-me-devolvieron-la-movilidad-mi-metodo-gradual-despues-de-1-ano-sin-moverme","status":"publish","type":"post","link":"https:\/\/www.journee-mondiale.com\/es\/7-pasos-diarios-me-devolvieron-la-movilidad-mi-metodo-gradual-despues-de-1-ano-sin-moverme\/","title":{"rendered":"7 pasos diarios me devolvieron la movilidad&#8230; mi m\u00e9todo gradual despu\u00e9s de 1 a\u00f1o sin moverme"},"content":{"rendered":"<p>\u00bfAlguna vez te has sentido como un motor oxidado intentando arrancar despu\u00e9s de meses sin uso? As\u00ed se siente nuestro cuerpo cuando intentamos retomar la actividad f\u00edsica tras un largo periodo de sedentarismo. Pero no te preocupes, <strong>volver al movimiento<\/strong> es m\u00e1s accesible de lo que imaginas si sigues un enfoque inteligente y progresivo.<\/p>\n<h2>El principio de la progresi\u00f3n gradual: tu mejor aliado<\/h2>\n<p>El error m\u00e1s com\u00fan al retomar el ejercicio es querer compensar todo el tiempo perdido en una semana. \u00abLa mayor\u00eda de lesiones que veo en consulta ocurren durante las primeras semanas de retorno a la actividad\u00bb, explica la Dra. Elena Mart\u00ednez, fisioterapeuta deportiva. \u00abEl cuerpo necesita <strong>tiempo de adaptaci\u00f3n<\/strong> para reconstruir su capacidad\u00bb.<\/p>\n<p>Comienza con caminatas cortas de 15-20 minutos tres veces por semana. Gradualmente, puedes <a href=\"https:\/\/www.journee-mondiale.com\/es\/mi-rutina-para-acumular-10-000-pasos-diarios-sin-salir-de-la-oficina-y-como-cambio-mi-salud\/\" target=\"_blank\">aumentar hasta acumular 10.000 pasos diarios<\/a>, un objetivo que transforma la salud cardiovascular sin sobreexigir al cuerpo.<\/p>\n<h2>Convierte tu entorno en tu gimnasio personal<\/h2>\n<p>El ejercicio no requiere equipamiento sofisticado. Tu propio hogar y vecindario ofrecen infinitas posibilidades para reactivarte. Como me confes\u00f3 Manuel, un paciente de 52 a\u00f1os: \u00abDespu\u00e9s de un a\u00f1o sin moverme, <strong>descubr\u00ed que las escaleras de mi edificio<\/strong> eran el mejor gimnasio\u00bb.<\/p>\n<p><a href=\"https:\/\/www.journee-mondiale.com\/es\/las-escaleras-de-mi-edificio-quemaron-300-calorias-en-20-minutos-mi-gimnasio-vertical-gratuito\/\" target=\"_blank\">Utilizar las escaleras diariamente<\/a> puede quemar hasta 300 calor\u00edas en solo 20 minutos, representando un entrenamiento completo para piernas y sistema cardiovascular. Otros entornos cotidianos que puedes aprovechar incluyen:<\/p>\n<ul>\n<li>El parque cercano para sesiones de estiramiento y ejercicios con el peso corporal<\/li>\n<li>Tu sala de estar para rutinas de yoga o pilates siguiendo videos gratuitos<\/li>\n<li>El supermercado, convirti\u00e9ndolo en una caminata m\u00e1s larga eligiendo pasillos estrat\u00e9gicos<\/li>\n<\/ul>\n<h2>El poder transformador de la consistencia sobre la intensidad<\/h2>\n<p>Imagina tu condici\u00f3n f\u00edsica como una cuenta bancaria: los dep\u00f3sitos peque\u00f1os pero <strong>constantes generan<\/strong> m\u00e1s riqueza que las inversiones espor\u00e1dicas y arriesgadas. \u00abUn paciente de 60 a\u00f1os transform\u00f3 completamente su perfil metab\u00f3lico simplemente <a href=\"https:\/\/www.journee-mondiale.com\/es\/nordic-walking-como-queme-46-mas-calorias-caminando-con-bastones-sin-aumentar-mi-esfuerzo\/\" target=\"_blank\">incorporando Nordic Walking<\/a> tres veces por semana\u00bb, relata el Dr. Javier L\u00f3pez, endocrin\u00f3logo.<\/p>\n<h2>Escucha a tu cuerpo: el principio del descanso activo<\/h2>\n<p>Alternar entre d\u00edas de actividad y <strong>descanso activo<\/strong> permite la recuperaci\u00f3n muscular mientras mantienes el momentum. Los d\u00edas de descanso activo pueden incluir:<\/p>\n<ul>\n<li>Estiramientos suaves o yoga restaurativo<\/li>\n<li>Caminatas lentas contemplativas<\/li>\n<li>Tareas dom\u00e9sticas que impliquen movimiento ligero<\/li>\n<\/ul>\n<p>Un estudio del Centro de Investigaci\u00f3n Deportiva de Barcelona demostr\u00f3 que los participantes que implementaron d\u00edas de descanso activo experimentaron <strong>48% menos lesiones<\/strong> que quienes entrenaban intensamente todos los d\u00edas.<\/p>\n<h2>La t\u00e9cnica de transici\u00f3n gradual para actividades de impacto<\/h2>\n<p>Si tu objetivo incluye actividades de mayor impacto como correr, implementa una estrategia de transici\u00f3n. Laura, maratonista rehabilitada, comparte: \u00abDespu\u00e9s de un a\u00f1o sin actividad, <a href=\"https:\/\/www.journee-mondiale.com\/es\/yo-corria-sin-dolor-articular-despues-de-8-semanas-con-este-metodo-gradual-de-transicion\/\" target=\"_blank\">logr\u00e9 volver a correr sin dolor articular<\/a> alternando intervalos de caminar-correr durante ocho semanas\u00bb.<\/p>\n<h2>Nutrici\u00f3n sincronizada: el combustible para tu regreso<\/h2>\n<p>Tu alimentaci\u00f3n debe acompa\u00f1ar este proceso de reactivaci\u00f3n. <strong>Entrenar en ayunas<\/strong> puede parecer atractivo para quemar m\u00e1s grasa, pero <a href=\"https:\/\/www.journee-mondiale.com\/es\/entrene-4-semanas-en-ayunas-asi-cambio-mi-sensibilidad-a-la-insulina-y-por-que-deje-de-hacerlo\/\" target=\"_blank\">podr\u00eda no ser la mejor estrategia inicial<\/a> cuando est\u00e1s retomando el ejercicio.<\/p>\n<p>\u00bfEst\u00e1s listo para darle a tu cuerpo una segunda oportunidad? Recuerda que retomar la actividad f\u00edsica es como despertar a un gigante dormido: requiere paciencia, respeto por sus tiempos y una estrategia inteligente. Comienza hoy mismo con una simple caminata de 15 minutos y observa c\u00f3mo, d\u00eda tras d\u00eda, tu cuerpo responde con gratitud, recuperando gradualmente su fuerza y vitalidad natural.<\/p>\n","protected":false},"excerpt":{"rendered":"<p>\u00bfAlguna vez te has sentido como un motor oxidado intentando arrancar despu\u00e9s de meses sin uso? As\u00ed se siente nuestro cuerpo cuando intentamos retomar la actividad f\u00edsica tras un largo periodo de sedentarismo. Pero no te preocupes, volver al movimiento es m\u00e1s accesible de lo que imaginas si sigues un enfoque inteligente y progresivo. El &#8230; <a title=\"7 pasos diarios me devolvieron la movilidad&#8230; mi m\u00e9todo gradual despu\u00e9s de 1 a\u00f1o sin moverme\" class=\"read-more\" href=\"https:\/\/www.journee-mondiale.com\/es\/7-pasos-diarios-me-devolvieron-la-movilidad-mi-metodo-gradual-despues-de-1-ano-sin-moverme\/\" aria-label=\"Leer m\u00e1s sobre 7 pasos diarios me devolvieron la movilidad&#8230; mi m\u00e9todo gradual despu\u00e9s de 1 a\u00f1o sin moverme\">Lire plus<\/a><\/p>\n","protected":false},"author":1,"featured_media":12632,"comment_status":"","ping_status":"","sticky":false,"template":"","format":"standard","meta":{"footnotes":""},"categories":[51],"tags":[],"class_list":["post-12633","post","type-post","status-publish","format-standard","has-post-thumbnail","hentry","category-deporte"],"acf":[],"_yoast_wpseo_primary_category":null,"_yoast_wpseo_title":null,"_yoast_wpseo_metadesc":null,"_links":{"self":[{"href":"https:\/\/www.journee-mondiale.com\/es\/wp-json\/wp\/v2\/posts\/12633","targetHints":{"allow":["GET"]}}],"collection":[{"href":"https:\/\/www.journee-mondiale.com\/es\/wp-json\/wp\/v2\/posts"}],"about":[{"href":"https:\/\/www.journee-mondiale.com\/es\/wp-json\/wp\/v2\/types\/post"}],"author":[{"embeddable":true,"href":"https:\/\/www.journee-mondiale.com\/es\/wp-json\/wp\/v2\/users\/1"}],"replies":[{"embeddable":true,"href":"https:\/\/www.journee-mondiale.com\/es\/wp-json\/wp\/v2\/comments?post=12633"}],"version-history":[{"count":0,"href":"https:\/\/www.journee-mondiale.com\/es\/wp-json\/wp\/v2\/posts\/12633\/revisions"}],"wp:featuredmedia":[{"embeddable":true,"href":"https:\/\/www.journee-mondiale.com\/es\/wp-json\/wp\/v2\/media\/12632"}],"wp:attachment":[{"href":"https:\/\/www.journee-mondiale.com\/es\/wp-json\/wp\/v2\/media?parent=12633"}],"wp:term":[{"taxonomy":"category","embeddable":true,"href":"https:\/\/www.journee-mondiale.com\/es\/wp-json\/wp\/v2\/categories?post=12633"},{"taxonomy":"post_tag","embeddable":true,"href":"https:\/\/www.journee-mondiale.com\/es\/wp-json\/wp\/v2\/tags?post=12633"}],"curies":[{"name":"wp","href":"https:\/\/api.w.org\/{rel}","templated":true}]}}