{"id":12631,"date":"2025-04-04T13:06:23","date_gmt":"2025-04-04T11:06:23","guid":{"rendered":"https:\/\/www.journee-mondiale.com\/es\/este-corte-bob-con-capas-suaves-me-quito-5-anos-de-encima-en-solo-3-dias-la-tendencia-rejuvenecedora-de-primavera-2025\/"},"modified":"2025-04-04T13:06:23","modified_gmt":"2025-04-04T11:06:23","slug":"este-corte-bob-con-capas-suaves-me-quito-5-anos-de-encima-en-solo-3-dias-la-tendencia-rejuvenecedora-de-primavera-2025","status":"publish","type":"post","link":"https:\/\/www.journee-mondiale.com\/es\/este-corte-bob-con-capas-suaves-me-quito-5-anos-de-encima-en-solo-3-dias-la-tendencia-rejuvenecedora-de-primavera-2025\/","title":{"rendered":"Este corte bob con capas suaves me quit\u00f3 5 a\u00f1os de encima en solo 3 d\u00edas (la tendencia rejuvenecedora de primavera 2025)"},"content":{"rendered":"<p>La primavera 2025 trae consigo una revelaci\u00f3n capilar que est\u00e1 conquistando salones de belleza en toda Espa\u00f1a: el pelo corto con capas suaves se ha convertido en el secreto mejor guardado para rejuvenecer instant\u00e1neamente. \u00bfPor qu\u00e9 esta tendencia est\u00e1 causando sensaci\u00f3n? Porque <strong>combina elegancia y practicidad<\/strong> mientras resta a\u00f1os al rostro, algo especialmente valioso cuando buscamos renovar nuestra imagen con la llegada del buen tiempo.<\/p>\n<h2>El efecto rejuvenecedor de las capas suaves<\/h2>\n<p>Las capas estrat\u00e9gicamente colocadas tienen un poder transformador sobre nuestras facciones. La <strong>Dra. Elena Mart\u00ednez<\/strong>, dermat\u00f3loga especializada en salud capilar, explica: \u00abLas capas suaves enmarcan el rostro creando un efecto \u00f3ptico que suaviza l\u00edneas de expresi\u00f3n y aporta luminosidad, dos factores clave para conseguir un aspecto m\u00e1s juvenil\u00bb.<\/p>\n<p>Este estilo act\u00faa como un aut\u00e9ntico <strong>lifting natural<\/strong>, elevando visualmente los rasgos faciales y aportando movimiento donde antes hab\u00eda rigidez. No es coincidencia que muchas mujeres que han optado por <a href=\"https:\/\/www.journee-mondiale.com\/es\/los-5-cortes-de-pelo-que-rejuvenecen-despues-de-los-40-probe-el-bob-en-capas-y-me-quito-5-anos-de-encima\/\" target=\"_blank\">este tipo de cortes despu\u00e9s de los 40<\/a> reporten sentirse hasta cinco a\u00f1os m\u00e1s j\u00f3venes.<\/p>\n<h2>El bob capado: revoluci\u00f3n primaveral de 2025<\/h2>\n<p>Entre las variantes m\u00e1s populares destaca el <strong>bob con capas suaves<\/strong>, un estilo que combina la elegancia cl\u00e1sica del bob tradicional con el dinamismo de las capas estrat\u00e9gicas. \u00abEste corte es maravilloso porque mantiene suficiente longitud para versatilidad pero incorpora capas que liberan peso y a\u00f1aden movimiento\u00bb, comenta Carlos Jim\u00e9nez, estilista de celebridades en Madrid.<\/p>\n<p>Un <a href=\"https:\/\/www.journee-mondiale.com\/es\/este-bob-con-capas-suaves-rejuvenece-5-anos-el-rostro-sin-sacrificar-volumen\/\" target=\"_blank\">bob con capas suaves<\/a> funciona como un <strong>equilibrista experto<\/strong> entre el volumen y la ligereza, manteniendo densidad donde se necesita mientras elimina peso en las \u00e1reas estrat\u00e9gicas.<\/p>\n<h2>Complementos que potencian el efecto antiedad<\/h2>\n<p>El flequillo juega un papel fundamental en esta ecuaci\u00f3n rejuvenecedora. Como descubr\u00ed personalmente al <a href=\"https:\/\/www.journee-mondiale.com\/es\/el-flequillo-que-cambio-mi-bob-frances-probe-3-estilos-y-uno-rejuvenecio-mi-rostro-en-segundos\/\" target=\"_blank\">probar diferentes estilos de flequillo<\/a>, ciertos tipos pueden transformar un rostro instant\u00e1neamente.<\/p>\n<p>Los beneficios m\u00e1s destacados de este estilo incluyen:<\/p>\n<ul>\n<li>Efecto lifting natural sin intervenciones<\/li>\n<li>Adaptabilidad a diferentes texturas capilares<\/li>\n<li>Reducci\u00f3n del tiempo de peinado diario<\/li>\n<\/ul>\n<h2>T\u00e9cnicas innovadoras para cabello grueso<\/h2>\n<p>Para quienes tienen <strong>cabello abundante<\/strong>, la t\u00e9cnica del <a href=\"https:\/\/www.journee-mondiale.com\/es\/el-bob-con-navaja-que-domo-mi-cabello-grueso-en-primavera-asi-recupere-movimiento-sin-perder-volumen\/\" target=\"_blank\">bob trabajado con navaja<\/a> ofrece una soluci\u00f3n revolucionaria. Esta t\u00e9cnica elimina el peso excesivo manteniendo el volumen donde realmente importa.<\/p>\n<p>El estilista Ricardo M\u00e9ndez del Sal\u00f3n Oramai se\u00f1ala: \u00abLas texturas sin esfuerzo que celebran la belleza natural del cabello ser\u00e1n protagonistas esta primavera 2025, especialmente con capas que facilitan el movimiento sin sacrificar personalidad\u00bb.<\/p>\n<h2>La opci\u00f3n perfecta para mujeres maduras<\/h2>\n<p>Particularly for women over 50, <a href=\"https:\/\/www.journee-mondiale.com\/es\/el-bob-corto-que-rejuvenece-mi-rostro-a-los-50-asi-cambio-mi-apariencia-en-solo-3-dias-y-requiere-minimo-mantenimiento\/\" target=\"_blank\">el bob corto con capas<\/a> ofrece <strong>beneficios adicionales<\/strong>:<\/p>\n<ul>\n<li>Mantenimiento m\u00ednimo ideal para vidas activas<\/li>\n<li>Efecto visual de mayor densidad capilar<\/li>\n<li>Adaptaci\u00f3n perfecta a los cambios de textura por la edad<\/li>\n<\/ul>\n<h2>\u00bfC\u00f3mo mantener este corte en su mejor forma?<\/h2>\n<p>La clave para mantener el <strong>efecto rejuvenecedor<\/strong> de las capas suaves est\u00e1 en los productos adecuados. Los sprays texturizantes ligeros se han convertido en el aliado indispensable para estas melenas, actuando como una \u00abvitamina instant\u00e1nea\u00bb para el cabello, aportando volumen y definici\u00f3n sin apelmazarlo.<\/p>\n<h2>\u00bfEs este corte para todas?<\/h2>\n<p>\u00bfPodemos todas beneficiarnos de esta tendencia? La buena noticia es que las <strong>capas suaves son extremadamente vers\u00e1tiles<\/strong> y pueden adaptarse a casi cualquier tipo facial y textura capilar. Como en una receta personalizada, un buen estilista ajustar\u00e1 la longitud y posici\u00f3n de las capas seg\u00fan tus rasgos espec\u00edficos, proporcionando ese efecto rejuvenecedor tan deseado esta primavera.<\/p>\n","protected":false},"excerpt":{"rendered":"<p>La primavera 2025 trae consigo una revelaci\u00f3n capilar que est\u00e1 conquistando salones de belleza en toda Espa\u00f1a: el pelo corto con capas suaves se ha convertido en el secreto mejor guardado para rejuvenecer instant\u00e1neamente. \u00bfPor qu\u00e9 esta tendencia est\u00e1 causando sensaci\u00f3n? Porque combina elegancia y practicidad mientras resta a\u00f1os al rostro, algo especialmente valioso cuando &#8230; <a title=\"Este corte bob con capas suaves me quit\u00f3 5 a\u00f1os de encima en solo 3 d\u00edas (la tendencia rejuvenecedora de primavera 2025)\" class=\"read-more\" href=\"https:\/\/www.journee-mondiale.com\/es\/este-corte-bob-con-capas-suaves-me-quito-5-anos-de-encima-en-solo-3-dias-la-tendencia-rejuvenecedora-de-primavera-2025\/\" aria-label=\"Leer m\u00e1s sobre Este corte bob con capas suaves me quit\u00f3 5 a\u00f1os de encima en solo 3 d\u00edas (la tendencia rejuvenecedora de primavera 2025)\">Lire plus<\/a><\/p>\n","protected":false},"author":1,"featured_media":12630,"comment_status":"","ping_status":"","sticky":false,"template":"","format":"standard","meta":{"footnotes":""},"categories":[48],"tags":[],"class_list":["post-12631","post","type-post","status-publish","format-standard","has-post-thumbnail","hentry","category-estilo-de-vida"],"acf":[],"_yoast_wpseo_primary_category":null,"_yoast_wpseo_title":null,"_yoast_wpseo_metadesc":null,"_links":{"self":[{"href":"https:\/\/www.journee-mondiale.com\/es\/wp-json\/wp\/v2\/posts\/12631","targetHints":{"allow":["GET"]}}],"collection":[{"href":"https:\/\/www.journee-mondiale.com\/es\/wp-json\/wp\/v2\/posts"}],"about":[{"href":"https:\/\/www.journee-mondiale.com\/es\/wp-json\/wp\/v2\/types\/post"}],"author":[{"embeddable":true,"href":"https:\/\/www.journee-mondiale.com\/es\/wp-json\/wp\/v2\/users\/1"}],"replies":[{"embeddable":true,"href":"https:\/\/www.journee-mondiale.com\/es\/wp-json\/wp\/v2\/comments?post=12631"}],"version-history":[{"count":0,"href":"https:\/\/www.journee-mondiale.com\/es\/wp-json\/wp\/v2\/posts\/12631\/revisions"}],"wp:featuredmedia":[{"embeddable":true,"href":"https:\/\/www.journee-mondiale.com\/es\/wp-json\/wp\/v2\/media\/12630"}],"wp:attachment":[{"href":"https:\/\/www.journee-mondiale.com\/es\/wp-json\/wp\/v2\/media?parent=12631"}],"wp:term":[{"taxonomy":"category","embeddable":true,"href":"https:\/\/www.journee-mondiale.com\/es\/wp-json\/wp\/v2\/categories?post=12631"},{"taxonomy":"post_tag","embeddable":true,"href":"https:\/\/www.journee-mondiale.com\/es\/wp-json\/wp\/v2\/tags?post=12631"}],"curies":[{"name":"wp","href":"https:\/\/api.w.org\/{rel}","templated":true}]}}