{"id":12616,"date":"2025-04-03T19:00:10","date_gmt":"2025-04-03T17:00:10","guid":{"rendered":"https:\/\/www.journee-mondiale.com\/es\/las-5-trenzas-sofisticadas-que-revolucionan-la-primavera-2025-la-tercera-multiplica-el-volumen-un-70\/"},"modified":"2025-04-03T19:00:10","modified_gmt":"2025-04-03T17:00:10","slug":"las-5-trenzas-sofisticadas-que-revolucionan-la-primavera-2025-la-tercera-multiplica-el-volumen-un-70","status":"publish","type":"post","link":"https:\/\/www.journee-mondiale.com\/es\/las-5-trenzas-sofisticadas-que-revolucionan-la-primavera-2025-la-tercera-multiplica-el-volumen-un-70\/","title":{"rendered":"Las 5 trenzas sofisticadas que revolucionan la primavera 2025 (la tercera multiplica el volumen un 70%)"},"content":{"rendered":"<p>La primavera 2025 ha llegado con fuerza y las <strong>trenzas sofisticadas<\/strong> se posicionan como el peinado estrella para quienes buscan renovar su imagen sin perder elegancia. M\u00e1s all\u00e1 de ser un estilo tradicional, las trenzas modernas han evolucionado hasta convertirse en verdaderas obras de arte capilares que combinan t\u00e9cnica, creatividad y un toque de rebeld\u00eda controlada.<\/p>\n<h2>La revoluci\u00f3n de las trenzas en la temporada primaveral<\/h2>\n<p>La versatilidad de las <strong>trenzas contempor\u00e1neas<\/strong> ha conquistado las pasarelas europeas esta primavera. \u00abLas trenzas ya no son simplemente un peinado b\u00e1sico, sino una declaraci\u00f3n de estilo que refleja personalidad y sofisticaci\u00f3n\u00bb, afirma Elena Mart\u00ednez, directora creativa del prestigioso sal\u00f3n Belleza Vanguardia en Madrid.<\/p>\n<p>La tendencia actual fusiona lo cl\u00e1sico con toques modernos, ideal para quienes desean mantener su cabello controlado durante las brisas primaverales sin sacrificar estilo. Muchas madrile\u00f1as est\u00e1n optando por <a href=\"https:\/\/www.journee-mondiale.com\/es\/los-recogidos-con-trenza-que-salvaron-mi-look-en-3-bodas-de-primavera-el-mono-trenzado-cambio-todo\/\" target=\"_blank\">recogidos con trenza para eventos primaverales<\/a>, transformando completamente sus looks.<\/p>\n<h2>La trenza corona reinventada: realeza contempor\u00e1nea<\/h2>\n<p>La <strong>trenza corona<\/strong> ha experimentado una fascinante evoluci\u00f3n esta temporada. Como un marco que realza las facciones, esta t\u00e9cnica abraza la cabeza creando un efecto visual similar a una diadema natural. Para potenciar este estilo, a\u00f1ade peque\u00f1as flores primaverales entrelazadas, creando un contraste entre lo estructurado de la trenza y lo org\u00e1nico de los elementos naturales.<\/p>\n<blockquote><p>Las trenzas corona son como arquitectura para el rostro: estructuran, definen y elevan cualquier fisonom\u00eda con una elegancia atemporal. &#8211; Carlos Vidal, estilista de celebridades<\/p><\/blockquote>\n<h2>Microbraid cascade: la tendencia revelaci\u00f3n<\/h2>\n<p>Las <strong>microtrenzas en cascada<\/strong> representan la fusi\u00f3n perfecta entre lo bohemio y lo sofisticado. Esta t\u00e9cnica consiste en crear m\u00faltiples trenzas diminutas que caen libremente sobre el resto del cabello, como un delicado velo de textura que aporta dimensi\u00f3n y movimiento.<\/p>\n<p>Para quienes buscan rejuvenecer su imagen este 2025, las trenzas pueden complementar perfectamente <a href=\"https:\/\/www.journee-mondiale.com\/es\/5-cortes-que-rejuvenecen-mi-rostro-en-primavera-el-bob-reinventado-cambio-mi-apariencia\/\" target=\"_blank\">cortes que rejuvenecen el rostro en primavera<\/a>, creando una armon\u00eda visual refrescante.<\/p>\n<h2>Trenzas laterales con volumen: equilibrio perfecto<\/h2>\n<p>Las <strong>trenzas laterales voluminosas<\/strong> son como esculturas capilares que enmarcan el rostro con dram\u00e1tico efecto. Este estilo, particularmente favorecedor para quienes tienen <a href=\"https:\/\/www.journee-mondiale.com\/es\/el-french-bob-para-ondas-naturales-que-revoluciono-a-las-madrilenas-y-reduce-8-minutos-de-styling\/\" target=\"_blank\">ondas naturales como el French bob<\/a>, requiere estos pasos:<\/p>\n<ul>\n<li>Aplicar <strong>texturizador en spray<\/strong> para crear agarre<\/li>\n<li>Despeinar ligeramente para a\u00f1adir volumen antes de trenzar<\/li>\n<li>Asegurar con horquillas decorativas para un toque elegante<\/li>\n<\/ul>\n<h2>El renacimiento de la trenza espiga para cabello fino<\/h2>\n<p>La <strong>trenza espiga<\/strong> act\u00faa como un amplificador visual del cabello, creando la ilusi\u00f3n de mayor densidad. Esta t\u00e9cnica ha sido redescubierta especialmente por mujeres con cabello fino o <a href=\"https:\/\/www.journee-mondiale.com\/es\/como-recupere-mi-cabello-debilitado-a-los-50-los-5-peinados-de-primavera-2025-que-multiplicaron-mi-volumen-natural\/\" target=\"_blank\">cabello debilitado que buscan multiplicar su volumen<\/a>.<\/p>\n<p>Un consejo de experto: realizar la trenza con el cabello ligeramente h\u00famedo y dejarla secar naturalmente crear\u00e1 un efecto ondulado cuando la deshagas, multiplicando las posibilidades estil\u00edsticas.<\/p>\n<h2>Trenza holandesa invertida: profundidad tridimensional<\/h2>\n<p>La <strong>trenza holandesa invertida<\/strong> se ha convertido en la joya de las t\u00e9cnicas modernas por su efecto tridimensional. Como un r\u00edo de cabello que fluye sobre un lecho elevado, esta trenza crea profundidad y textura.<\/p>\n<ul>\n<li>Ideal para combinar con <strong>flequillos<\/strong> o <a href=\"https:\/\/www.journee-mondiale.com\/es\/el-flequillo-que-cambio-mi-bob-frances-probe-3-estilos-y-uno-rejuvenecio-mi-rostro-en-segundos\/\" target=\"_blank\">estilos de flequillo que transforman un bob franc\u00e9s<\/a><\/li>\n<li>Perfecto para eventos donde deseas lucir sofisticada sin parecer demasiado formal<\/li>\n<li>Mantiene el cabello disciplinado durante toda la jornada primaveral<\/li>\n<\/ul>\n<h2>\u00bfLista para reinventar tu imagen esta primavera?<\/h2>\n<p>Las trenzas modernas son como piezas de alta costura para tu cabello: transmiten dedicaci\u00f3n, atenci\u00f3n al detalle y una elegancia vanguardista que perdura en el tiempo. Atr\u00e9vete a explorar estas t\u00e9cnicas renovadas que transformar\u00e1n tu cabello en un lienzo de expresi\u00f3n personal, tan cambiante y vibrante como la misma primavera que nos envuelve.<\/p>\n","protected":false},"excerpt":{"rendered":"<p>La primavera 2025 ha llegado con fuerza y las trenzas sofisticadas se posicionan como el peinado estrella para quienes buscan renovar su imagen sin perder elegancia. M\u00e1s all\u00e1 de ser un estilo tradicional, las trenzas modernas han evolucionado hasta convertirse en verdaderas obras de arte capilares que combinan t\u00e9cnica, creatividad y un toque de rebeld\u00eda &#8230; <a title=\"Las 5 trenzas sofisticadas que revolucionan la primavera 2025 (la tercera multiplica el volumen un 70%)\" class=\"read-more\" href=\"https:\/\/www.journee-mondiale.com\/es\/las-5-trenzas-sofisticadas-que-revolucionan-la-primavera-2025-la-tercera-multiplica-el-volumen-un-70\/\" aria-label=\"Leer m\u00e1s sobre Las 5 trenzas sofisticadas que revolucionan la primavera 2025 (la tercera multiplica el volumen un 70%)\">Lire plus<\/a><\/p>\n","protected":false},"author":1,"featured_media":12615,"comment_status":"","ping_status":"","sticky":false,"template":"","format":"standard","meta":{"footnotes":""},"categories":[48],"tags":[],"class_list":["post-12616","post","type-post","status-publish","format-standard","has-post-thumbnail","hentry","category-estilo-de-vida"],"acf":[],"_yoast_wpseo_primary_category":null,"_yoast_wpseo_title":null,"_yoast_wpseo_metadesc":null,"_links":{"self":[{"href":"https:\/\/www.journee-mondiale.com\/es\/wp-json\/wp\/v2\/posts\/12616","targetHints":{"allow":["GET"]}}],"collection":[{"href":"https:\/\/www.journee-mondiale.com\/es\/wp-json\/wp\/v2\/posts"}],"about":[{"href":"https:\/\/www.journee-mondiale.com\/es\/wp-json\/wp\/v2\/types\/post"}],"author":[{"embeddable":true,"href":"https:\/\/www.journee-mondiale.com\/es\/wp-json\/wp\/v2\/users\/1"}],"replies":[{"embeddable":true,"href":"https:\/\/www.journee-mondiale.com\/es\/wp-json\/wp\/v2\/comments?post=12616"}],"version-history":[{"count":0,"href":"https:\/\/www.journee-mondiale.com\/es\/wp-json\/wp\/v2\/posts\/12616\/revisions"}],"wp:featuredmedia":[{"embeddable":true,"href":"https:\/\/www.journee-mondiale.com\/es\/wp-json\/wp\/v2\/media\/12615"}],"wp:attachment":[{"href":"https:\/\/www.journee-mondiale.com\/es\/wp-json\/wp\/v2\/media?parent=12616"}],"wp:term":[{"taxonomy":"category","embeddable":true,"href":"https:\/\/www.journee-mondiale.com\/es\/wp-json\/wp\/v2\/categories?post=12616"},{"taxonomy":"post_tag","embeddable":true,"href":"https:\/\/www.journee-mondiale.com\/es\/wp-json\/wp\/v2\/tags?post=12616"}],"curies":[{"name":"wp","href":"https:\/\/api.w.org\/{rel}","templated":true}]}}