{"id":12594,"date":"2025-04-02T19:00:13","date_gmt":"2025-04-02T17:00:13","guid":{"rendered":"https:\/\/www.journee-mondiale.com\/es\/la-ciencia-detras-del-cabello-plateado-5-tecnicas-japonesas-que-prolongan-tu-color-40-mas-tiempo-y-evitan-el-tono-amarillento\/"},"modified":"2025-04-02T19:00:13","modified_gmt":"2025-04-02T17:00:13","slug":"la-ciencia-detras-del-cabello-plateado-5-tecnicas-japonesas-que-prolongan-tu-color-40-mas-tiempo-y-evitan-el-tono-amarillento","status":"publish","type":"post","link":"https:\/\/www.journee-mondiale.com\/es\/la-ciencia-detras-del-cabello-plateado-5-tecnicas-japonesas-que-prolongan-tu-color-40-mas-tiempo-y-evitan-el-tono-amarillento\/","title":{"rendered":"La ciencia detr\u00e1s del cabello plateado: 5 t\u00e9cnicas japonesas que prolongan tu color 40% m\u00e1s tiempo (y evitan el tono amarillento)"},"content":{"rendered":"<p>La primavera de 2025 trae nuevos desaf\u00edos para quienes lucen con orgullo su cabello canoso te\u00f1ido. Con los cambios de temperatura y el aumento de la exposici\u00f3n solar, mantener ese color vibrante se convierte en todo un arte. Descubre c\u00f3mo los expertos est\u00e1n revolucionando el cuidado del cabello maduro con t\u00e9cnicas que transformar\u00e1n tu rutina capilar.<\/p>\n<h2>El secreto profesional: tratar las canas antes que el resto del cabello<\/h2>\n<p>Seg\u00fan <strong>Martina Campos<\/strong>, estilista principal del prestigioso Sal\u00f3n Belleza Pura en Madrid, \u00abel error m\u00e1s com\u00fan que cometen mis clientas es aplicar el tinte uniformemente. Las canas necesitan m\u00e1s tiempo de exposici\u00f3n para absorber el pigmento correctamente\u00bb. La clave est\u00e1 en comenzar la aplicaci\u00f3n por las zonas m\u00e1s resistentes, especialmente sienes y coronilla, donde las canas suelen acumularse.<\/p>\n<p>Una <strong>t\u00e9cnica revolucionaria<\/strong> consiste en preparar el cabello canoso con un pre-tratamiento espec\u00edfico 24 horas antes de la coloraci\u00f3n. Este m\u00e9todo, inspirado en rituales capilares japoneses, aumenta la porosidad del cabello y mejora la penetraci\u00f3n del color hasta un 40%.<\/p>\n<h2>Tu rutina de lavado est\u00e1 saboteando tu color (y c\u00f3mo solucionarlo)<\/h2>\n<p>El agua caliente es como un ladr\u00f3n silencioso que se lleva los pigmentos de tu cabello. Reduce la frecuencia de lavado a dos veces por semana y utiliza agua templada, finalizando con un enjuague fr\u00edo para sellar la cut\u00edcula.<\/p>\n<blockquote><p>El agua tibia es para el cabello te\u00f1ido lo que el sol suave de primavera para una flor: nutre sin da\u00f1ar. El agua caliente, en cambio, es como el sol abrasador del verano que marchita todo a su paso.<\/p><\/blockquote>\n<p>Para mantener fresco tu <strong>cabello plateado<\/strong> entre lavados, descubre <a href=\"https:\/\/www.journee-mondiale.com\/es\/descubri-que-mi-cabello-plateado-pierde-brillo-en-primavera-5-mascarillas-caseras-que-devolvieron-mi-luminosidad-natural-y-como-el-romero-cambio-todo\/\" target=\"_blank\">estas mascarillas caseras que devuelven luminosidad natural<\/a> y combaten el temido tono amarillento que aparece con la oxidaci\u00f3n.<\/p>\n<h2>El escudo protector primaveral que necesita tu melena<\/h2>\n<p>Esta temporada, los <strong>protectores solares capilares<\/strong> se han convertido en imprescindibles. No son solo para la playa; deber\u00edan formar parte de tu rutina diaria, especialmente si vives en ciudades soleadas como Barcelona o Valencia.<\/p>\n<ul>\n<li>Aplica protector solar capilar cada ma\u00f1ana antes de salir<\/li>\n<li>Reaplica a mediod\u00eda si pasas tiempo al aire libre<\/li>\n<li>Lleva sombreros o pa\u00f1uelos en las horas de mayor intensidad solar<\/li>\n<\/ul>\n<h2>El corte que maximiza la belleza del cabello te\u00f1ido y canoso<\/h2>\n<p>El <strong>corte adecuado<\/strong> puede ser tu mejor aliado. \u00abUn cabello bien cortado necesita menos producto y menos calor para lucir impecable, lo que preserva el color por m\u00e1s tiempo\u00bb, explica <strong>Carlos Vidal<\/strong>, reconocido por sus transformaciones en clientas maduras.<\/p>\n<p>Las melenas m\u00e1s cortas como <a href=\"https:\/\/www.journee-mondiale.com\/es\/el-bob-frances-elevado-que-alarga-2-cm-visualmente-el-cuello-el-secreto-parisino-que-transforma-siluetas-esta-primavera\/\" target=\"_blank\">el bob franc\u00e9s elevado<\/a> o <a href=\"https:\/\/www.journee-mondiale.com\/es\/el-french-bob-para-ondas-naturales-que-revoluciono-a-las-madrilenas-y-reduce-8-minutos-de-styling\/\" target=\"_blank\">el french bob para ondas naturales<\/a> reducen el tiempo de secado y estilizado, minimizando el da\u00f1o t\u00e9rmico que decolora tu cabello.<\/p>\n<h2>Nutrici\u00f3n intensiva: el ritual semanal que transformar\u00e1 tu cabello<\/h2>\n<p>Tu <strong>cabello te\u00f1ido y canoso<\/strong> necesita hidrataci\u00f3n extra. Implementa mascarillas semanales ricas en queratina y aceites naturales. Para resultados \u00f3ptimos, cubre tu cabello con un gorro de ducha y aplica calor moderado con un secador durante 5 minutos.<\/p>\n<p>\u00bfSab\u00edas que el <a href=\"https:\/\/www.journee-mondiale.com\/es\/el-secreto-de-las-estilistas-catalanas-para-devolver-el-brillo-al-cabello-reseco-3-trucos-que-transforman-tu-melena-en-21-dias\/\" target=\"_blank\">secreto de las estilistas catalanas para devolver el brillo al cabello reseco<\/a> est\u00e1 revolucionando la manera de tratar melenas maduras? Sus t\u00e9cnicas milenarias combinadas con ingredientes mediterr\u00e1neos logran resultados sorprendentes.<\/p>\n<h2>El detalle que cambia todo: el poder del flequillo<\/h2>\n<p>Sorprendentemente, <a href=\"https:\/\/www.journee-mondiale.com\/es\/el-flequillo-que-cambio-mi-bob-frances-probe-3-estilos-y-uno-rejuvenecio-mi-rostro-en-segundos\/\" target=\"_blank\">un flequillo bien dise\u00f1ado puede rejuvenecer tu rostro en segundos<\/a> y atraer la atenci\u00f3n hacia tus ojos, creando un marco perfecto que realza el color de tu cabello.<\/p>\n<ul>\n<li>El flequillo cortina suaviza las facciones y disimula arrugas<\/li>\n<li>El flequillo desfilado aporta movimiento y textura<\/li>\n<li>El micro-flequillo crea un efecto moderno y atemporal<\/li>\n<\/ul>\n<p>Tu cabello te\u00f1ido y canoso merece brillar con luz propia esta primavera. Como los buenos vinos, mejora con el tiempo cuando recibe los cuidados adecuados. \u00bfEst\u00e1s lista para lucir una melena que refleje toda tu experiencia y personalidad con un color impecable?<\/p>\n","protected":false},"excerpt":{"rendered":"<p>La primavera de 2025 trae nuevos desaf\u00edos para quienes lucen con orgullo su cabello canoso te\u00f1ido. Con los cambios de temperatura y el aumento de la exposici\u00f3n solar, mantener ese color vibrante se convierte en todo un arte. Descubre c\u00f3mo los expertos est\u00e1n revolucionando el cuidado del cabello maduro con t\u00e9cnicas que transformar\u00e1n tu rutina &#8230; <a title=\"La ciencia detr\u00e1s del cabello plateado: 5 t\u00e9cnicas japonesas que prolongan tu color 40% m\u00e1s tiempo (y evitan el tono amarillento)\" class=\"read-more\" href=\"https:\/\/www.journee-mondiale.com\/es\/la-ciencia-detras-del-cabello-plateado-5-tecnicas-japonesas-que-prolongan-tu-color-40-mas-tiempo-y-evitan-el-tono-amarillento\/\" aria-label=\"Leer m\u00e1s sobre La ciencia detr\u00e1s del cabello plateado: 5 t\u00e9cnicas japonesas que prolongan tu color 40% m\u00e1s tiempo (y evitan el tono amarillento)\">Lire plus<\/a><\/p>\n","protected":false},"author":1,"featured_media":12593,"comment_status":"","ping_status":"","sticky":false,"template":"","format":"standard","meta":{"footnotes":""},"categories":[48],"tags":[],"class_list":["post-12594","post","type-post","status-publish","format-standard","has-post-thumbnail","hentry","category-estilo-de-vida"],"acf":[],"_yoast_wpseo_primary_category":null,"_yoast_wpseo_title":null,"_yoast_wpseo_metadesc":null,"_links":{"self":[{"href":"https:\/\/www.journee-mondiale.com\/es\/wp-json\/wp\/v2\/posts\/12594","targetHints":{"allow":["GET"]}}],"collection":[{"href":"https:\/\/www.journee-mondiale.com\/es\/wp-json\/wp\/v2\/posts"}],"about":[{"href":"https:\/\/www.journee-mondiale.com\/es\/wp-json\/wp\/v2\/types\/post"}],"author":[{"embeddable":true,"href":"https:\/\/www.journee-mondiale.com\/es\/wp-json\/wp\/v2\/users\/1"}],"replies":[{"embeddable":true,"href":"https:\/\/www.journee-mondiale.com\/es\/wp-json\/wp\/v2\/comments?post=12594"}],"version-history":[{"count":0,"href":"https:\/\/www.journee-mondiale.com\/es\/wp-json\/wp\/v2\/posts\/12594\/revisions"}],"wp:featuredmedia":[{"embeddable":true,"href":"https:\/\/www.journee-mondiale.com\/es\/wp-json\/wp\/v2\/media\/12593"}],"wp:attachment":[{"href":"https:\/\/www.journee-mondiale.com\/es\/wp-json\/wp\/v2\/media?parent=12594"}],"wp:term":[{"taxonomy":"category","embeddable":true,"href":"https:\/\/www.journee-mondiale.com\/es\/wp-json\/wp\/v2\/categories?post=12594"},{"taxonomy":"post_tag","embeddable":true,"href":"https:\/\/www.journee-mondiale.com\/es\/wp-json\/wp\/v2\/tags?post=12594"}],"curies":[{"name":"wp","href":"https:\/\/api.w.org\/{rel}","templated":true}]}}