{"id":12580,"date":"2025-04-02T09:06:01","date_gmt":"2025-04-02T07:06:01","guid":{"rendered":"https:\/\/www.journee-mondiale.com\/es\/el-flequillo-que-cambio-mi-bob-frances-probe-3-estilos-y-uno-rejuvenecio-mi-rostro-en-segundos\/"},"modified":"2025-04-02T09:06:01","modified_gmt":"2025-04-02T07:06:01","slug":"el-flequillo-que-cambio-mi-bob-frances-probe-3-estilos-y-uno-rejuvenecio-mi-rostro-en-segundos","status":"publish","type":"post","link":"https:\/\/www.journee-mondiale.com\/es\/el-flequillo-que-cambio-mi-bob-frances-probe-3-estilos-y-uno-rejuvenecio-mi-rostro-en-segundos\/","title":{"rendered":"El flequillo que cambi\u00f3 mi bob franc\u00e9s: prob\u00e9 3 estilos y uno rejuveneci\u00f3 mi rostro en segundos"},"content":{"rendered":"<p>La primavera 2025 trae consigo una renovaci\u00f3n capilar que nos invita a experimentar con el ic\u00f3nico <strong>bob franc\u00e9s<\/strong>, ese corte chic que conquist\u00f3 Par\u00eds y ahora reina en nuestras calles. Pero lo que realmente transforma este estilo es el flequillo que elijas. \u00bfTe has preguntado cu\u00e1l realzar\u00eda mejor tus facciones? Descubramos juntos el secreto para elegir el flequillo perfecto que complementar\u00e1 tu bob y renovar\u00e1 tu imagen esta temporada.<\/p>\n<h2>El bob franc\u00e9s: el corte que rejuvenece con solo un tijeretazo<\/h2>\n<p>El <a href=\"https:\/\/www.journee-mondiale.com\/es\/el-french-bob-para-ondas-naturales-que-revoluciono-a-las-madrilenas-y-reduce-8-minutos-de-styling\/\" target=\"_blank\">bob franc\u00e9s para ondas naturales<\/a> se ha convertido en el aliado perfecto de quienes buscan practicidad sin renunciar al estilo. \u00abEste corte tiene el poder de rejuvenecer instant\u00e1neamente cualquier rostro, especialmente cuando se acompa\u00f1a del flequillo adecuado\u00bb, afirma Luc\u00eda Mart\u00ednez, directora de estilismo en Scissor Artists Madrid.<\/p>\n<h2>Flequillo a la altura de las cejas: el efecto mirada magn\u00e9tica<\/h2>\n<p>Este <strong>flequillo recto<\/strong> que roza las cejas aporta un aire parisino indiscutible. \u00abEs como un marco que dirige toda la atenci\u00f3n hacia los ojos, creando una mirada m\u00e1s intensa y juvenil\u00bb, explica Carlos Rodr\u00edguez, estilista de celebridades en Barcelona.<\/p>\n<p>Ideal para rostros ovalados o en forma de coraz\u00f3n, este flequillo requiere mantenimiento frecuente para conservar su longitud perfecta. Si tienes <strong>frente alta<\/strong>, este estilo equilibrar\u00e1 tus proporciones faciales maravillosamente.<\/p>\n<h2>Flequillo lateral: sofisticaci\u00f3n con movimiento<\/h2>\n<p>Como un velo que cae elegantemente sobre un lado del rostro, el <strong>flequillo lateral<\/strong> aporta dinamismo y versatilidad al <a href=\"https:\/\/www.journee-mondiale.com\/es\/el-bob-frances-elevado-que-alarga-2-cm-visualmente-el-cuello-el-secreto-parisino-que-transforma-siluetas-esta-primavera\/\" target=\"_blank\">bob franc\u00e9s elevado<\/a>. Es perfecto para quienes buscan:\n<\/p>\n<ul>\n<li>Suavizar rasgos angulosos en rostros cuadrados<\/li>\n<li>Crear una ilusi\u00f3n de mayor longitud en rostros redondos<\/li>\n<li>Disimular asimetr\u00edas faciales<\/li>\n<\/ul>\n<p>\u00abEl flequillo lateral es como una ola que acaricia la orilla: suave, fluido y siempre en movimiento\u00bb, comenta Mar\u00eda Garc\u00eda, experta en colorimetr\u00eda capilar. \u00abCombina perfectamente con <a href=\"https:\/\/www.journee-mondiale.com\/es\/el-bob-con-navaja-que-domo-mi-cabello-grueso-en-primavera-asi-recupere-movimiento-sin-perder-volumen\/\" target=\"_blank\">el bob trabajado con navaja<\/a> para cabello grueso\u00bb.<\/p>\n<h2>Flequillo cortina: el efecto antiedad por excelencia<\/h2>\n<p>El <strong>flequillo cortina<\/strong> se abre en dos como las cortinas de un escenario, revelando lo mejor de tus facciones. Este estilo, popularizado por Brigitte Bardot en los a\u00f1os 60, vive ahora una segunda juventud combinado con <a href=\"https:\/\/www.journee-mondiale.com\/es\/este-bob-con-capas-suaves-rejuvenece-5-anos-el-rostro-sin-sacrificar-volumen\/\" target=\"_blank\">el bob con capas suaves<\/a>.<\/p>\n<ul>\n<li>Minimiza l\u00edneas de expresi\u00f3n en la frente<\/li>\n<li>Enmarca el rostro creando un efecto lifting visual<\/li>\n<li>Se adapta a pr\u00e1cticamente todas las formas faciales<\/li>\n<\/ul>\n<h2>\u00bfC\u00f3mo elegir seg\u00fan la forma de tu rostro?<\/h2>\n<p>La elecci\u00f3n del flequillo debe ser tan personal como tu <strong>rutina diaria<\/strong>. Javier I\u00f1\u00edguez, asesor de imagen en Madrid, nos revela: \u00abObserva la textura natural de tu cabello antes de decidirte. Un flequillo cortina funciona maravillosamente para texturas m\u00e1s gruesas, mientras que el flequillo recto puede ser perfecto para cabellos finos si se mantiene ligero\u00bb.<\/p>\n<h2>El aliado secreto: la raya y su poder transformador<\/h2>\n<p>Una tendencia que est\u00e1 arrasando esta primavera 2025 es <a href=\"https:\/\/www.journee-mondiale.com\/es\/mi-peinado-secreto-para-primavera-asi-cambie-mi-bob-con-una-simple-raya-lateral-y-rejuvenecio-mi-rostro-al-instante\/\" target=\"_blank\">cambiar el bob con una simple raya lateral<\/a>, especialmente cuando se combina con un flequillo cortina o lateral. Es como tener dos cortes en uno, permiti\u00e9ndote reinventar tu imagen diariamente.<\/p>\n<h2>\u00bfLista para tu transformaci\u00f3n primaveral?<\/h2>\n<p>Un nuevo flequillo es como abrir una ventana a una versi\u00f3n renovada de ti misma. La primavera nos invita a explorar, a atrevernos con cambios que revitalicen nuestra imagen. El <strong>bob franc\u00e9s<\/strong> con su flequillo ideal no solo transformar\u00e1 tu apariencia, sino que tambi\u00e9n simplificar\u00e1 tu rutina matutina, regal\u00e1ndote confianza y estilo con m\u00ednimo esfuerzo. \u00bfTe atreves a descubrir cu\u00e1l de estos estilos revelar\u00e1 la mejor versi\u00f3n de ti esta temporada?<\/p>\n","protected":false},"excerpt":{"rendered":"<p>La primavera 2025 trae consigo una renovaci\u00f3n capilar que nos invita a experimentar con el ic\u00f3nico bob franc\u00e9s, ese corte chic que conquist\u00f3 Par\u00eds y ahora reina en nuestras calles. Pero lo que realmente transforma este estilo es el flequillo que elijas. \u00bfTe has preguntado cu\u00e1l realzar\u00eda mejor tus facciones? Descubramos juntos el secreto para &#8230; <a title=\"El flequillo que cambi\u00f3 mi bob franc\u00e9s: prob\u00e9 3 estilos y uno rejuveneci\u00f3 mi rostro en segundos\" class=\"read-more\" href=\"https:\/\/www.journee-mondiale.com\/es\/el-flequillo-que-cambio-mi-bob-frances-probe-3-estilos-y-uno-rejuvenecio-mi-rostro-en-segundos\/\" aria-label=\"Leer m\u00e1s sobre El flequillo que cambi\u00f3 mi bob franc\u00e9s: prob\u00e9 3 estilos y uno rejuveneci\u00f3 mi rostro en segundos\">Lire plus<\/a><\/p>\n","protected":false},"author":1,"featured_media":12579,"comment_status":"","ping_status":"","sticky":false,"template":"","format":"standard","meta":{"footnotes":""},"categories":[48],"tags":[],"class_list":["post-12580","post","type-post","status-publish","format-standard","has-post-thumbnail","hentry","category-estilo-de-vida"],"acf":[],"_yoast_wpseo_primary_category":null,"_yoast_wpseo_title":null,"_yoast_wpseo_metadesc":null,"_links":{"self":[{"href":"https:\/\/www.journee-mondiale.com\/es\/wp-json\/wp\/v2\/posts\/12580","targetHints":{"allow":["GET"]}}],"collection":[{"href":"https:\/\/www.journee-mondiale.com\/es\/wp-json\/wp\/v2\/posts"}],"about":[{"href":"https:\/\/www.journee-mondiale.com\/es\/wp-json\/wp\/v2\/types\/post"}],"author":[{"embeddable":true,"href":"https:\/\/www.journee-mondiale.com\/es\/wp-json\/wp\/v2\/users\/1"}],"replies":[{"embeddable":true,"href":"https:\/\/www.journee-mondiale.com\/es\/wp-json\/wp\/v2\/comments?post=12580"}],"version-history":[{"count":0,"href":"https:\/\/www.journee-mondiale.com\/es\/wp-json\/wp\/v2\/posts\/12580\/revisions"}],"wp:featuredmedia":[{"embeddable":true,"href":"https:\/\/www.journee-mondiale.com\/es\/wp-json\/wp\/v2\/media\/12579"}],"wp:attachment":[{"href":"https:\/\/www.journee-mondiale.com\/es\/wp-json\/wp\/v2\/media?parent=12580"}],"wp:term":[{"taxonomy":"category","embeddable":true,"href":"https:\/\/www.journee-mondiale.com\/es\/wp-json\/wp\/v2\/categories?post=12580"},{"taxonomy":"post_tag","embeddable":true,"href":"https:\/\/www.journee-mondiale.com\/es\/wp-json\/wp\/v2\/tags?post=12580"}],"curies":[{"name":"wp","href":"https:\/\/api.w.org\/{rel}","templated":true}]}}