{"id":12578,"date":"2025-04-02T08:06:07","date_gmt":"2025-04-02T06:06:07","guid":{"rendered":"https:\/\/www.journee-mondiale.com\/es\/la-manicura-negative-space-sera-mi-obsesion-de-primavera-4-estilos-minimalistas-que-probe-por-solo-35e-y-el-segundo-me-sorprendio\/"},"modified":"2025-04-02T08:06:07","modified_gmt":"2025-04-02T06:06:07","slug":"la-manicura-negative-space-sera-mi-obsesion-de-primavera-4-estilos-minimalistas-que-probe-por-solo-35e-y-el-segundo-me-sorprendio","status":"publish","type":"post","link":"https:\/\/www.journee-mondiale.com\/es\/la-manicura-negative-space-sera-mi-obsesion-de-primavera-4-estilos-minimalistas-que-probe-por-solo-35e-y-el-segundo-me-sorprendio\/","title":{"rendered":"La manicura negative space ser\u00e1 mi obsesi\u00f3n de primavera: 4 estilos minimalistas que prob\u00e9 por solo 35\u20ac (y el segundo me sorprendi\u00f3)"},"content":{"rendered":"<p>La primavera 2025 trae consigo una de las tendencias m\u00e1s refrescantes en el mundo de la manicura: el <strong>negative space<\/strong>. Este estilo minimalista que juega con las transparencias est\u00e1 revolucionando los salones de belleza y se posiciona como la opci\u00f3n perfecta para quienes buscan un look sofisticado sin excesos. \u00bfTe atreves a dejar respirar tus u\u00f1as con este dise\u00f1o que combina elegancia y modernidad?<\/p>\n<h2>\u00bfQu\u00e9 es exactamente la manicura negative space?<\/h2>\n<p>La manicura de <strong>negative space<\/strong> consiste en dejar \u00e1reas de la u\u00f1a natural sin esmalte, creando dise\u00f1os que integran esas zonas transparentes como parte fundamental del arte. \u00abEsta t\u00e9cnica ha evolucionado desde la cl\u00e1sica manicura francesa hacia algo m\u00e1s vanguardista y personal\u00bb, explica Luc\u00eda M\u00e9ndez, nail artist del prestigioso sal\u00f3n Nail Couture Madrid.<\/p>\n<p>A diferencia de las manicuras tradicionales, esta tendencia celebra los espacios vac\u00edos, convirtiendo la <strong>transparencia<\/strong> en protagonista y reivindicando la belleza de lo minimalista.<\/p>\n<h2>La tendencia que domina la primavera 2025<\/h2>\n<p>Con la llegada del buen tiempo, los tonos pastel y naturales ganan terreno en combinaci\u00f3n con este estilo. \u00abPara esta primavera, estamos viendo mucha demanda de dise\u00f1os que incorporan <strong>geometr\u00edas suaves<\/strong> en tonos como el azul cielo o el rosa p\u00e1lido, que aportan frescura sin saturar\u00bb, comenta Carmen V\u00e1zquez, directora creativa de Beauty Trends Espa\u00f1a.<\/p>\n<p>El negative space armoniza perfectamente con otras <a href=\"https:\/\/www.journee-mondiale.com\/es\/transforme-mi-rostro-anguloso-con-el-contorneado-difuminado-mi-tecnica-de-maquillaje-para-esta-primavera-que-suavizo-mis-facciones-en-3-pasos\/\" target=\"_blank\">tendencias de belleza minimalistas<\/a> que est\u00e1n dominando esta temporada.<\/p>\n<h2>Cuatro formas de lucir el negative space esta temporada<\/h2>\n<ul>\n<li><strong>Geometr\u00eda minimalista<\/strong>: L\u00edneas finas que cruzan la u\u00f1a dejando espacios transparentes<\/li>\n<li><strong>Media luna invertida<\/strong>: Una versi\u00f3n moderna de la cl\u00e1sica manicura francesa<\/li>\n<li><strong>Puntos estrat\u00e9gicos<\/strong>: Peque\u00f1os detalles que destacan sobre la transparencia<\/li>\n<li><strong>Degradado sutil<\/strong>: Transici\u00f3n de color que se desvanece hacia la transparencia<\/li>\n<\/ul>\n<h2>La psicolog\u00eda detr\u00e1s del minimalismo en las u\u00f1as<\/h2>\n<p>La preferencia por este estilo refleja una tendencia m\u00e1s amplia hacia la <strong>simplicidad consciente<\/strong>. \u00abEl negative space es como una meditaci\u00f3n visual en tus manos\u00bb, explica la psic\u00f3loga est\u00e9tica Mar\u00eda Soto. \u00abEn un mundo sobrecargado de est\u00edmulos, estas manicuras ofrecen un respiro visual que tiene efectos relajantes\u00bb.<\/p>\n<p>Esta b\u00fasqueda de calma visual conecta con otras <a href=\"https:\/\/www.journee-mondiale.com\/es\/transforme-una-bolsa-de-rafia-en-mi-terapia-emocional-3-tecnicas-caseras-que-redujeron-mi-estres-en-primavera\/\" target=\"_blank\">pr\u00e1cticas de bienestar emocional<\/a> que est\u00e1n ganando popularidad en primavera.<\/p>\n<h2>C\u00f3mo combinar esta manicura con tu estilo primaveral<\/h2>\n<p>El negative space se integra perfectamente con las tendencias de moda de la temporada. Combina especialmente bien con <a href=\"https:\/\/www.journee-mondiale.com\/es\/las-zapatillas-vans-de-ante-marron-destronan-a-las-adidas-sl-72-esta-primavera-2025-mi-sorpresa-al-ver-el-regreso-por-solo-60e\/\" target=\"_blank\">calzado minimalista<\/a> y complementos de rafia, creando un look cohesionado que respira la esencia primaveral.<\/p>\n<p>Para un estilo completo, tambi\u00e9n puedes coordinar tu manicura con un <a href=\"https:\/\/www.journee-mondiale.com\/es\/el-bob-frances-elevado-que-alarga-2-cm-visualmente-el-cuello-el-secreto-parisino-que-transforma-siluetas-esta-primavera\/\" target=\"_blank\">corte de pelo renovador<\/a> que siga la misma l\u00ednea de elegancia sutil.<\/p>\n<h2>Cuidados esenciales para lucir un negative space perfecto<\/h2>\n<ul>\n<li><strong>Hidrataci\u00f3n intensiva<\/strong> de cut\u00edculas y matriz ungueal<\/li>\n<li><strong>Base protectora<\/strong> para evitar manchas en las zonas transparentes<\/li>\n<li><strong>Top coat mate o brillante<\/strong> seg\u00fan el efecto deseado<\/li>\n<\/ul>\n<p>Para mantener tus u\u00f1as en \u00f3ptimas condiciones, combina tu manicura con <a href=\"https:\/\/www.journee-mondiale.com\/es\/probe-esta-mascarilla-de-cafe-y-crema-nivea-3-veces-por-semana-y-mis-arrugas-finas-de-primavera-esto-es-lo-que-sucedio\/\" target=\"_blank\">tratamientos nutritivos<\/a> que cuiden tanto tu piel como tus u\u00f1as.<\/p>\n<h2>\u00bfMenos es m\u00e1s? El arte de la sutileza<\/h2>\n<p>La manicura negative space nos recuerda que la belleza a menudo reside en lo que decidimos omitir. Como un lienzo donde el espacio blanco respira, tus u\u00f1as se convierten en una <strong>declaraci\u00f3n de estilo<\/strong> que celebra la moderaci\u00f3n y la elegancia atemporal.<\/p>\n<p>\u00bfEst\u00e1s lista para abrazar la transparencia? Esta primavera 2025, menos color puede significar m\u00e1s estilo en tus manos.<\/p>\n","protected":false},"excerpt":{"rendered":"<p>La primavera 2025 trae consigo una de las tendencias m\u00e1s refrescantes en el mundo de la manicura: el negative space. Este estilo minimalista que juega con las transparencias est\u00e1 revolucionando los salones de belleza y se posiciona como la opci\u00f3n perfecta para quienes buscan un look sofisticado sin excesos. \u00bfTe atreves a dejar respirar tus &#8230; <a title=\"La manicura negative space ser\u00e1 mi obsesi\u00f3n de primavera: 4 estilos minimalistas que prob\u00e9 por solo 35\u20ac (y el segundo me sorprendi\u00f3)\" class=\"read-more\" href=\"https:\/\/www.journee-mondiale.com\/es\/la-manicura-negative-space-sera-mi-obsesion-de-primavera-4-estilos-minimalistas-que-probe-por-solo-35e-y-el-segundo-me-sorprendio\/\" aria-label=\"Leer m\u00e1s sobre La manicura negative space ser\u00e1 mi obsesi\u00f3n de primavera: 4 estilos minimalistas que prob\u00e9 por solo 35\u20ac (y el segundo me sorprendi\u00f3)\">Lire plus<\/a><\/p>\n","protected":false},"author":1,"featured_media":12577,"comment_status":"","ping_status":"","sticky":false,"template":"","format":"standard","meta":{"footnotes":""},"categories":[48],"tags":[],"class_list":["post-12578","post","type-post","status-publish","format-standard","has-post-thumbnail","hentry","category-estilo-de-vida"],"acf":[],"_yoast_wpseo_primary_category":null,"_yoast_wpseo_title":null,"_yoast_wpseo_metadesc":null,"_links":{"self":[{"href":"https:\/\/www.journee-mondiale.com\/es\/wp-json\/wp\/v2\/posts\/12578","targetHints":{"allow":["GET"]}}],"collection":[{"href":"https:\/\/www.journee-mondiale.com\/es\/wp-json\/wp\/v2\/posts"}],"about":[{"href":"https:\/\/www.journee-mondiale.com\/es\/wp-json\/wp\/v2\/types\/post"}],"author":[{"embeddable":true,"href":"https:\/\/www.journee-mondiale.com\/es\/wp-json\/wp\/v2\/users\/1"}],"replies":[{"embeddable":true,"href":"https:\/\/www.journee-mondiale.com\/es\/wp-json\/wp\/v2\/comments?post=12578"}],"version-history":[{"count":0,"href":"https:\/\/www.journee-mondiale.com\/es\/wp-json\/wp\/v2\/posts\/12578\/revisions"}],"wp:featuredmedia":[{"embeddable":true,"href":"https:\/\/www.journee-mondiale.com\/es\/wp-json\/wp\/v2\/media\/12577"}],"wp:attachment":[{"href":"https:\/\/www.journee-mondiale.com\/es\/wp-json\/wp\/v2\/media?parent=12578"}],"wp:term":[{"taxonomy":"category","embeddable":true,"href":"https:\/\/www.journee-mondiale.com\/es\/wp-json\/wp\/v2\/categories?post=12578"},{"taxonomy":"post_tag","embeddable":true,"href":"https:\/\/www.journee-mondiale.com\/es\/wp-json\/wp\/v2\/tags?post=12578"}],"curies":[{"name":"wp","href":"https:\/\/api.w.org\/{rel}","templated":true}]}}