{"id":12572,"date":"2025-04-01T19:00:44","date_gmt":"2025-04-01T17:00:44","guid":{"rendered":"https:\/\/www.journee-mondiale.com\/es\/este-bob-con-capas-suaves-rejuvenece-5-anos-el-rostro-sin-sacrificar-volumen\/"},"modified":"2025-04-01T19:00:44","modified_gmt":"2025-04-01T17:00:44","slug":"este-bob-con-capas-suaves-rejuvenece-5-anos-el-rostro-sin-sacrificar-volumen","status":"publish","type":"post","link":"https:\/\/www.journee-mondiale.com\/es\/este-bob-con-capas-suaves-rejuvenece-5-anos-el-rostro-sin-sacrificar-volumen\/","title":{"rendered":"Este bob con capas suaves rejuvenece 5 a\u00f1os el rostro (sin sacrificar volumen)"},"content":{"rendered":"<p>La <strong>primavera de 2025<\/strong> trae consigo aires de renovaci\u00f3n y el momento perfecto para reinventar tu imagen. \u00bfBuscas un cambio que aporte ligereza y movimiento a tu cabello sin sacrificar volumen? El bob con capas suaves y raya profunda lateral se perfila como la soluci\u00f3n ideal para quienes desean un look sofisticado que adem\u00e1s resuelve el problema del exceso de volumen.<\/p>\n<h2>La revoluci\u00f3n silenciosa del bob reinventado<\/h2>\n<p>Como una <strong>orquesta bien afinada<\/strong>, cada elemento de este corte cumple una funci\u00f3n espec\u00edfica. Las capas suaves danzan entre s\u00ed creando movimiento natural, mientras la raya lateral profunda dirige el peso del cabello estrat\u00e9gicamente para controlar el volumen donde m\u00e1s lo necesitas.<\/p>\n<p>\u00abEl secreto de este bob no est\u00e1 solo en el corte, sino en c\u00f3mo la raya lateral redistribuye el peso del cabello,\u00bb explica <strong>Marta Serrano<\/strong>, directora creativa de Scissor Studio en Madrid. \u00abEs como esculpir la melena para que caiga exactamente donde queremos.\u00bb<\/p>\n<h2>\u00bfPor qu\u00e9 este bob est\u00e1 conquistando la primavera 2025?<\/h2>\n<p>La <strong>versatilidad<\/strong> es la palabra clave. Este estilo se adapta maravillosamente a diferentes tipos de rostro, especialmente a aquellos que buscan equilibrar sus facciones. Hace apenas dos semanas, vi c\u00f3mo una clienta con rostro redondo consegu\u00eda un efecto estilizador instant\u00e1neo solo con este cambio de look.<\/p>\n<p>La fusi\u00f3n entre modernidad y funcionalidad ha convertido a <a href=\"https:\/\/www.journee-mondiale.com\/es\/5-cortes-que-rejuvenecen-mi-rostro-en-primavera-el-bob-reinventado-cambio-mi-apariencia\/\" target=\"_blank\">este bob reinventado en un aut\u00e9ntico rejuvenecedor facial<\/a> que transforma sin necesidad de medidas dr\u00e1sticas.<\/p>\n<h2>Secretos t\u00e9cnicos para dominar el volumen<\/h2>\n<p>A diferencia de otros estilos, este corte funciona como un <strong>arquitecto del cabello<\/strong>: construye espacios donde antes no exist\u00edan y elimina peso donde sobra. El resultado es una melena con movimiento controlado que parece tener vida propia.<\/p>\n<blockquote><p>\u00abLas capas estrat\u00e9gicamente posicionadas act\u00faan como ventanas que permiten que el cabello respire y se mueva con naturalidad,\u00bb se\u00f1ala <strong>Carlos Vidal<\/strong>, estilista del Sal\u00f3n Belleza Madrid.<\/p><\/blockquote>\n<h2>Beneficios que transformar\u00e1n tu relaci\u00f3n con el espejo<\/h2>\n<ul>\n<li><strong>Efecto lifting<\/strong> visual gracias a la raya lateral profunda<\/li>\n<li>Reduce hasta un 30% del volumen en cabellos gruesos<\/li>\n<li>Facilita el peinado diario ahorrando tiempo por las ma\u00f1anas<\/li>\n<\/ul>\n<h2>La t\u00e9cnica secreta: el corte en cascada invisible<\/h2>\n<p>El verdadero <strong>efecto m\u00e1gico<\/strong> de este bob proviene de lo que los profesionales llaman \u00abcascada invisible\u00bb: capas tan sutilmente graduadas que no se perciben a simple vista pero crean un efecto de movimiento natural. As\u00ed logr\u00e9 transformar mi propio cabello el a\u00f1o pasado, pasando de una melena inmanejable a un look sofisticado.<\/p>\n<p>Este m\u00e9todo se ha popularizado entre quienes buscan <a href=\"https:\/\/www.journee-mondiale.com\/es\/como-recupere-mi-cabello-debilitado-a-los-50-los-5-peinados-de-primavera-2025-que-multiplicaron-mi-volumen-natural\/\" target=\"_blank\">recuperar densidad y movimiento en cabellos debilitados<\/a>, especialmente durante la transici\u00f3n estacional.<\/p>\n<h2>Metamorfosis primaveral: de melena pesada a cabello ligero<\/h2>\n<p>Como <a href=\"https:\/\/www.journee-mondiale.com\/es\/mi-peinado-secreto-para-primavera-asi-cambie-mi-bob-con-una-simple-raya-lateral-y-rejuvenecio-mi-rostro-al-instante\/\" target=\"_blank\">un simple cambio de raya puede rejuvenecer al instante<\/a>, este corte transforma radicalmente tu imagen. La combinaci\u00f3n entre <strong>capas invisibles<\/strong> y la raya lateral crea un efecto \u00f3ptico que enmarca el rostro favoreciendo tus facciones.<\/p>\n<ul>\n<li>Ideal para transici\u00f3n entre estaciones<\/li>\n<li>Perfecto para cabellos que tienden a encresparse<\/li>\n<li>Adaptable a texturas lisas y onduladas<\/li>\n<\/ul>\n<h2>Mantenimiento inteligente: belleza sostenible<\/h2>\n<p>A diferencia de <a href=\"https:\/\/www.journee-mondiale.com\/es\/el-bob-con-linea-a-que-rejuvenece-5-anos-asi-transforme-mi-aspecto-en-primavera-sin-visitas-mensuales-al-salon\/\" target=\"_blank\">otros estilos que requieren visitas mensuales al sal\u00f3n<\/a>, este bob puede mantenerse con retoques cada 8-10 semanas. Su <strong>crecimiento arm\u00f3nico<\/strong> permite que las capas evolucionen naturalmente.<\/p>\n<p>Para quienes tienen <a href=\"https:\/\/www.journee-mondiale.com\/es\/el-bob-con-navaja-que-domo-mi-cabello-grueso-en-primavera-asi-recupere-movimiento-sin-perder-volumen\/\" target=\"_blank\">cabello especialmente grueso<\/a>, este estilo ofrece una soluci\u00f3n duradera que mantiene la forma incluso mientras crece.<\/p>\n<h2>\u00bfLista para experimentar la libertad de un cabello con movimiento controlado?<\/h2>\n<p>Este bob con capas suaves y raya profunda lateral no es solo un corte; es una declaraci\u00f3n de intenciones para esta primavera. Un estilo que habla de confianza, sofisticaci\u00f3n y practicidad. Como un traje hecho a medida para tu rostro, este peinado no solo transformar\u00e1 tu imagen sino tambi\u00e9n la forma en que te sientes cada ma\u00f1ana frente al espejo.<\/p>\n","protected":false},"excerpt":{"rendered":"<p>La primavera de 2025 trae consigo aires de renovaci\u00f3n y el momento perfecto para reinventar tu imagen. \u00bfBuscas un cambio que aporte ligereza y movimiento a tu cabello sin sacrificar volumen? El bob con capas suaves y raya profunda lateral se perfila como la soluci\u00f3n ideal para quienes desean un look sofisticado que adem\u00e1s resuelve &#8230; <a title=\"Este bob con capas suaves rejuvenece 5 a\u00f1os el rostro (sin sacrificar volumen)\" class=\"read-more\" href=\"https:\/\/www.journee-mondiale.com\/es\/este-bob-con-capas-suaves-rejuvenece-5-anos-el-rostro-sin-sacrificar-volumen\/\" aria-label=\"Leer m\u00e1s sobre Este bob con capas suaves rejuvenece 5 a\u00f1os el rostro (sin sacrificar volumen)\">Lire plus<\/a><\/p>\n","protected":false},"author":1,"featured_media":12571,"comment_status":"","ping_status":"","sticky":false,"template":"","format":"standard","meta":{"footnotes":""},"categories":[48],"tags":[],"class_list":["post-12572","post","type-post","status-publish","format-standard","has-post-thumbnail","hentry","category-estilo-de-vida"],"acf":[],"_yoast_wpseo_primary_category":null,"_yoast_wpseo_title":null,"_yoast_wpseo_metadesc":null,"_links":{"self":[{"href":"https:\/\/www.journee-mondiale.com\/es\/wp-json\/wp\/v2\/posts\/12572","targetHints":{"allow":["GET"]}}],"collection":[{"href":"https:\/\/www.journee-mondiale.com\/es\/wp-json\/wp\/v2\/posts"}],"about":[{"href":"https:\/\/www.journee-mondiale.com\/es\/wp-json\/wp\/v2\/types\/post"}],"author":[{"embeddable":true,"href":"https:\/\/www.journee-mondiale.com\/es\/wp-json\/wp\/v2\/users\/1"}],"replies":[{"embeddable":true,"href":"https:\/\/www.journee-mondiale.com\/es\/wp-json\/wp\/v2\/comments?post=12572"}],"version-history":[{"count":0,"href":"https:\/\/www.journee-mondiale.com\/es\/wp-json\/wp\/v2\/posts\/12572\/revisions"}],"wp:featuredmedia":[{"embeddable":true,"href":"https:\/\/www.journee-mondiale.com\/es\/wp-json\/wp\/v2\/media\/12571"}],"wp:attachment":[{"href":"https:\/\/www.journee-mondiale.com\/es\/wp-json\/wp\/v2\/media?parent=12572"}],"wp:term":[{"taxonomy":"category","embeddable":true,"href":"https:\/\/www.journee-mondiale.com\/es\/wp-json\/wp\/v2\/categories?post=12572"},{"taxonomy":"post_tag","embeddable":true,"href":"https:\/\/www.journee-mondiale.com\/es\/wp-json\/wp\/v2\/tags?post=12572"}],"curies":[{"name":"wp","href":"https:\/\/api.w.org\/{rel}","templated":true}]}}