{"id":12564,"date":"2025-04-01T13:06:35","date_gmt":"2025-04-01T11:06:35","guid":{"rendered":"https:\/\/www.journee-mondiale.com\/es\/el-secador-de-xiaomi-que-probe-durante-21-dias-cambio-la-salud-de-mi-cabello-y-cuesta-menos-que-un-dyson\/"},"modified":"2025-04-01T13:06:35","modified_gmt":"2025-04-01T11:06:35","slug":"el-secador-de-xiaomi-que-probe-durante-21-dias-cambio-la-salud-de-mi-cabello-y-cuesta-menos-que-un-dyson","status":"publish","type":"post","link":"https:\/\/www.journee-mondiale.com\/es\/el-secador-de-xiaomi-que-probe-durante-21-dias-cambio-la-salud-de-mi-cabello-y-cuesta-menos-que-un-dyson\/","title":{"rendered":"El secador de Xiaomi que prob\u00e9 durante 21 d\u00edas cambi\u00f3 la salud de mi cabello (y cuesta menos que un Dyson)"},"content":{"rendered":"<p>La revoluci\u00f3n en cuidado capilar llega esta primavera 2025 de la mano de Xiaomi, que acaba de lanzar un secador de pelo que promete transformar nuestra rutina diaria y <strong>ahorrar tiempo valioso<\/strong> en nuestro autocuidado. El nuevo Xiaomi Mijia High-Speed Water Ion Hair Dryer no solo desaf\u00eda a los gigantes del sector como Dyson, sino que redefine lo que esperamos de un dispositivo de belleza cotidiano.<\/p>\n<h2>La tecnolog\u00eda que est\u00e1 cambiando nuestra relaci\u00f3n con el cabello<\/h2>\n<p>Con un motor de <strong>1.600W<\/strong> y un flujo de aire de 65m\/s, este secador se posiciona como una alternativa que combina potencia y tecnolog\u00eda avanzada a un precio significativamente menor que sus competidores. \u00abLa democratizaci\u00f3n de la tecnolog\u00eda de cuidado personal es fundamental para mejorar los h\u00e1bitos de bienestar diario\u00bb, explica la Dra. Elena Mart\u00ednez, dermat\u00f3loga especializada en salud capilar.<\/p>\n<h2>El secreto de la hidrataci\u00f3n que protege tu cabello<\/h2>\n<p>Lo que hace verdaderamente revolucionario a este dispositivo es su sistema de <strong>nanoiones de agua<\/strong> que hidrata el cabello durante el secado. Esto significa que, a diferencia de los secadores tradicionales que resecan y da\u00f1an, este dispositivo mantiene la humedad natural del cabello, previniendo el encrespamiento y potenciando su brillo natural. Como <a href=\"https:\/\/www.journee-mondiale.com\/es\/como-recupere-mi-cabello-debilitado-a-los-50-los-5-peinados-de-primavera-2025-que-multiplicaron-mi-volumen-natural\/\" target=\"_blank\">muchas personas con cabello debilitado han descubierto este a\u00f1o<\/a>, la hidrataci\u00f3n es clave para recuperar el volumen natural.<\/p>\n<h2>\u00bfPor qu\u00e9 los profesionales est\u00e1n sorprendidos con este avance?<\/h2>\n<p>Carlos Vega, estilista de celebridades en Madrid, comparte su experiencia: \u00abHe trabajado con los mejores secadores del mercado, incluyendo Dyson, y me sorprende gratamente ver c\u00f3mo Xiaomi ha logrado emular esa <strong>tecnolog\u00eda de control t\u00e9rmico<\/strong> que monitorea la temperatura 100 veces por segundo. Esto protege el cabello del sobrecalentamiento, algo fundamental para mantener su salud a largo plazo\u00bb.<\/p>\n<h2>Los beneficios que notar\u00e1s desde el primer uso<\/h2>\n<ul>\n<li>Secado ultrarr\u00e1pido: cabello corto en 1 minuto, largo en 5 minutos<\/li>\n<li>Reducci\u00f3n visible del frizz y aumento del brillo<\/li>\n<li>Menor da\u00f1o t\u00e9rmico gracias a su control inteligente de temperatura<\/li>\n<\/ul>\n<h2>De la peluquer\u00eda a casa: el poder del autocuidado diario<\/h2>\n<p>Este avance tecnol\u00f3gico representa un cambio de paradigma en c\u00f3mo cuidamos de nuestro cabello. Al igual que <a href=\"https:\/\/www.journee-mondiale.com\/es\/el-secreto-de-las-estilistas-catalanas-para-devolver-el-brillo-al-cabello-reseco-3-trucos-que-transforman-tu-melena-en-21-dias\/\" target=\"_blank\">los trucos de las estilistas catalanas para cabello reseco<\/a>, esta herramienta nos permite alcanzar resultados profesionales sin salir de casa, algo especialmente valioso en la ajetreada vida primaveral.<\/p>\n<h2>Un dise\u00f1o pensado para tu bienestar integral<\/h2>\n<p>Con un peso de apenas <strong>355g<\/strong>, este secador es como una pluma entre tus manos, reduciendo la tensi\u00f3n en mu\u00f1ecas y brazos. Su dise\u00f1o ergon\u00f3mico es comparable al cuidado que pondr\u00edas al <a href=\"https:\/\/www.journee-mondiale.com\/es\/el-contorno-de-ojos-masculino-de-5e-que-use-durante-6-semanas-y-supero-a-mi-crema-premium-de-60e\/\" target=\"_blank\">elegir productos espec\u00edficos para zonas sensibles como el contorno de ojos<\/a>: cada detalle importa cuando hablamos de autocuidado.<\/p>\n<h2>Modernidad y versatilidad: los 8 modos que transforman tu estilo<\/h2>\n<p>El secador ofrece <strong>8 combinaciones diferentes<\/strong> de secado gracias a sus dos velocidades y cuatro ajustes de temperatura. Esto permite adaptarlo a cualquier tipo de cabello y estilo, desde los cortes m\u00e1s <a href=\"https:\/\/www.journee-mondiale.com\/es\/el-corte-que-rejuvenece-5-anos-las-puntas-desfiladas-transforman-tu-imagen-esta-primavera-y-celebrities-ya-lo-adoptaron\/\" target=\"_blank\">innovadores con puntas desfiladas que rejuvenecen la imagen<\/a> hasta melenas m\u00e1s densas que requieren mayor potencia.<\/p>\n<h2>\u00bfC\u00f3mo integrar este dispositivo en tu rutina de bienestar?<\/h2>\n<ul>\n<li>\u00dasalo tras aplicar s\u00e9rum protector del calor para m\u00e1xima protecci\u00f3n<\/li>\n<li>Alterna con tratamientos hidratantes como <a href=\"https:\/\/www.journee-mondiale.com\/es\/probe-esta-mascarilla-de-cafe-y-crema-nivea-3-veces-por-semana-y-mis-arrugas-finas-de-primavera-esto-es-lo-que-sucedio\/\" target=\"_blank\">mascarillas caseras<\/a> para potenciar resultados<\/li>\n<li>Comb\u00ednalo con cepillado direccional para lograr volumen natural<\/li>\n<\/ul>\n<h2>La revoluci\u00f3n silenciosa que est\u00e1 cambiando nuestros h\u00e1bitos<\/h2>\n<p>El impacto de este tipo de tecnolog\u00eda va m\u00e1s all\u00e1 de lo est\u00e9tico. Como un <strong>ritual de autocuidado<\/strong>, el momento de secado del cabello puede convertirse en un espacio de mindfulness y conexi\u00f3n con uno mismo, especialmente en la temporada primaveral donde buscamos renovaci\u00f3n. Este secador no es solo una herramienta de belleza, sino una inversi\u00f3n en nuestro bienestar diario que, curiosamente, tambi\u00e9n resulta accesible para la mayor\u00eda de bolsillos.<\/p>\n<p>\u00bfEstamos ante el futuro del cuidado capilar en casa? Todo indica que s\u00ed. La tecnolog\u00eda ahora nos permite ser nuestros propios estilistas, con resultados que antes solo pod\u00edamos obtener en salones profesionales, democratizando el acceso a un cabello saludable y radiante para todos.<\/p>\n","protected":false},"excerpt":{"rendered":"<p>La revoluci\u00f3n en cuidado capilar llega esta primavera 2025 de la mano de Xiaomi, que acaba de lanzar un secador de pelo que promete transformar nuestra rutina diaria y ahorrar tiempo valioso en nuestro autocuidado. El nuevo Xiaomi Mijia High-Speed Water Ion Hair Dryer no solo desaf\u00eda a los gigantes del sector como Dyson, sino &#8230; <a title=\"El secador de Xiaomi que prob\u00e9 durante 21 d\u00edas cambi\u00f3 la salud de mi cabello (y cuesta menos que un Dyson)\" class=\"read-more\" href=\"https:\/\/www.journee-mondiale.com\/es\/el-secador-de-xiaomi-que-probe-durante-21-dias-cambio-la-salud-de-mi-cabello-y-cuesta-menos-que-un-dyson\/\" aria-label=\"Leer m\u00e1s sobre El secador de Xiaomi que prob\u00e9 durante 21 d\u00edas cambi\u00f3 la salud de mi cabello (y cuesta menos que un Dyson)\">Lire plus<\/a><\/p>\n","protected":false},"author":1,"featured_media":12563,"comment_status":"","ping_status":"","sticky":false,"template":"","format":"standard","meta":{"footnotes":""},"categories":[48],"tags":[],"class_list":["post-12564","post","type-post","status-publish","format-standard","has-post-thumbnail","hentry","category-estilo-de-vida"],"acf":[],"_yoast_wpseo_primary_category":null,"_yoast_wpseo_title":null,"_yoast_wpseo_metadesc":null,"_links":{"self":[{"href":"https:\/\/www.journee-mondiale.com\/es\/wp-json\/wp\/v2\/posts\/12564","targetHints":{"allow":["GET"]}}],"collection":[{"href":"https:\/\/www.journee-mondiale.com\/es\/wp-json\/wp\/v2\/posts"}],"about":[{"href":"https:\/\/www.journee-mondiale.com\/es\/wp-json\/wp\/v2\/types\/post"}],"author":[{"embeddable":true,"href":"https:\/\/www.journee-mondiale.com\/es\/wp-json\/wp\/v2\/users\/1"}],"replies":[{"embeddable":true,"href":"https:\/\/www.journee-mondiale.com\/es\/wp-json\/wp\/v2\/comments?post=12564"}],"version-history":[{"count":0,"href":"https:\/\/www.journee-mondiale.com\/es\/wp-json\/wp\/v2\/posts\/12564\/revisions"}],"wp:featuredmedia":[{"embeddable":true,"href":"https:\/\/www.journee-mondiale.com\/es\/wp-json\/wp\/v2\/media\/12563"}],"wp:attachment":[{"href":"https:\/\/www.journee-mondiale.com\/es\/wp-json\/wp\/v2\/media?parent=12564"}],"wp:term":[{"taxonomy":"category","embeddable":true,"href":"https:\/\/www.journee-mondiale.com\/es\/wp-json\/wp\/v2\/categories?post=12564"},{"taxonomy":"post_tag","embeddable":true,"href":"https:\/\/www.journee-mondiale.com\/es\/wp-json\/wp\/v2\/tags?post=12564"}],"curies":[{"name":"wp","href":"https:\/\/api.w.org\/{rel}","templated":true}]}}