{"id":12558,"date":"2025-04-01T09:06:22","date_gmt":"2025-04-01T07:06:22","guid":{"rendered":"https:\/\/www.journee-mondiale.com\/es\/como-recupere-mi-cabello-debilitado-a-los-50-los-5-peinados-de-primavera-2025-que-multiplicaron-mi-volumen-natural\/"},"modified":"2025-04-01T09:06:22","modified_gmt":"2025-04-01T07:06:22","slug":"como-recupere-mi-cabello-debilitado-a-los-50-los-5-peinados-de-primavera-2025-que-multiplicaron-mi-volumen-natural","status":"publish","type":"post","link":"https:\/\/www.journee-mondiale.com\/es\/como-recupere-mi-cabello-debilitado-a-los-50-los-5-peinados-de-primavera-2025-que-multiplicaron-mi-volumen-natural\/","title":{"rendered":"C\u00f3mo recuper\u00e9 mi cabello debilitado a los 50: los 5 peinados de primavera 2025 que multiplicaron mi volumen natural"},"content":{"rendered":"<p>La <strong>primavera 2025<\/strong> trae consigo m\u00e1s que solo flores; tambi\u00e9n marca el momento perfecto para revitalizar nuestro cabello, especialmente cuando los a\u00f1os han dejado huella en su fortaleza. Si has notado que tu melena ha perdido vitalidad con la edad, no est\u00e1s sola. Como una hoja que cambia con las estaciones, nuestro cabello tambi\u00e9n se transforma a lo largo del tiempo, pero con los cuidados adecuados, podemos devolverle su esplendor natural.<\/p>\n<h2>El envejecimiento y su impacto en nuestra melena<\/h2>\n<p>Con el paso de los a\u00f1os, el cabello pierde <strong>densidad y resistencia<\/strong>, volvi\u00e9ndose m\u00e1s quebradizo y fino. \u00abEl envejecimiento natural reduce la producci\u00f3n de queratina y aceites naturales, debilitando la fibra capilar desde la ra\u00edz\u00bb, explica Luc\u00eda V\u00e1zquez, tric\u00f3loga del Centro de Estudios Capilares de Madrid. Esta realidad biol\u00f3gica requiere tratamientos espec\u00edficamente formulados para cabello maduro.<\/p>\n<h2>Tratamientos hidratantes: el primer paso hacia la recuperaci\u00f3n<\/h2>\n<p>La <strong>hidrataci\u00f3n profunda<\/strong> es fundamental para fortalecer el cabello debilitado. Las mascarillas ricas en ceramidas y prote\u00ednas pueden transformar la textura del cabello en pocas semanas. Si buscas opciones m\u00e1s naturales, <a href=\"https:\/\/www.journee-mondiale.com\/es\/descubri-que-mi-cabello-plateado-pierde-brillo-en-primavera-5-mascarillas-caseras-que-devolvieron-mi-luminosidad-natural-y-como-el-romero-cambio-todo\/\" target=\"_blank\">estas mascarillas caseras con romero<\/a> pueden ser una excelente alternativa para recuperar la luminosidad natural.<\/p>\n<h2>Suplementaci\u00f3n: nutrici\u00f3n desde el interior<\/h2>\n<p>La <strong>biotina<\/strong> y el <strong>col\u00e1geno<\/strong> son aliados imprescindibles en esta etapa. \u00abUn cabello fuerte comienza con una nutrici\u00f3n adecuada. Suplementos espec\u00edficos pueden complementar tu dieta y fortalecer el cabello desde la ra\u00edz\u00bb, afirma Carlos Mart\u00edn, estilista de Belleza Total.<\/p>\n<blockquote><p>Los mejores tratamientos fortalecedores combinan productos t\u00f3picos con una buena alimentaci\u00f3n. Esta sinergia es como una orquesta bien afinada: cada elemento juega su papel para crear armon\u00eda.<\/p><\/blockquote>\n<h2>Cortes estrat\u00e9gicos que transforman la densidad<\/h2>\n<p>Elegir el <strong>corte adecuado<\/strong> puede marcar la diferencia en la apariencia de volumen y vitalidad. <a href=\"https:\/\/www.journee-mondiale.com\/es\/el-corte-de-cabello-que-transforma-la-densidad-capilar-lo-que-la-mayoria-desconoce-y-cambiara-tu-primavera-2025\/\" target=\"_blank\">Los cortes que transforman la densidad capilar<\/a> son especialmente beneficiosos para cabellos d\u00e9biles. Las capas estrat\u00e9gicas aportan movimiento sin comprometer la densidad visual.<\/p>\n<h2>T\u00e9cnicas de coloraci\u00f3n suaves para esta primavera<\/h2>\n<p>La <strong>coloraci\u00f3n temporal<\/strong> puede ser tu mejor aliada para evitar mayor debilitamiento. Los tintes sin amoniaco o las t\u00e9cnicas de <a href=\"https:\/\/www.journee-mondiale.com\/es\/transforme-mi-cabello-esta-primavera-con-tintes-temporales-70-menos-dano-y-colores-que-se-van-en-5-lavados\/\" target=\"_blank\">coloraci\u00f3n temporal<\/a> ofrecen un cambio de look con menos da\u00f1o capilar.<\/p>\n<h2>Recupera el brillo con tratamientos catalanes ancestrales<\/h2>\n<p>Esta temporada primaveral podemos inspirarnos en <a href=\"https:\/\/www.journee-mondiale.com\/es\/el-secreto-de-las-estilistas-catalanas-para-devolver-el-brillo-al-cabello-reseco-3-trucos-que-transforman-tu-melena-en-21-dias\/\" target=\"_blank\">los secretos de las estilistas catalanas<\/a> que combinan tradici\u00f3n e innovaci\u00f3n para transformar cabellos debilitados en melenas radiantes en tan solo 21 d\u00edas.<\/p>\n<h2>Peinados favorecedores que no estresan el cabello<\/h2>\n<p>Para <strong>cabello d\u00e9bil<\/strong>, estos estilos son ideales:<\/p>\n<ul>\n<li>Bob texturizado con volumen en la ra\u00edz<\/li>\n<li>Cortes a la altura de los hombros con puntas desfiladas<\/li>\n<li>Pixie suave con flequillo lateral para enmarcar el rostro<\/li>\n<\/ul>\n<h2>Trucos profesionales para el cuidado diario<\/h2>\n<p>Implementa estas <strong>rutinas diarias<\/strong> para fortalecer tu cabello:<\/p>\n<ul>\n<li>Cepillado suave con cerdas naturales antes de dormir<\/li>\n<li>Aplicaci\u00f3n de aceites ligeros en las puntas<\/li>\n<li>Masaje circular en el cuero cabelludo para activar la circulaci\u00f3n<\/li>\n<\/ul>\n<h2>\u00bfEl bob con navaja podr\u00eda ser tu soluci\u00f3n?<\/h2>\n<p>Para cabellos gruesos pero debilitados, <a href=\"https:\/\/www.journee-mondiale.com\/es\/el-bob-con-navaja-que-domo-mi-cabello-grueso-en-primavera-asi-recupere-movimiento-sin-perder-volumen\/\" target=\"_blank\">el bob trabajado con navaja<\/a> puede ser una excelente opci\u00f3n, aportando movimiento sin comprometer el volumen tan necesario en cabellos maduros.<\/p>\n<p>Esta primavera, considera tu cabello como un jard\u00edn que requiere cuidados espec\u00edficos seg\u00fan su etapa vital. Con los tratamientos adecuados y un poco de paciencia, ver\u00e1s c\u00f3mo recupera su fuerza y vitalidad, demostrando que la belleza natural no tiene edad.<\/p>\n","protected":false},"excerpt":{"rendered":"<p>La primavera 2025 trae consigo m\u00e1s que solo flores; tambi\u00e9n marca el momento perfecto para revitalizar nuestro cabello, especialmente cuando los a\u00f1os han dejado huella en su fortaleza. Si has notado que tu melena ha perdido vitalidad con la edad, no est\u00e1s sola. Como una hoja que cambia con las estaciones, nuestro cabello tambi\u00e9n se &#8230; <a title=\"C\u00f3mo recuper\u00e9 mi cabello debilitado a los 50: los 5 peinados de primavera 2025 que multiplicaron mi volumen natural\" class=\"read-more\" href=\"https:\/\/www.journee-mondiale.com\/es\/como-recupere-mi-cabello-debilitado-a-los-50-los-5-peinados-de-primavera-2025-que-multiplicaron-mi-volumen-natural\/\" aria-label=\"Leer m\u00e1s sobre C\u00f3mo recuper\u00e9 mi cabello debilitado a los 50: los 5 peinados de primavera 2025 que multiplicaron mi volumen natural\">Lire plus<\/a><\/p>\n","protected":false},"author":1,"featured_media":12557,"comment_status":"","ping_status":"","sticky":false,"template":"","format":"standard","meta":{"footnotes":""},"categories":[48],"tags":[],"class_list":["post-12558","post","type-post","status-publish","format-standard","has-post-thumbnail","hentry","category-estilo-de-vida"],"acf":[],"_yoast_wpseo_primary_category":null,"_yoast_wpseo_title":null,"_yoast_wpseo_metadesc":null,"_links":{"self":[{"href":"https:\/\/www.journee-mondiale.com\/es\/wp-json\/wp\/v2\/posts\/12558","targetHints":{"allow":["GET"]}}],"collection":[{"href":"https:\/\/www.journee-mondiale.com\/es\/wp-json\/wp\/v2\/posts"}],"about":[{"href":"https:\/\/www.journee-mondiale.com\/es\/wp-json\/wp\/v2\/types\/post"}],"author":[{"embeddable":true,"href":"https:\/\/www.journee-mondiale.com\/es\/wp-json\/wp\/v2\/users\/1"}],"replies":[{"embeddable":true,"href":"https:\/\/www.journee-mondiale.com\/es\/wp-json\/wp\/v2\/comments?post=12558"}],"version-history":[{"count":0,"href":"https:\/\/www.journee-mondiale.com\/es\/wp-json\/wp\/v2\/posts\/12558\/revisions"}],"wp:featuredmedia":[{"embeddable":true,"href":"https:\/\/www.journee-mondiale.com\/es\/wp-json\/wp\/v2\/media\/12557"}],"wp:attachment":[{"href":"https:\/\/www.journee-mondiale.com\/es\/wp-json\/wp\/v2\/media?parent=12558"}],"wp:term":[{"taxonomy":"category","embeddable":true,"href":"https:\/\/www.journee-mondiale.com\/es\/wp-json\/wp\/v2\/categories?post=12558"},{"taxonomy":"post_tag","embeddable":true,"href":"https:\/\/www.journee-mondiale.com\/es\/wp-json\/wp\/v2\/tags?post=12558"}],"curies":[{"name":"wp","href":"https:\/\/api.w.org\/{rel}","templated":true}]}}