{"id":12556,"date":"2025-04-01T08:06:48","date_gmt":"2025-04-01T06:06:48","guid":{"rendered":"https:\/\/www.journee-mondiale.com\/es\/mis-jeans-degradados-no-solo-son-tendencia-asi-mejoraron-mi-bienestar-emocional-esta-primavera-2025\/"},"modified":"2025-04-01T08:06:48","modified_gmt":"2025-04-01T06:06:48","slug":"mis-jeans-degradados-no-solo-son-tendencia-asi-mejoraron-mi-bienestar-emocional-esta-primavera-2025","status":"publish","type":"post","link":"https:\/\/www.journee-mondiale.com\/es\/mis-jeans-degradados-no-solo-son-tendencia-asi-mejoraron-mi-bienestar-emocional-esta-primavera-2025\/","title":{"rendered":"Mis jeans degradados no solo son tendencia: as\u00ed mejoraron mi bienestar emocional esta primavera 2025"},"content":{"rendered":"<p>La <strong>primavera 2025<\/strong> ha tra\u00eddo consigo una renovaci\u00f3n en el mundo del denim, y los jeans degradados est\u00e1n experimentando un interesante renacimiento. Ese sutil desvanecido que va del azul intenso al blanco suave no solo est\u00e1 cautivando a los amantes de la moda, sino que tambi\u00e9n est\u00e1 demostrando beneficios inesperados para nuestro bienestar. \u00bfC\u00f3mo puede una prenda afectar nuestra salud emocional? Descubramos juntos esta fascinante conexi\u00f3n.<\/p>\n<h2>\u00bfPor qu\u00e9 los jeans degradados est\u00e1n revolucionando la primavera?<\/h2>\n<p>La <strong>temporada primaveral<\/strong> nos invita a renovar nuestro guardarropa con prendas que reflejen frescura y luminosidad. \u00abLos jeans degradados son perfectos para esta \u00e9poca porque representan visualmente la transici\u00f3n que experimentamos en primavera: del fr\u00edo invierno hacia d\u00edas m\u00e1s c\u00e1lidos y luminosos\u00bb, explica Mar\u00eda Fern\u00e1ndez, asesora de imagen especializada en cromoterapia.<\/p>\n<h2>La terapia del color aplicada a tu guardarropa<\/h2>\n<p>Al igual que <a href=\"https:\/\/www.journee-mondiale.com\/es\/como-los-pantalones-jogger-satinados-mejoraron-mi-bienestar-mental-esta-primavera-y-3-combinaciones-que-transformaron-mi-armario\/\" target=\"_blank\">los pantalones jogger satinados mejoran el bienestar mental<\/a>, los jeans degradados ejercen un efecto similar. La <strong>transici\u00f3n crom\u00e1tica<\/strong> del azul intenso al blanco genera un efecto calmante en nuestro cerebro, comparable a contemplar el horizonte donde el mar se encuentra con el cielo.<\/p>\n<h2>3 beneficios emocionales de los jeans degradados<\/h2>\n<ul>\n<li>Reducen la ansiedad visual al ofrecer una transici\u00f3n suave entre tonalidades<\/li>\n<li>Promueven sensaciones de ligereza y libertad, perfectas para la primavera<\/li>\n<li>Aportan versatilidad que disminuye el estr\u00e9s de la toma de decisiones diarias<\/li>\n<\/ul>\n<h2>Siluetas amplias: comodidad que beneficia tu salud f\u00edsica<\/h2>\n<p>A diferencia de temporadas anteriores, los <strong>jeans degradados de 2025<\/strong> favorecen cortes m\u00e1s holgados como el wide leg y mom fit. \u00abLas siluetas amplias permiten una mejor circulaci\u00f3n sangu\u00ednea y reducen la presi\u00f3n en zonas sensibles, afectando positivamente nuestra postura y bienestar general\u00bb, se\u00f1ala el Dr. Carlos Mendoza, especialista en biomec\u00e1nica postural.<\/p>\n<h2>El despertar sostenible: denim consciente para reducir la ansiedad clim\u00e1tica<\/h2>\n<p>Este a\u00f1o, las marcas han revolucionado los procesos de fabricaci\u00f3n empleando <strong>t\u00e9cnicas ecol\u00f3gicas<\/strong> para lograr el efecto degradado, similar a como <a href=\"https:\/\/www.journee-mondiale.com\/es\/transforme-una-bolsa-de-rafia-en-mi-terapia-emocional-3-tecnicas-caseras-que-redujeron-mi-estres-en-primavera\/\" target=\"_blank\">transformar una bolsa de rafia se convierte en terapia emocional<\/a>. Esta conexi\u00f3n con la sostenibilidad reduce la \u00abansiedad clim\u00e1tica\u00bb que experimentan muchos consumidores conscientes.<\/p>\n<h2>La versatilidad como aliada contra el estr\u00e9s matutino<\/h2>\n<p>Los jeans degradados act\u00faan como un <strong>lienzo neutro<\/strong> que combina f\u00e1cilmente con m\u00faltiples prendas, reduciendo el \u00abestr\u00e9s por decisi\u00f3n\u00bb que experimentamos cada ma\u00f1ana. Al igual que <a href=\"https:\/\/www.journee-mondiale.com\/es\/el-bob-con-navaja-que-domo-mi-cabello-grueso-en-primavera-asi-recupere-movimiento-sin-perder-volumen\/\" target=\"_blank\">un corte de pelo vers\u00e1til facilita nuestra rutina<\/a>, estos jeans simplifican nuestras combinaciones de ropa.<\/p>\n<h2>\u00bfC\u00f3mo incorporarlos a tu guardarropa primaveral?<\/h2>\n<p>Combinar estos jeans con <a href=\"https:\/\/www.journee-mondiale.com\/es\/las-zapatillas-vans-de-ante-marron-destronan-a-las-adidas-sl-72-esta-primavera-2025-mi-sorpresa-al-ver-el-regreso-por-solo-60e\/\" target=\"_blank\">zapatillas Vans de ante marr\u00f3n<\/a> crea un equilibrio perfecto entre lo casual y lo sofisticado. Para un look m\u00e1s formal, puedes inspirarte en <a href=\"https:\/\/www.journee-mondiale.com\/es\/la-falda-midi-de-cuadros-que-transformo-mi-primavera-2995e-y-3-formas-de-combinarla-para-cualquier-ocasion\/\" target=\"_blank\">combinaciones vers\u00e1tiles como las de las faldas midi<\/a>.<\/p>\n<h2>2 formas de cuidar tus jeans degradados y prolongar sus beneficios<\/h2>\n<ul>\n<li>L\u00e1valos del rev\u00e9s con agua fr\u00eda para mantener viva la intensidad de la degradaci\u00f3n crom\u00e1tica<\/li>\n<li>S\u00e9calos a la sombra para preservar la elasticidad de las fibras y el confort al usarlos<\/li>\n<\/ul>\n<p>Los jeans degradados son como un <strong>amanecer port\u00e1til<\/strong> que llevamos puesto, record\u00e1ndonos que las transiciones en la vida pueden ser tan hermosas como ese desvanecido del azul intenso al blanco suave. Esta primavera, al incorporarlos a tu guardarropa, no solo estar\u00e1s a la moda, sino que tambi\u00e9n estar\u00e1s abrazando una prenda que armoniza con los ritmos naturales de renovaci\u00f3n, aportando un toque de bienestar a cada paso que des.<\/p>\n","protected":false},"excerpt":{"rendered":"<p>La primavera 2025 ha tra\u00eddo consigo una renovaci\u00f3n en el mundo del denim, y los jeans degradados est\u00e1n experimentando un interesante renacimiento. Ese sutil desvanecido que va del azul intenso al blanco suave no solo est\u00e1 cautivando a los amantes de la moda, sino que tambi\u00e9n est\u00e1 demostrando beneficios inesperados para nuestro bienestar. \u00bfC\u00f3mo puede &#8230; <a title=\"Mis jeans degradados no solo son tendencia: as\u00ed mejoraron mi bienestar emocional esta primavera 2025\" class=\"read-more\" href=\"https:\/\/www.journee-mondiale.com\/es\/mis-jeans-degradados-no-solo-son-tendencia-asi-mejoraron-mi-bienestar-emocional-esta-primavera-2025\/\" aria-label=\"Leer m\u00e1s sobre Mis jeans degradados no solo son tendencia: as\u00ed mejoraron mi bienestar emocional esta primavera 2025\">Lire plus<\/a><\/p>\n","protected":false},"author":1,"featured_media":12555,"comment_status":"","ping_status":"","sticky":false,"template":"","format":"standard","meta":{"footnotes":""},"categories":[48],"tags":[],"class_list":["post-12556","post","type-post","status-publish","format-standard","has-post-thumbnail","hentry","category-estilo-de-vida"],"acf":[],"_yoast_wpseo_primary_category":null,"_yoast_wpseo_title":null,"_yoast_wpseo_metadesc":null,"_links":{"self":[{"href":"https:\/\/www.journee-mondiale.com\/es\/wp-json\/wp\/v2\/posts\/12556","targetHints":{"allow":["GET"]}}],"collection":[{"href":"https:\/\/www.journee-mondiale.com\/es\/wp-json\/wp\/v2\/posts"}],"about":[{"href":"https:\/\/www.journee-mondiale.com\/es\/wp-json\/wp\/v2\/types\/post"}],"author":[{"embeddable":true,"href":"https:\/\/www.journee-mondiale.com\/es\/wp-json\/wp\/v2\/users\/1"}],"replies":[{"embeddable":true,"href":"https:\/\/www.journee-mondiale.com\/es\/wp-json\/wp\/v2\/comments?post=12556"}],"version-history":[{"count":0,"href":"https:\/\/www.journee-mondiale.com\/es\/wp-json\/wp\/v2\/posts\/12556\/revisions"}],"wp:featuredmedia":[{"embeddable":true,"href":"https:\/\/www.journee-mondiale.com\/es\/wp-json\/wp\/v2\/media\/12555"}],"wp:attachment":[{"href":"https:\/\/www.journee-mondiale.com\/es\/wp-json\/wp\/v2\/media?parent=12556"}],"wp:term":[{"taxonomy":"category","embeddable":true,"href":"https:\/\/www.journee-mondiale.com\/es\/wp-json\/wp\/v2\/categories?post=12556"},{"taxonomy":"post_tag","embeddable":true,"href":"https:\/\/www.journee-mondiale.com\/es\/wp-json\/wp\/v2\/tags?post=12556"}],"curies":[{"name":"wp","href":"https:\/\/api.w.org\/{rel}","templated":true}]}}