{"id":12550,"date":"2025-03-31T19:00:09","date_gmt":"2025-03-31T17:00:09","guid":{"rendered":"https:\/\/www.journee-mondiale.com\/es\/el-secreto-de-las-estilistas-catalanas-para-devolver-el-brillo-al-cabello-reseco-3-trucos-que-transforman-tu-melena-en-21-dias\/"},"modified":"2025-03-31T19:00:09","modified_gmt":"2025-03-31T17:00:09","slug":"el-secreto-de-las-estilistas-catalanas-para-devolver-el-brillo-al-cabello-reseco-3-trucos-que-transforman-tu-melena-en-21-dias","status":"publish","type":"post","link":"https:\/\/www.journee-mondiale.com\/es\/el-secreto-de-las-estilistas-catalanas-para-devolver-el-brillo-al-cabello-reseco-3-trucos-que-transforman-tu-melena-en-21-dias\/","title":{"rendered":"El secreto de las estilistas catalanas para devolver el brillo al cabello reseco (3 trucos que transforman tu melena en 21 d\u00edas)"},"content":{"rendered":"<p>\u00bfAlguna vez te has preguntado c\u00f3mo conseguir ese <strong>efecto luminoso<\/strong> en tu cabello que tanto admiras en revistas y redes sociales? La primavera 2025 nos trae la obsesi\u00f3n por la <strong>melena con brillo natural<\/strong>, ese acabado radiante que refleja salud y vitalidad. Lejos de ser un privilegio de unas pocas, descubrir\u00e1s que est\u00e1 al alcance de todas con los secretos que hoy compartimos.<\/p>\n<h2>El poder transformador del brillo capilar en primavera<\/h2>\n<p>La <strong>luminosidad del cabello<\/strong> es como la firma personal de una melena bien cuidada. \u00abEl brillo es el primer indicador de la salud capilar, especialmente tras los estragos del invierno\u00bb, explica Elena Mart\u00ednez, directora del prestigioso sal\u00f3n Glow Hair en Barcelona. Durante esta primavera, las melenas brillantes est\u00e1n dominando todas las tendencias, convirti\u00e9ndose en el complemento perfecto para cualquier estilo.<\/p>\n<h2>\u00bfPor qu\u00e9 mi cabello ha perdido su luz natural?<\/h2>\n<p>Como un jard\u00edn que necesita atenci\u00f3n tras el invierno, nuestro <strong>cabello sufre desgaste estacional<\/strong>. La calefacci\u00f3n, el uso excesivo de herramientas t\u00e9rmicas y los cambios hormonales pueden robarle su brillo natural. Si tu melena est\u00e1 apagada, no est\u00e1s sola. Muchas mujeres experimentan este mismo problema durante el cambio de estaci\u00f3n, pero existen soluciones efectivas que pueden <a href=\"https:\/\/www.journee-mondiale.com\/es\/descubri-que-mi-cabello-plateado-pierde-brillo-en-primavera-5-mascarillas-caseras-que-devolvieron-mi-luminosidad-natural-y-como-el-romero-cambio-todo\/\" target=\"_blank\">devolver la luminosidad natural al cabello<\/a>, incluso a las melenas plateadas.<\/p>\n<h2>Los 3 secretos de estilistas que revolucionan el brillo capilar<\/h2>\n<p>Los profesionales guardan celosamente t\u00e9cnicas que ahora revelamos:<\/p>\n<ul>\n<li><strong>Sellado fr\u00edo<\/strong>: Finalizar el lavado con agua fr\u00eda cierra la cut\u00edcula y multiplica la reflexi\u00f3n de luz.<\/li>\n<li><strong>Cepillado estrat\u00e9gico<\/strong>: 100 pasadas con cepillo de cerdas naturales distribuye aceites naturales.<\/li>\n<li><strong>Aclarados con vinagre<\/strong>: Elimina residuos y equilibra el pH para un brillo incomparable.<\/li>\n<\/ul>\n<h2>El corte que potencia la luminosidad natural<\/h2>\n<p>\u00abUn <strong>buen corte es fundamental<\/strong> para maximizar el brillo\u00bb, asegura Carlos Vidal, estilista del Sal\u00f3n Belleza Madrid. \u00abLas puntas sanas reflejan mejor la luz, mientras que las capas estrat\u00e9gicas crean dimensi\u00f3n luminosa\u00bb. Si buscas un cambio radical, <a href=\"https:\/\/www.journee-mondiale.com\/es\/el-french-bob-para-ondas-naturales-que-revoluciono-a-las-madrilenas-y-reduce-8-minutos-de-styling\/\" target=\"_blank\">el French Bob para ondas naturales<\/a> est\u00e1 revolucionando Madrid por su capacidad para potenciar el brillo con m\u00ednimo esfuerzo.<\/p>\n<h2>La rutina semanal que transformar\u00e1 tu melena apagada<\/h2>\n<p>Como un diamante que necesita pulido regular, tu cabello requiere un ritual semanal para mantener su esplendor. La <strong>hidrataci\u00f3n profunda<\/strong> combinada con mascarillas espec\u00edficas puede transformar completamente tu melena en solo 21 d\u00edas. El secreto est\u00e1 en la constancia m\u00e1s que en productos costosos.<\/p>\n<blockquote><p>Siempre digo a mis clientas que el brillo no se compra, se construye con peque\u00f1os h\u00e1bitos diarios que se suman para crear ese efecto espejo tan codiciado &#8211; Luc\u00eda Fern\u00e1ndez, formadora de estilistas<\/p><\/blockquote>\n<h2>Alimentos que iluminan tu cabello desde dentro<\/h2>\n<p>Tu melena es el reflejo de tu alimentaci\u00f3n. Estos nutrientes son esenciales:<\/p>\n<ul>\n<li><strong>\u00c1cidos grasos Omega-3<\/strong>: Presentes en pescados azules y nueces.<\/li>\n<li><strong>Vitamina E<\/strong>: Abundante en aguacate y aceite de oliva.<\/li>\n<li><strong>Biotina<\/strong>: Encontrada en huevos y legumbres.<\/li>\n<li><strong>Zinc<\/strong>: Presente en semillas de calabaza y cacao puro.<\/li>\n<\/ul>\n<h2>Complementos para potenciar el brillo seg\u00fan tu edad<\/h2>\n<p>La edad no es impedimento para lucir una melena radiante. Si buscas <a href=\"https:\/\/www.journee-mondiale.com\/es\/5-cortes-que-rejuvenecen-mi-rostro-en-primavera-el-bob-reinventado-cambio-mi-apariencia\/\" target=\"_blank\">cortes que rejuvenezcan tu rostro esta primavera<\/a> o <a href=\"https:\/\/www.journee-mondiale.com\/es\/el-bob-corto-que-rejuvenece-mi-rostro-a-los-50-asi-cambio-mi-apariencia-en-solo-3-dias-y-requiere-minimo-mantenimiento\/\" target=\"_blank\">un bob corto con m\u00ednimo mantenimiento<\/a>, el brillo ser\u00e1 tu mejor aliado para potenciar el efecto rejuvenecedor.<\/p>\n<h2>El juego de color que multiplica la luminosidad<\/h2>\n<p>El <strong>color adecuado<\/strong> puede aumentar exponencialmente el brillo de tu melena. Esta primavera, los <a href=\"https:\/\/www.journee-mondiale.com\/es\/transforme-mi-cabello-esta-primavera-con-tintes-temporales-70-menos-dano-y-colores-que-se-van-en-5-lavados\/\" target=\"_blank\">tintes temporales que minimizan el da\u00f1o<\/a> son perfectos para experimentar con tonalidades que potencien la luz natural de tu cabello sin compromiso a largo plazo.<\/p>\n<p>\u00bfLista para convertir tu cabello en tu mejor complemento esta temporada? Recuerda que el brillo natural es como la confianza: imposible de fingir pero totalmente posible de cultivar con los cuidados adecuados. Tu melena radiante no solo transformar\u00e1 tu imagen, sino que tambi\u00e9n elevar\u00e1 tu seguridad, convirti\u00e9ndose en el reflejo exterior de tu bienestar interior. \u00a1Atr\u00e9vete a brillar!<\/p>\n","protected":false},"excerpt":{"rendered":"<p>\u00bfAlguna vez te has preguntado c\u00f3mo conseguir ese efecto luminoso en tu cabello que tanto admiras en revistas y redes sociales? La primavera 2025 nos trae la obsesi\u00f3n por la melena con brillo natural, ese acabado radiante que refleja salud y vitalidad. Lejos de ser un privilegio de unas pocas, descubrir\u00e1s que est\u00e1 al alcance &#8230; <a title=\"El secreto de las estilistas catalanas para devolver el brillo al cabello reseco (3 trucos que transforman tu melena en 21 d\u00edas)\" class=\"read-more\" href=\"https:\/\/www.journee-mondiale.com\/es\/el-secreto-de-las-estilistas-catalanas-para-devolver-el-brillo-al-cabello-reseco-3-trucos-que-transforman-tu-melena-en-21-dias\/\" aria-label=\"Leer m\u00e1s sobre El secreto de las estilistas catalanas para devolver el brillo al cabello reseco (3 trucos que transforman tu melena en 21 d\u00edas)\">Lire plus<\/a><\/p>\n","protected":false},"author":1,"featured_media":12549,"comment_status":"","ping_status":"","sticky":false,"template":"","format":"standard","meta":{"footnotes":""},"categories":[48],"tags":[],"class_list":["post-12550","post","type-post","status-publish","format-standard","has-post-thumbnail","hentry","category-estilo-de-vida"],"acf":[],"_yoast_wpseo_primary_category":null,"_yoast_wpseo_title":null,"_yoast_wpseo_metadesc":null,"_links":{"self":[{"href":"https:\/\/www.journee-mondiale.com\/es\/wp-json\/wp\/v2\/posts\/12550","targetHints":{"allow":["GET"]}}],"collection":[{"href":"https:\/\/www.journee-mondiale.com\/es\/wp-json\/wp\/v2\/posts"}],"about":[{"href":"https:\/\/www.journee-mondiale.com\/es\/wp-json\/wp\/v2\/types\/post"}],"author":[{"embeddable":true,"href":"https:\/\/www.journee-mondiale.com\/es\/wp-json\/wp\/v2\/users\/1"}],"replies":[{"embeddable":true,"href":"https:\/\/www.journee-mondiale.com\/es\/wp-json\/wp\/v2\/comments?post=12550"}],"version-history":[{"count":0,"href":"https:\/\/www.journee-mondiale.com\/es\/wp-json\/wp\/v2\/posts\/12550\/revisions"}],"wp:featuredmedia":[{"embeddable":true,"href":"https:\/\/www.journee-mondiale.com\/es\/wp-json\/wp\/v2\/media\/12549"}],"wp:attachment":[{"href":"https:\/\/www.journee-mondiale.com\/es\/wp-json\/wp\/v2\/media?parent=12550"}],"wp:term":[{"taxonomy":"category","embeddable":true,"href":"https:\/\/www.journee-mondiale.com\/es\/wp-json\/wp\/v2\/categories?post=12550"},{"taxonomy":"post_tag","embeddable":true,"href":"https:\/\/www.journee-mondiale.com\/es\/wp-json\/wp\/v2\/tags?post=12550"}],"curies":[{"name":"wp","href":"https:\/\/api.w.org\/{rel}","templated":true}]}}