{"id":12542,"date":"2025-03-31T13:06:20","date_gmt":"2025-03-31T11:06:20","guid":{"rendered":"https:\/\/www.journee-mondiale.com\/es\/transforme-una-bolsa-de-rafia-en-mi-terapia-emocional-3-tecnicas-caseras-que-redujeron-mi-estres-en-primavera\/"},"modified":"2025-03-31T13:06:20","modified_gmt":"2025-03-31T11:06:20","slug":"transforme-una-bolsa-de-rafia-en-mi-terapia-emocional-3-tecnicas-caseras-que-redujeron-mi-estres-en-primavera","status":"publish","type":"post","link":"https:\/\/www.journee-mondiale.com\/es\/transforme-una-bolsa-de-rafia-en-mi-terapia-emocional-3-tecnicas-caseras-que-redujeron-mi-estres-en-primavera\/","title":{"rendered":"Transform\u00e9 una bolsa de rafia en mi terapia emocional: 3 t\u00e9cnicas caseras que redujeron mi estr\u00e9s en primavera"},"content":{"rendered":"<p>Llega la primavera del 2025 y con ella, una oportunidad para darle un <strong>giro creativo<\/strong> a esos elementos cotidianos que nos acompa\u00f1an en nuestras compras diarias. Las bolsas de rafia de Mercadona, Carrefour o cualquier otro supermercado pueden convertirse en accesorios \u00fanicos que no solo expresen nuestra personalidad, sino que tambi\u00e9n contribuyan a nuestro <strong>bienestar emocional<\/strong> y al del planeta.<\/p>\n<h2>El poder terap\u00e9utico de personalizar tus bolsas de la compra<\/h2>\n<p>La <strong>creatividad manual<\/strong> tiene beneficios comprobados para nuestra salud mental. \u00abDedicar tiempo a personalizar objetos cotidianos como las bolsas de rafia activa \u00e1reas cerebrales relacionadas con el placer y reduce los niveles de cortisol, la hormona del estr\u00e9s,\u00bb explica la Dra. Marta Vidal, psic\u00f3loga especializada en arteterapia.<\/p>\n<p>Este tipo de actividades creativas nos conectan con el momento presente, funcionando como una forma de <strong>meditaci\u00f3n activa<\/strong> que aleja nuestra mente de preocupaciones diarias mientras creamos algo \u00fanico con nuestras manos.<\/p>\n<h2>Materiales que ya tienes en casa para un tuneo sostenible<\/h2>\n<p>Lo maravilloso de personalizar estas bolsas es que no necesitas comprar materiales costosos. \u00abUtiliza pintura textil o acr\u00edlica para dise\u00f1os coloridos y personalizados,\u00bb recomienda Carmen Pascual, artesana y activista ambiental. Los <strong>materiales reciclados<\/strong> como trozos de tela de prendas viejas pueden darle una segunda vida tanto a la ropa como a tu bolsa.<\/p>\n<ul>\n<li>Retales de ropa que ya no uses<\/li>\n<li>Botones decorativos sobrantes<\/li>\n<li>Pinturas acr\u00edlicas o t\u00e9xtiles<\/li>\n<li>Pegamento textil o silicona<\/li>\n<\/ul>\n<h2>T\u00e9cnicas sencillas para principiantes con grandes resultados<\/h2>\n<p>Las <strong>t\u00e9cnicas decorativas sin costura<\/strong> est\u00e1n ganando popularidad por su facilidad. Puedes aplicar parches termoadhesivos simplemente con la ayuda de una plancha, logrando dise\u00f1os duraderos incluso despu\u00e9s de varios lavados. Esta accesibilidad ha convertido el tuneo de bolsas en una <strong>terapia creativa<\/strong> al alcance de cualquiera.<\/p>\n<p>Una paciente recuper\u00e1ndose de estr\u00e9s cr\u00f3nico me cont\u00f3 c\u00f3mo decorar su bolsa de Mercadona se convirti\u00f3 en su ritual semanal de autocuidado, aport\u00e1ndole un espacio de calma en medio de su ajetreada vida profesional.<\/p>\n<h2>Estampados que levantan el \u00e1nimo esta primavera<\/h2>\n<p>Los estampados florales y colores vibrantes son perfectos para esta \u00e9poca del a\u00f1o. \u00abLos <strong>colores vivos<\/strong> tienen un impacto positivo directo en nuestro estado de \u00e1nimo, especialmente durante la transici\u00f3n estacional,\u00bb se\u00f1ala el Dr. Luis Montenegro, especialista en cromoterapia.<\/p>\n<p>Si buscas inspiraci\u00f3n para renovar tu imagen esta temporada, visita estos art\u00edculos sobre <a href=\"https:\/\/www.journee-mondiale.com\/es\/el-lob-con-linea-a-que-rejuvenece-5-anos-asi-transforme-mi-aspecto-en-primavera-sin-visitas-mensuales-al-salon\/\" target=\"_blank\">cortes de pelo rejuvenecedores<\/a> o <a href=\"https:\/\/www.journee-mondiale.com\/es\/transforme-mi-cabello-esta-primavera-con-tintes-temporales-70-menos-dano-y-colores-que-se-van-en-5-lavados\/\" target=\"_blank\">tintes temporales primaverales<\/a>.<\/p>\n<h2>De bolsa de supermercado a accesorio de temporada<\/h2>\n<blockquote><p>No te preocupes por la perfecci\u00f3n; el estilo imperfecto puede ser m\u00e1s atractivo y expresivo, reflejando tu individualidad.<\/p><\/blockquote>\n<p>Una <strong>bolsa personalizada<\/strong> puede convertirse en el complemento perfecto para tus outfits de primavera, combinando funcionalidad con estilo personal. Al igual que renovamos nuestro <a href=\"https:\/\/www.journee-mondiale.com\/es\/5-cortes-que-rejuvenecen-mi-rostro-en-primavera-el-bob-reinventado-cambio-mi-apariencia\/\" target=\"_blank\">aspecto con cortes de pelo<\/a>, nuestros accesorios merecen una actualizaci\u00f3n.<\/p>\n<h2>Bienestar personal y planetario en cada puntada<\/h2>\n<p>Cuando personalizamos una bolsa de rafia, estamos practicando una forma de <strong>consumo consciente<\/strong>, extendiendo la vida \u00fatil de un objeto y reduciendo residuos. Es como darle vitaminas a nuestro planeta: cada bolsa reutilizada es un peque\u00f1o paso hacia un ecosistema m\u00e1s saludable.<\/p>\n<ul>\n<li>Reduce la huella ecol\u00f3gica<\/li>\n<li>Fomenta la creatividad personal<\/li>\n<li>Crea conversaciones sobre sostenibilidad<\/li>\n<\/ul>\n<h2>Un ritual de autocuidado para tus manos y mente<\/h2>\n<p>Las manualidades como tunear bolsas funcionan como un <strong>ejercicio de motricidad fina<\/strong> que mantiene \u00e1giles nuestras manos, algo especialmente beneficioso mientras envejecemos. Para complementar este cuidado, descubre c\u00f3mo realizar un <a href=\"https:\/\/www.journee-mondiale.com\/es\/renovacion-primaveral-para-manos-olvidadas-mi-ritual-de-3-pasos-transformo-mis-unas-danadas-lo-que-descubri-sobre-el-envejecimiento\/\" target=\"_blank\">ritual de renovaci\u00f3n para tus manos<\/a>.<\/p>\n<p>\u00bfTe animas a transformar lo ordinario en extraordinario mientras cuidas de ti y del planeta? Tu bolsa de rafia espera convertirse en el lienzo donde expreses tu creatividad esta primavera, aportando un toque de color y personalidad a cada compra mientras nutres tu bienestar emocional con cada puntada o pincelada.<\/p>\n","protected":false},"excerpt":{"rendered":"<p>Llega la primavera del 2025 y con ella, una oportunidad para darle un giro creativo a esos elementos cotidianos que nos acompa\u00f1an en nuestras compras diarias. Las bolsas de rafia de Mercadona, Carrefour o cualquier otro supermercado pueden convertirse en accesorios \u00fanicos que no solo expresen nuestra personalidad, sino que tambi\u00e9n contribuyan a nuestro bienestar &#8230; <a title=\"Transform\u00e9 una bolsa de rafia en mi terapia emocional: 3 t\u00e9cnicas caseras que redujeron mi estr\u00e9s en primavera\" class=\"read-more\" href=\"https:\/\/www.journee-mondiale.com\/es\/transforme-una-bolsa-de-rafia-en-mi-terapia-emocional-3-tecnicas-caseras-que-redujeron-mi-estres-en-primavera\/\" aria-label=\"Leer m\u00e1s sobre Transform\u00e9 una bolsa de rafia en mi terapia emocional: 3 t\u00e9cnicas caseras que redujeron mi estr\u00e9s en primavera\">Lire plus<\/a><\/p>\n","protected":false},"author":1,"featured_media":12541,"comment_status":"","ping_status":"","sticky":false,"template":"","format":"standard","meta":{"footnotes":""},"categories":[48],"tags":[],"class_list":["post-12542","post","type-post","status-publish","format-standard","has-post-thumbnail","hentry","category-estilo-de-vida"],"acf":[],"_yoast_wpseo_primary_category":null,"_yoast_wpseo_title":null,"_yoast_wpseo_metadesc":null,"_links":{"self":[{"href":"https:\/\/www.journee-mondiale.com\/es\/wp-json\/wp\/v2\/posts\/12542","targetHints":{"allow":["GET"]}}],"collection":[{"href":"https:\/\/www.journee-mondiale.com\/es\/wp-json\/wp\/v2\/posts"}],"about":[{"href":"https:\/\/www.journee-mondiale.com\/es\/wp-json\/wp\/v2\/types\/post"}],"author":[{"embeddable":true,"href":"https:\/\/www.journee-mondiale.com\/es\/wp-json\/wp\/v2\/users\/1"}],"replies":[{"embeddable":true,"href":"https:\/\/www.journee-mondiale.com\/es\/wp-json\/wp\/v2\/comments?post=12542"}],"version-history":[{"count":0,"href":"https:\/\/www.journee-mondiale.com\/es\/wp-json\/wp\/v2\/posts\/12542\/revisions"}],"wp:featuredmedia":[{"embeddable":true,"href":"https:\/\/www.journee-mondiale.com\/es\/wp-json\/wp\/v2\/media\/12541"}],"wp:attachment":[{"href":"https:\/\/www.journee-mondiale.com\/es\/wp-json\/wp\/v2\/media?parent=12542"}],"wp:term":[{"taxonomy":"category","embeddable":true,"href":"https:\/\/www.journee-mondiale.com\/es\/wp-json\/wp\/v2\/categories?post=12542"},{"taxonomy":"post_tag","embeddable":true,"href":"https:\/\/www.journee-mondiale.com\/es\/wp-json\/wp\/v2\/tags?post=12542"}],"curies":[{"name":"wp","href":"https:\/\/api.w.org\/{rel}","templated":true}]}}