{"id":12540,"date":"2025-03-31T12:06:19","date_gmt":"2025-03-31T10:06:19","guid":{"rendered":"https:\/\/www.journee-mondiale.com\/es\/esta-isla-mediterranea-vive-algo-historico-por-primera-vez-cientos-de-turistas-britanicos-cancelan-sus-vacaciones-tras-suplicas-de-los-locales-el-paraiso-esta-al-borde-del-colapso\/"},"modified":"2025-03-31T12:06:19","modified_gmt":"2025-03-31T10:06:19","slug":"esta-isla-mediterranea-vive-algo-historico-por-primera-vez-cientos-de-turistas-britanicos-cancelan-sus-vacaciones-tras-suplicas-de-los-locales-el-paraiso-esta-al-borde-del-colapso","status":"publish","type":"post","link":"https:\/\/www.journee-mondiale.com\/es\/esta-isla-mediterranea-vive-algo-historico-por-primera-vez-cientos-de-turistas-britanicos-cancelan-sus-vacaciones-tras-suplicas-de-los-locales-el-paraiso-esta-al-borde-del-colapso\/","title":{"rendered":"Esta isla mediterr\u00e1nea vive algo hist\u00f3rico: por primera vez cientos de turistas brit\u00e1nicos cancelan sus vacaciones tras s\u00faplicas de los locales (\u00bfel para\u00edso est\u00e1 al borde del colapso?)"},"content":{"rendered":"<p>El momento que tem\u00edan los residentes de Mallorca finalmente ha llegado. Un fen\u00f3meno sin precedentes est\u00e1 transformando el panorama tur\u00edstico espa\u00f1ol: cientos de turistas brit\u00e1nicos han decidido cancelar sus vacaciones en su \u00ablugar favorito del mundo\u00bb tras los desesperados llamados de los mallorquines. Esta isla, que en 2025 podr\u00eda enfrentar cifras r\u00e9cord de visitantes, se encuentra al borde de una crisis medioambiental y social que ha movilizado tanto a locales como a sus m\u00e1s fieles turistas.<\/p>\n<h2>El sorprendente gesto de solidaridad que est\u00e1 cambiando el turismo<\/h2>\n<p>\u00abMallorca es nuestro para\u00edso cada verano, pero este a\u00f1o nos quedaremos en casa\u00bb, confiesa Emma Lawson, turista brit\u00e1nica que visit\u00f3 la isla durante 15 a\u00f1os consecutivos. \u00abCuando le\u00ed la carta de los residentes explicando c\u00f3mo su hogar se vuelve inhabitable por la masificaci\u00f3n, supe que deb\u00eda hacer algo\u00bb. Esta reacci\u00f3n se multiplica entre viajeros conscientes que ahora buscan alternativas m\u00e1s sostenibles.<\/p>\n<h2>La alarmante situaci\u00f3n que desencaden\u00f3 esta reacci\u00f3n<\/h2>\n<p>La petici\u00f3n de los residentes mallorquines no surgi\u00f3 de la nada. Los recursos h\u00eddricos limitados, la saturaci\u00f3n de las playas y el colapso de servicios b\u00e1sicos han llevado a una situaci\u00f3n insostenible. Seg\u00fan estudios locales, algunas zonas de la isla reciben hasta siete veces m\u00e1s turistas que su capacidad real, convirtiendo el para\u00edso mediterr\u00e1neo en un espejismo agotado.<\/p>\n<h2>\u00bfD\u00f3nde ir\u00e1n los brit\u00e1nicos este verano?<\/h2>\n<p>La b\u00fasqueda de destinos alternativos ha puesto el foco en <a href=\"https:\/\/www.journee-mondiale.com\/es\/estos-7-rincones-espanoles-estan-eclipsando-a-las-ciudades-amuralladas-de-europa-en-2025-uno-tiene-un-lenguaje-silbado-que-sobrevivio-500-anos\/\" target=\"_blank\">rincones espa\u00f1oles menos conocidos<\/a> que est\u00e1n ganando popularidad. La Costa da Morte en Galicia, con sus impresionantes acantilados, y peque\u00f1os pueblos como los de <a href=\"https:\/\/www.journee-mondiale.com\/es\/estos-18-pueblos-costeros-espanoles-esconden-calas-virgenes-y-tradiciones-centenarias-mientras-millones-de-turistas-miran-hacia-otro-lado\/\" target=\"_blank\">la costa espa\u00f1ola que esconden calas v\u00edrgenes<\/a>, est\u00e1n recibiendo consultas masivas de turistas brit\u00e1nicos.<\/p>\n<h2>El turismo responsable: la tendencia que lleg\u00f3 para quedarse<\/h2>\n<blockquote><p>\u00abEl verdadero lujo ya no es tener acceso exclusivo a un destino, sino visitarlo de manera que pueda preservarse para las generaciones futuras\u00bb, explica Miguel \u00c1ngel Torres, especialista en turismo sostenible de la Universidad de Barcelona.<\/p><\/blockquote>\n<p> Esta filosof\u00eda est\u00e1 calando entre los viajeros brit\u00e1nicos, tradicionalmente \u00e1vidos del sol espa\u00f1ol.<\/p>\n<h2>Nuevos desaf\u00edos para los viajeros brit\u00e1nicos en Europa<\/h2>\n<p>Adem\u00e1s de la conciencia ecol\u00f3gica, los brit\u00e1nicos enfrentan cambios burocr\u00e1ticos significativos para 2025. El Sistema de Entrada\/Salida (SES) y el ETIAS a\u00f1adir\u00e1n tr\u00e1mites y costes adicionales para viajar a Espa\u00f1a, lo que podr\u00eda estar influyendo tambi\u00e9n en esta reconsideraci\u00f3n de destinos.<\/p>\n<h2>Experiencias culturales aut\u00e9nticas: la nueva prioridad<\/h2>\n<p>Los turistas brit\u00e1nicos est\u00e1n descubriendo que Espa\u00f1a ofrece mucho m\u00e1s que sol y playa. La oportunidad de visitar <a href=\"https:\/\/www.journee-mondiale.com\/es\/estas-estaciones-de-tren-parecen-catedrales-10-monumentos-ferroviarios-que-cuentan-historias-de-civilizaciones-uno-esconde-un-jardin-tropical-de-7-000-plantas\/\" target=\"_blank\">monumentos arquitect\u00f3nicos impresionantes<\/a> y sumergirse en tradiciones locales est\u00e1 redefiniendo sus expectativas de viaje.<\/p>\n<h2>El peligro de las estafas: un problema persistente<\/h2>\n<p>Otro factor que influye en esta reconsideraci\u00f3n es la seguridad. Espa\u00f1a figura entre los principales destinos donde los turistas brit\u00e1nicos sufren estafas, con uno de cada 61 visitantes afectados. La vigilancia constante durante las vacaciones resulta agotadora para muchos.<\/p>\n<h2>\u00bfUna lecci\u00f3n para otros destinos masificados?<\/h2>\n<p>El caso de Mallorca podr\u00eda ser un punto de inflexi\u00f3n para el turismo global. Ciudades como Venecia, Barcelona y \u00c1msterdam observan atentamente c\u00f3mo evoluciona esta situaci\u00f3n, considerando adoptar medidas similares. Mientras tanto, <a href=\"https:\/\/www.journee-mondiale.com\/es\/esta-ciudad-europea-diseno-el-arte-perfecto-de-caminar-sus-residentes-llegan-a-cualquier-servicio-esencial-en-solo-6-minutos-y-nadie-mas-en-el-mundo-lo-logra\/\" target=\"_blank\">ciudades europeas con dise\u00f1o urbano sostenible<\/a> est\u00e1n ganando inter\u00e9s como modelos alternativos.<\/p>\n<h2>El auge de alternativas tropicales<\/h2>\n<p>Algunos turistas brit\u00e1nicos est\u00e1n mirando hacia <a href=\"https:\/\/www.journee-mondiale.com\/es\/este-archipi\u00e9lago-tropical-esconde-7-islas-secretas-que-los-locales-protegen-la-ruta-alternativa-de-florida-que-cambiara-tu-vision-del-paraiso\/\" target=\"_blank\">archipi\u00e9lagos tropicales menos conocidos<\/a> como opci\u00f3n. \u00abAl principio pens\u00e9 que nada podr\u00eda reemplazar a Mallorca, pero descubrir nuevos destinos ha sido realmente enriquecedor\u00bb, comenta Sarah Miller, turista de Manchester.<\/p>\n<h2>El futuro del turismo en Mallorca<\/h2>\n<blockquote><p>\u00abNo queremos acabar con el turismo, sino transformarlo. Queremos visitantes que respeten nuestro hogar como si fuera el suyo\u00bb, explica Carla Riutort, portavoz del movimiento ciudadano mallorqu\u00edn.<\/p><\/blockquote>\n<p> Esta visi\u00f3n podr\u00eda redefinir la relaci\u00f3n entre la isla y sus visitantes a largo plazo.<\/p>\n<p>Este verano marcar\u00e1 un antes y un despu\u00e9s en la historia tur\u00edstica de Espa\u00f1a. La decisi\u00f3n de los turistas brit\u00e1nicos no solo aliviar\u00e1 moment\u00e1neamente la presi\u00f3n sobre Mallorca, sino que podr\u00eda catalizar un cambio profundo en c\u00f3mo entendemos los viajes en la era post-pand\u00e9mica. Mientras tanto, las maletas brit\u00e1nicas se preparan para descubrir nuevos horizontes, dejando que su amada isla recupere el aliento que tanto necesita.<\/p>\n","protected":false},"excerpt":{"rendered":"<p>El momento que tem\u00edan los residentes de Mallorca finalmente ha llegado. Un fen\u00f3meno sin precedentes est\u00e1 transformando el panorama tur\u00edstico espa\u00f1ol: cientos de turistas brit\u00e1nicos han decidido cancelar sus vacaciones en su \u00ablugar favorito del mundo\u00bb tras los desesperados llamados de los mallorquines. Esta isla, que en 2025 podr\u00eda enfrentar cifras r\u00e9cord de visitantes, se &#8230; <a title=\"Esta isla mediterr\u00e1nea vive algo hist\u00f3rico: por primera vez cientos de turistas brit\u00e1nicos cancelan sus vacaciones tras s\u00faplicas de los locales (\u00bfel para\u00edso est\u00e1 al borde del colapso?)\" class=\"read-more\" href=\"https:\/\/www.journee-mondiale.com\/es\/esta-isla-mediterranea-vive-algo-historico-por-primera-vez-cientos-de-turistas-britanicos-cancelan-sus-vacaciones-tras-suplicas-de-los-locales-el-paraiso-esta-al-borde-del-colapso\/\" aria-label=\"Leer m\u00e1s sobre Esta isla mediterr\u00e1nea vive algo hist\u00f3rico: por primera vez cientos de turistas brit\u00e1nicos cancelan sus vacaciones tras s\u00faplicas de los locales (\u00bfel para\u00edso est\u00e1 al borde del colapso?)\">Lire plus<\/a><\/p>\n","protected":false},"author":1,"featured_media":12539,"comment_status":"","ping_status":"","sticky":false,"template":"","format":"standard","meta":{"footnotes":""},"categories":[49],"tags":[],"class_list":["post-12540","post","type-post","status-publish","format-standard","has-post-thumbnail","hentry","category-viajes"],"acf":[],"_yoast_wpseo_primary_category":null,"_yoast_wpseo_title":null,"_yoast_wpseo_metadesc":null,"_links":{"self":[{"href":"https:\/\/www.journee-mondiale.com\/es\/wp-json\/wp\/v2\/posts\/12540","targetHints":{"allow":["GET"]}}],"collection":[{"href":"https:\/\/www.journee-mondiale.com\/es\/wp-json\/wp\/v2\/posts"}],"about":[{"href":"https:\/\/www.journee-mondiale.com\/es\/wp-json\/wp\/v2\/types\/post"}],"author":[{"embeddable":true,"href":"https:\/\/www.journee-mondiale.com\/es\/wp-json\/wp\/v2\/users\/1"}],"replies":[{"embeddable":true,"href":"https:\/\/www.journee-mondiale.com\/es\/wp-json\/wp\/v2\/comments?post=12540"}],"version-history":[{"count":0,"href":"https:\/\/www.journee-mondiale.com\/es\/wp-json\/wp\/v2\/posts\/12540\/revisions"}],"wp:featuredmedia":[{"embeddable":true,"href":"https:\/\/www.journee-mondiale.com\/es\/wp-json\/wp\/v2\/media\/12539"}],"wp:attachment":[{"href":"https:\/\/www.journee-mondiale.com\/es\/wp-json\/wp\/v2\/media?parent=12540"}],"wp:term":[{"taxonomy":"category","embeddable":true,"href":"https:\/\/www.journee-mondiale.com\/es\/wp-json\/wp\/v2\/categories?post=12540"},{"taxonomy":"post_tag","embeddable":true,"href":"https:\/\/www.journee-mondiale.com\/es\/wp-json\/wp\/v2\/tags?post=12540"}],"curies":[{"name":"wp","href":"https:\/\/api.w.org\/{rel}","templated":true}]}}