{"id":12534,"date":"2025-03-31T08:06:21","date_gmt":"2025-03-31T06:06:21","guid":{"rendered":"https:\/\/www.journee-mondiale.com\/es\/la-alerta-que-ignore-sobre-mis-pensiones-en-2025-como-descubri-la-verdad-tras-los-rumores-de-colapso-y-que-medida-tome-al-instante\/"},"modified":"2025-03-31T08:06:21","modified_gmt":"2025-03-31T06:06:21","slug":"la-alerta-que-ignore-sobre-mis-pensiones-en-2025-como-descubri-la-verdad-tras-los-rumores-de-colapso-y-que-medida-tome-al-instante","status":"publish","type":"post","link":"https:\/\/www.journee-mondiale.com\/es\/la-alerta-que-ignore-sobre-mis-pensiones-en-2025-como-descubri-la-verdad-tras-los-rumores-de-colapso-y-que-medida-tome-al-instante\/","title":{"rendered":"La alerta que ignor\u00e9 sobre mis pensiones en 2025: c\u00f3mo descubr\u00ed la verdad tras los rumores de colapso (y qu\u00e9 medida tom\u00e9 al instante)"},"content":{"rendered":"<p>La primavera de 2025 ha tra\u00eddo consigo un debate que mantiene en vilo a millones de espa\u00f1oles: \u00bfest\u00e1n realmente en peligro nuestras pensiones? Mientras los titulares alarmistas proliferan, es momento de <strong>analizar con calma<\/strong> lo que realmente est\u00e1 sucediendo con el sistema de pensiones espa\u00f1ol y separar los mitos de la realidad.<\/p>\n<h2>La verdad detr\u00e1s de los rumores sobre el fin de las pensiones<\/h2>\n<p>Contrario a lo que sugieren algunos titulares sensacionalistas sobre <a href=\"https:\/\/www.journee-mondiale.com\/es\/adi\u00f3s-a-las-pensiones-en-2025\/\" target=\"_blank\">el adi\u00f3s a las pensiones en 2025<\/a>, la realidad es muy diferente. El sistema est\u00e1 experimentando transformaciones para garantizar su sostenibilidad, no su desaparici\u00f3n.<\/p>\n<p>\u00abLas reformas implementadas buscan <strong>fortalecer el sistema<\/strong>, no desmantelarlo\u00bb, afirma Elma Saiz, Ministra de Seguridad Social. \u00abEstamos adaptando nuestro modelo de pensiones a la realidad demogr\u00e1fica actual para asegurar su viabilidad futura\u00bb.<\/p>\n<h2>Cambios clave que debes conocer para esta primavera<\/h2>\n<p>Entre las medidas m\u00e1s relevantes para este 2025 destacan:<\/p>\n<ul>\n<li>Revalorizaci\u00f3n de pensiones contributivas en un <strong>2,8%<\/strong> seg\u00fan el IPC<\/li>\n<li>Incremento del 9% en pensiones no contributivas<\/li>\n<li>Aumento del 6% en pensiones m\u00ednimas<\/li>\n<\/ul>\n<h2>La edad de jubilaci\u00f3n: un ajuste necesario, no un castigo<\/h2>\n<p>La edad para jubilarse se sit\u00faa en <strong>66 a\u00f1os y 8 meses<\/strong> para 2025, aunque quienes hayan cotizado 38 a\u00f1os y 3 meses pueden retirarse a los 65. Esta adaptaci\u00f3n es como un ejercicio de equilibrio: ajustamos la edad de jubilaci\u00f3n mientras la esperanza de vida aumenta, similar a como <a href=\"https:\/\/www.journee-mondiale.com\/es\/risoterapia-primaveral-como-descubri-que-15-minutos-diarios-liberaron-mi-estres-y-la-ciencia-que-lo-explica\/\" target=\"_blank\">nuestro cuerpo necesita ajustes diarios para manejar el estr\u00e9s<\/a>.<\/p>\n<h2>\u00bfQu\u00e9 dicen los expertos sobre el futuro de las pensiones?<\/h2>\n<p>El economista Gonzalo Bernardos se\u00f1ala: \u00abEl verdadero desaf\u00edo no es si habr\u00e1 pensiones, sino <strong>c\u00f3mo mantener su poder adquisitivo<\/strong> frente al envejecimiento poblacional\u00bb.<\/p>\n<p>Por su parte, Fernando Fern\u00e1ndez, experto en Seguridad Social, compara el sistema de pensiones con un tratamiento de rejuvenecimiento: \u00abAl igual que <a href=\"https:\/\/www.journee-mondiale.com\/es\/el-gran-descubrimiento-que-cambio-mi-piel-a-los-60-colageno-vitamina-c-y-retinol-lo-que-sucedio-esta-primavera\/\" target=\"_blank\">necesitamos nutrientes espec\u00edficos para mantener nuestra piel saludable<\/a>, el sistema requiere aportes constantes y ajustes peri\u00f3dicos\u00bb.<\/p>\n<h2>Jubilaci\u00f3n flexible: adapt\u00e1ndose a las necesidades individuales<\/h2>\n<p>Las nuevas modalidades de jubilaci\u00f3n permiten una <strong>transici\u00f3n gradual<\/strong> hacia el retiro, beneficiando especialmente a las mujeres, cuyas carreras laborales suelen presentar m\u00e1s interrupciones.<\/p>\n<p>Estas opciones flexibles son comparables a c\u00f3mo <a href=\"https:\/\/www.journee-mondiale.com\/es\/los-5-cortes-para-pelo-rizado-que-dominan-la-primavera-2025-el-tercero-requiere-70-menos-mantenimiento-diario\/\" target=\"_blank\">elegimos peinados que se adaptan a nuestras necesidades<\/a> &#8211; algunos requieren m\u00e1s mantenimiento, otros menos, pero todos cumplen su funci\u00f3n esencial.<\/p>\n<h2>Medidas para fortalecer la sostenibilidad financiera<\/h2>\n<p>Para garantizar la viabilidad del sistema, se han implementado:<\/p>\n<ul>\n<li>Incentivos por demora en la jubilaci\u00f3n<\/li>\n<li>Ajustes en las bases de cotizaci\u00f3n<\/li>\n<li>Una cuota de solidaridad para salarios m\u00e1s altos<\/li>\n<\/ul>\n<h2>C\u00f3mo prepararte para un retiro saludable, m\u00e1s all\u00e1 de lo econ\u00f3mico<\/h2>\n<p>Mientras el sistema se adapta, es crucial fortalecer nuestro <strong>bienestar integral<\/strong>. De la misma manera que <a href=\"https:\/\/www.journee-mondiale.com\/es\/revele-5-vitaminas-que-salvaron-mi-cabello-esta-primavera-lo-que-mi-dermatologa-nunca-me-dijo-sobre-la-caida-estacional\/\" target=\"_blank\">cuidamos nuestro cabello con nutrientes esenciales<\/a>, debemos nutrir nuestras finanzas, salud f\u00edsica y mental para un retiro pleno.<\/p>\n<h2>\u00bfEstamos realmente ante el fin de un sistema o el nacimiento de uno mejor?<\/h2>\n<p>Las pensiones no desaparecer\u00e1n en 2025. Lo que estamos presenciando es una <strong>transformaci\u00f3n necesaria<\/strong> para adaptarse a la nueva realidad demogr\u00e1fica y econ\u00f3mica. Como un organismo que evoluciona para sobrevivir, nuestro sistema de pensiones se est\u00e1 regenerando para seguir cumpliendo su funci\u00f3n esencial: proporcionar seguridad econ\u00f3mica a quienes han contribuido con su trabajo al bienestar colectivo.<\/p>\n","protected":false},"excerpt":{"rendered":"<p>La primavera de 2025 ha tra\u00eddo consigo un debate que mantiene en vilo a millones de espa\u00f1oles: \u00bfest\u00e1n realmente en peligro nuestras pensiones? Mientras los titulares alarmistas proliferan, es momento de analizar con calma lo que realmente est\u00e1 sucediendo con el sistema de pensiones espa\u00f1ol y separar los mitos de la realidad. La verdad detr\u00e1s &#8230; <a title=\"La alerta que ignor\u00e9 sobre mis pensiones en 2025: c\u00f3mo descubr\u00ed la verdad tras los rumores de colapso (y qu\u00e9 medida tom\u00e9 al instante)\" class=\"read-more\" href=\"https:\/\/www.journee-mondiale.com\/es\/la-alerta-que-ignore-sobre-mis-pensiones-en-2025-como-descubri-la-verdad-tras-los-rumores-de-colapso-y-que-medida-tome-al-instante\/\" aria-label=\"Leer m\u00e1s sobre La alerta que ignor\u00e9 sobre mis pensiones en 2025: c\u00f3mo descubr\u00ed la verdad tras los rumores de colapso (y qu\u00e9 medida tom\u00e9 al instante)\">Lire plus<\/a><\/p>\n","protected":false},"author":1,"featured_media":12533,"comment_status":"","ping_status":"","sticky":false,"template":"","format":"standard","meta":{"footnotes":""},"categories":[48],"tags":[],"class_list":["post-12534","post","type-post","status-publish","format-standard","has-post-thumbnail","hentry","category-estilo-de-vida"],"acf":[],"_yoast_wpseo_primary_category":null,"_yoast_wpseo_title":null,"_yoast_wpseo_metadesc":null,"_links":{"self":[{"href":"https:\/\/www.journee-mondiale.com\/es\/wp-json\/wp\/v2\/posts\/12534","targetHints":{"allow":["GET"]}}],"collection":[{"href":"https:\/\/www.journee-mondiale.com\/es\/wp-json\/wp\/v2\/posts"}],"about":[{"href":"https:\/\/www.journee-mondiale.com\/es\/wp-json\/wp\/v2\/types\/post"}],"author":[{"embeddable":true,"href":"https:\/\/www.journee-mondiale.com\/es\/wp-json\/wp\/v2\/users\/1"}],"replies":[{"embeddable":true,"href":"https:\/\/www.journee-mondiale.com\/es\/wp-json\/wp\/v2\/comments?post=12534"}],"version-history":[{"count":0,"href":"https:\/\/www.journee-mondiale.com\/es\/wp-json\/wp\/v2\/posts\/12534\/revisions"}],"wp:featuredmedia":[{"embeddable":true,"href":"https:\/\/www.journee-mondiale.com\/es\/wp-json\/wp\/v2\/media\/12533"}],"wp:attachment":[{"href":"https:\/\/www.journee-mondiale.com\/es\/wp-json\/wp\/v2\/media?parent=12534"}],"wp:term":[{"taxonomy":"category","embeddable":true,"href":"https:\/\/www.journee-mondiale.com\/es\/wp-json\/wp\/v2\/categories?post=12534"},{"taxonomy":"post_tag","embeddable":true,"href":"https:\/\/www.journee-mondiale.com\/es\/wp-json\/wp\/v2\/tags?post=12534"}],"curies":[{"name":"wp","href":"https:\/\/api.w.org\/{rel}","templated":true}]}}