{"id":12528,"date":"2025-03-30T19:00:01","date_gmt":"2025-03-30T17:00:01","guid":{"rendered":"https:\/\/www.journee-mondiale.com\/es\/el-bob-frances-elevado-que-alarga-2-cm-visualmente-el-cuello-el-secreto-parisino-que-transforma-siluetas-esta-primavera\/"},"modified":"2025-03-30T19:00:01","modified_gmt":"2025-03-30T17:00:01","slug":"el-bob-frances-elevado-que-alarga-2-cm-visualmente-el-cuello-el-secreto-parisino-que-transforma-siluetas-esta-primavera","status":"publish","type":"post","link":"https:\/\/www.journee-mondiale.com\/es\/el-bob-frances-elevado-que-alarga-2-cm-visualmente-el-cuello-el-secreto-parisino-que-transforma-siluetas-esta-primavera\/","title":{"rendered":"El bob franc\u00e9s elevado que alarga 2 cm visualmente el cuello (el secreto parisino que transforma siluetas esta primavera)"},"content":{"rendered":"<p>\u00bfSab\u00edas que un peque\u00f1o cambio en tu corte de pelo puede transformar por completo tu silueta? Con la llegada de la primavera 2025, el <strong>French Bob elevado en la nuca<\/strong> se ha convertido en el secreto mejor guardado de las estilistas para conseguir un cuello visualmente m\u00e1s largo y estilizado. Este refinado corte parisino no solo aporta elegancia, sino que crea una ilusi\u00f3n \u00f3ptica que alarga la figura y rejuvenece instant\u00e1neamente.<\/p>\n<h2>El renacimiento primaveral del bob franc\u00e9s con un giro inesperado<\/h2>\n<p>La primavera trae consigo una renovaci\u00f3n del cl\u00e1sico bob franc\u00e9s. <strong>Estela Mart\u00ednez<\/strong>, directora creativa del prestigioso sal\u00f3n \u00abLe Chic\u00bb en Barcelona, explica: \u00abEl French Bob tradicional llega a la altura de la mand\u00edbula, pero esta evoluci\u00f3n elevada en la nuca crea un efecto visual que alarga el cuello como por arte de magia, perfecto para las temperaturas c\u00e1lidas que se aproximan\u00bb.<\/p>\n<p>A diferencia del <a href=\"https:\/\/www.journee-mondiale.com\/es\/el-french-bob-para-ondas-naturales-que-revoluciono-a-las-madrilenas-y-reduce-8-minutos-de-styling\/\" target=\"_blank\">French bob para ondas naturales que revolucion\u00f3 a las madrile\u00f1as<\/a>, esta variante se caracteriza por mantener la parte delantera a la altura del ment\u00f3n mientras la zona posterior se eleva suavemente, creando un sutil desnivel que <strong>potencia la verticalidad del cuello<\/strong>.<\/p>\n<h2>\u00bfPor qu\u00e9 este corte est\u00e1 conquistando las calles esta primavera?<\/h2>\n<p>El secreto de su popularidad radica en tres factores fundamentales:<\/p>\n<ul>\n<li>Crea la ilusi\u00f3n de un cuello m\u00e1s largo y estilizado sin esfuerzo<\/li>\n<li>Se adapta perfectamente a los looks primaverales con escotes abiertos<\/li>\n<li>Ofrece versatilidad para distintos estilos de peinado, desde liso pulido hasta ondas desenfadadas<\/li>\n<\/ul>\n<h2>La t\u00e9cnica que transforma tu silueta en minutos<\/h2>\n<p>Este corte es como un <strong>cors\u00e9 invisible<\/strong> para tu cuello. \u00abAl elevar estrat\u00e9gicamente la parte posterior mientras mantenemos longitud en el frente, creamos una diagonal ascendente que estiliza visualmente el cuello hasta 2 cent\u00edmetros\u00bb, revela <strong>David L\u00f3pez<\/strong>, estilista internacional con sede en Madrid.<\/p>\n<p>A diferencia del <a href=\"https:\/\/www.journee-mondiale.com\/es\/el-bob-con-navaja-que-domo-mi-cabello-grueso-en-primavera-asi-recupere-movimiento-sin-perder-volumen\/\" target=\"_blank\">bob con navaja que dom\u00f3 mi cabello grueso en primavera<\/a>, esta versi\u00f3n funciona para la mayor\u00eda de texturas capilares, siendo particularmente favorecedora para cabellos finos y medios.<\/p>\n<h2>C\u00f3mo adaptar este estilo parisino a tu rostro<\/h2>\n<p>El French Bob elevado tiene la peculiaridad de adaptarse como un <strong>guante hecho a medida<\/strong> seg\u00fan la forma de tu rostro:<\/p>\n<ul>\n<li>Rostros redondos: Mayor elevaci\u00f3n en la nuca para estilizar<\/li>\n<li>Rostros alargados: Flequillo suave para equilibrar proporciones<\/li>\n<li>Rostros cuadrados: Puntas texturizadas para suavizar \u00e1ngulos<\/li>\n<\/ul>\n<h2>Mi experiencia: de cuello corto a silueta estilizada<\/h2>\n<p>Cuando me anim\u00e9 a probar este corte, mi mayor inseguridad siempre hab\u00eda sido mi cuello corto. Tras el cambio, mi percepci\u00f3n se transform\u00f3 completamente. Al igual que con el <a href=\"https:\/\/www.journee-mondiale.com\/es\/el-bob-rizado-que-cambio-mi-rutina-asi-dome-mi-volumen-rebelde-en-10-minutos-la-tecnica-que-no-esperaba\/\" target=\"_blank\">bob rizado que cambi\u00f3 mi rutina<\/a>, descubr\u00ed una nueva confianza al ver c\u00f3mo se <strong>alargaba visualmente mi silueta<\/strong>.<\/p>\n<h2>El styling perfecto para maximizar el efecto estilizador<\/h2>\n<p>Para potenciar el efecto alargador, los expertos recomiendan un <strong>secado con cepillo redondo<\/strong>, elevando ligeramente las ra\u00edces de la nuca. Similar a <a href=\"https:\/\/www.journee-mondiale.com\/es\/mi-peinado-secreto-para-primavera-asi-cambie-mi-bob-con-una-simple-raya-lateral-y-rejuvenecio-mi-rostro-al-instante\/\" target=\"_blank\">mi peinado secreto para primavera con raya lateral<\/a>, peque\u00f1os ajustes marcan grandes diferencias.<\/p>\n<h2>\u00bfPara qui\u00e9n funciona mejor este corte rejuvenecedor?<\/h2>\n<p>Este estilo pertenece a la familia de <a href=\"https:\/\/www.journee-mondiale.com\/es\/5-cortes-que-rejuvenecen-mi-rostro-en-primavera-el-bob-reinventado-cambio-mi-apariencia\/\" target=\"_blank\">5 cortes que rejuvenecen mi rostro en primavera<\/a>. Funciona especialmente bien para mujeres con <strong>cuellos cortos o anchos<\/strong> que buscan estilizar su silueta, o para quienes desean destacar los hombros y escotes en los meses c\u00e1lidos.<\/p>\n<h2>\u00bfTe atrever\u00edas a transformar tu imagen con este secreto parisino?<\/h2>\n<p>La verdadera magia del French Bob elevado no reside solo en su capacidad para estilizar el cuello, sino en c\u00f3mo transforma nuestra actitud. Como si fuera un toque de varita m\u00e1gica capilar, este corte nos invita a llevar la cabeza alta, con la confianza de quien conoce los secretos del estilo parisino. La primavera 2025 es el momento perfecto para atreverse a cambiar y descubrir c\u00f3mo un simple corte puede revelarnos una versi\u00f3n m\u00e1s elegante y estilizada de nosotras mismas.<\/p>\n","protected":false},"excerpt":{"rendered":"<p>\u00bfSab\u00edas que un peque\u00f1o cambio en tu corte de pelo puede transformar por completo tu silueta? Con la llegada de la primavera 2025, el French Bob elevado en la nuca se ha convertido en el secreto mejor guardado de las estilistas para conseguir un cuello visualmente m\u00e1s largo y estilizado. Este refinado corte parisino no &#8230; <a title=\"El bob franc\u00e9s elevado que alarga 2 cm visualmente el cuello (el secreto parisino que transforma siluetas esta primavera)\" class=\"read-more\" href=\"https:\/\/www.journee-mondiale.com\/es\/el-bob-frances-elevado-que-alarga-2-cm-visualmente-el-cuello-el-secreto-parisino-que-transforma-siluetas-esta-primavera\/\" aria-label=\"Leer m\u00e1s sobre El bob franc\u00e9s elevado que alarga 2 cm visualmente el cuello (el secreto parisino que transforma siluetas esta primavera)\">Lire plus<\/a><\/p>\n","protected":false},"author":1,"featured_media":12527,"comment_status":"","ping_status":"","sticky":false,"template":"","format":"standard","meta":{"footnotes":""},"categories":[48],"tags":[],"class_list":["post-12528","post","type-post","status-publish","format-standard","has-post-thumbnail","hentry","category-estilo-de-vida"],"acf":[],"_yoast_wpseo_primary_category":null,"_yoast_wpseo_title":null,"_yoast_wpseo_metadesc":null,"_links":{"self":[{"href":"https:\/\/www.journee-mondiale.com\/es\/wp-json\/wp\/v2\/posts\/12528","targetHints":{"allow":["GET"]}}],"collection":[{"href":"https:\/\/www.journee-mondiale.com\/es\/wp-json\/wp\/v2\/posts"}],"about":[{"href":"https:\/\/www.journee-mondiale.com\/es\/wp-json\/wp\/v2\/types\/post"}],"author":[{"embeddable":true,"href":"https:\/\/www.journee-mondiale.com\/es\/wp-json\/wp\/v2\/users\/1"}],"replies":[{"embeddable":true,"href":"https:\/\/www.journee-mondiale.com\/es\/wp-json\/wp\/v2\/comments?post=12528"}],"version-history":[{"count":0,"href":"https:\/\/www.journee-mondiale.com\/es\/wp-json\/wp\/v2\/posts\/12528\/revisions"}],"wp:featuredmedia":[{"embeddable":true,"href":"https:\/\/www.journee-mondiale.com\/es\/wp-json\/wp\/v2\/media\/12527"}],"wp:attachment":[{"href":"https:\/\/www.journee-mondiale.com\/es\/wp-json\/wp\/v2\/media?parent=12528"}],"wp:term":[{"taxonomy":"category","embeddable":true,"href":"https:\/\/www.journee-mondiale.com\/es\/wp-json\/wp\/v2\/categories?post=12528"},{"taxonomy":"post_tag","embeddable":true,"href":"https:\/\/www.journee-mondiale.com\/es\/wp-json\/wp\/v2\/tags?post=12528"}],"curies":[{"name":"wp","href":"https:\/\/api.w.org\/{rel}","templated":true}]}}