{"id":12520,"date":"2025-03-30T13:06:30","date_gmt":"2025-03-30T11:06:30","guid":{"rendered":"https:\/\/www.journee-mondiale.com\/es\/probe-esta-mascarilla-de-cafe-y-crema-nivea-3-veces-por-semana-y-mis-arrugas-finas-de-primavera-esto-es-lo-que-sucedio\/"},"modified":"2025-03-30T13:06:30","modified_gmt":"2025-03-30T11:06:30","slug":"probe-esta-mascarilla-de-cafe-y-crema-nivea-3-veces-por-semana-y-mis-arrugas-finas-de-primavera-esto-es-lo-que-sucedio","status":"publish","type":"post","link":"https:\/\/www.journee-mondiale.com\/es\/probe-esta-mascarilla-de-cafe-y-crema-nivea-3-veces-por-semana-y-mis-arrugas-finas-de-primavera-esto-es-lo-que-sucedio\/","title":{"rendered":"Prob\u00e9 esta mascarilla de caf\u00e9 y crema Nivea 3 veces por semana y mis arrugas finas de primavera&#8230; esto es lo que sucedi\u00f3"},"content":{"rendered":"<p>La primavera de 2025 ha llegado con fuerza y, con ella, nuestra piel necesita un impulso revitalizante tras los meses fr\u00edos. \u00bfHas notado c\u00f3mo las <strong>arrugas finas<\/strong> parecen m\u00e1s visibles cuando tu piel est\u00e1 deshidratada? Hoy te revelamos un secreto que est\u00e1 revolucionando las rutinas de belleza caseras: la mascarilla de crema Nivea y caf\u00e9, un potente d\u00fao antiarrugas que puedes preparar en tu cocina.<\/p>\n<h2>El poder rejuvenecedor del caf\u00e9 y la crema Nivea: la combinaci\u00f3n perfecta<\/h2>\n<p>Esta mascarilla aprovecha los <strong>antioxidantes naturales<\/strong> del caf\u00e9 y las propiedades hidratantes de la crema Nivea. El Dr. Alejandro Moreno, dermat\u00f3logo del Centro Dermatol\u00f3gico Avanzado de Madrid, explica: \u00abLa cafe\u00edna presente en el caf\u00e9 estimula la microcirculaci\u00f3n cut\u00e1nea, mientras que la crema Nivea aporta una hidrataci\u00f3n profunda que mejora la elasticidad de la piel\u00bb.<\/p>\n<p>La combinaci\u00f3n de estos ingredientes cotidianos crea un tratamiento facial potente que <a href=\"https:\/\/www.journee-mondiale.com\/es\/probe-la-cuchara-con-crema-nivea-en-mi-cara-durante-3-semanas-asi-cambio-mi-piel-este-mayo-y-mi-dermato-quedo-sorprendida\/\" target=\"_blank\">puede transformar tu piel en pocas semanas<\/a>, especialmente durante esta temporada primaveral cuando nuestra dermis necesita recuperarse.<\/p>\n<h2>Receta paso a paso: prepara tu mascarilla antiarrugas en 2 minutos<\/h2>\n<p>Preparar esta mascarilla es incre\u00edblemente sencillo. Necesitar\u00e1s:<\/p>\n<ul>\n<li>2 cucharadas de <strong>crema Nivea<\/strong> de la lata azul tradicional<\/li>\n<li>1 cucharada de <strong>caf\u00e9 molido<\/strong> (preferiblemente de molienda fina)<\/li>\n<li>1 recipiente peque\u00f1o para mezclar<\/li>\n<\/ul>\n<p>Mezcla ambos ingredientes hasta obtener una pasta homog\u00e9nea. Aplica sobre el rostro limpio con movimientos circulares, evitando el contorno de ojos. Deja actuar durante 10 minutos y retira con agua tibia.<\/p>\n<h2>El caf\u00e9: un aliado antienvejecimiento que ya tienes en tu cocina<\/h2>\n<p>El caf\u00e9 no es solo tu energizante matutino. Los <strong>polifenoles<\/strong> presentes en estos granos son potentes antioxidantes que combaten el envejecimiento prematuro. \u00abEl caf\u00e9 act\u00faa como un exfoliante natural que elimina c\u00e9lulas muertas y estimula la renovaci\u00f3n celular, dejando una piel m\u00e1s tersa y luminosa\u00bb, se\u00f1ala la Dra. Carmen V\u00e1zquez, especialista en medicina est\u00e9tica.<\/p>\n<p>Esta propiedad exfoliante es particularmente beneficiosa durante la primavera, cuando buscamos <a href=\"https:\/\/www.journee-mondiale.com\/es\/el-gran-descubrimiento-que-cambio-mi-piel-a-los-60-colageno-vitamina-c-y-retinol-lo-que-sucedio-esta-primavera\/\" target=\"_blank\">revitalizar nuestra piel tras el invierno<\/a>.<\/p>\n<h2>Crema Nivea: el secreto de hidrataci\u00f3n que traspasa generaciones<\/h2>\n<p>La cl\u00e1sica crema Nivea contiene <strong>pantenol y glicerina<\/strong>, dos ingredientes que act\u00faan como una reserva de hidrataci\u00f3n para la piel. Esta crema funciona como un veh\u00edculo perfecto para los componentes activos del caf\u00e9, permitiendo que penetren mejor en la dermis.<\/p>\n<p>Imagina tu piel como un jard\u00edn primaveral: la crema Nivea es como el agua que nutre el terreno, permitiendo que las semillas (los beneficios del caf\u00e9) florezcan en todo su esplendor.<\/p>\n<h2>Beneficios comprobados para distintas zonas del rostro<\/h2>\n<p>Esta mascarilla ofrece beneficios espec\u00edficos seg\u00fan la zona:<\/p>\n<ul>\n<li>En la <strong>frente y entrecejo<\/strong>: reduce visiblemente las l\u00edneas de expresi\u00f3n<\/li>\n<li>En las <strong>patas de gallo<\/strong>: suaviza el contorno de ojos (aplica con mucho cuidado)<\/li>\n<li>En las <strong>mejillas<\/strong>: mejora la textura y luminosidad<\/li>\n<\/ul>\n<p>Para el contorno de ojos, una zona especialmente sensible, puedes <a href=\"https:\/\/www.journee-mondiale.com\/es\/el-contorno-de-ojos-masculino-de-5e-que-use-durante-6-semanas-y-supero-a-mi-crema-premium-de-60e\/\" target=\"_blank\">combinar este tratamiento con productos espec\u00edficos<\/a> que potencien los resultados.<\/p>\n<h2>Complementa tu rutina anti-edad esta primavera<\/h2>\n<p>Para maximizar los resultados, Marina L\u00f3pez, esteticista con 15 a\u00f1os de experiencia, recomienda: \u00abComplementa esta mascarilla con una alimentaci\u00f3n rica en <strong>vitaminas antioxidantes<\/strong> y usa protecci\u00f3n solar diariamente, incluso en d\u00edas nublados de primavera\u00bb. Adem\u00e1s, <a href=\"https:\/\/www.journee-mondiale.com\/es\/revele-5-vitaminas-que-salvaron-mi-cabello-esta-primavera-lo-que-mi-dermatologa-nunca-me-dijo-sobre-la-caida-estacional\/\" target=\"_blank\">ciertas vitaminas pueden potenciar la salud de tu cabello y piel<\/a> durante este cambio estacional.<\/p>\n<h2>\u00bfQu\u00e9 rostro quieres ver reflejado esta primavera?<\/h2>\n<p>La mascarilla de Nivea y caf\u00e9 act\u00faa como un escultor natural que <a href=\"https:\/\/www.journee-mondiale.com\/es\/transforme-mi-rostro-anguloso-con-el-contorneado-difuminado-mi-tecnica-de-maquillaje-para-esta-primavera-que-suavizo-mis-facciones-en-3-pasos\/\" target=\"_blank\">suaviza tus facciones<\/a> y revitaliza tu piel. Este tratamiento casero, simple pero eficaz, podr\u00eda convertirse en tu aliado de belleza favorito esta primavera. Tu piel te lo agradecer\u00e1, revelando una versi\u00f3n m\u00e1s fresca y radiante de ti misma con cada aplicaci\u00f3n semanal.<\/p>\n","protected":false},"excerpt":{"rendered":"<p>La primavera de 2025 ha llegado con fuerza y, con ella, nuestra piel necesita un impulso revitalizante tras los meses fr\u00edos. \u00bfHas notado c\u00f3mo las arrugas finas parecen m\u00e1s visibles cuando tu piel est\u00e1 deshidratada? Hoy te revelamos un secreto que est\u00e1 revolucionando las rutinas de belleza caseras: la mascarilla de crema Nivea y caf\u00e9, &#8230; <a title=\"Prob\u00e9 esta mascarilla de caf\u00e9 y crema Nivea 3 veces por semana y mis arrugas finas de primavera&#8230; esto es lo que sucedi\u00f3\" class=\"read-more\" href=\"https:\/\/www.journee-mondiale.com\/es\/probe-esta-mascarilla-de-cafe-y-crema-nivea-3-veces-por-semana-y-mis-arrugas-finas-de-primavera-esto-es-lo-que-sucedio\/\" aria-label=\"Leer m\u00e1s sobre Prob\u00e9 esta mascarilla de caf\u00e9 y crema Nivea 3 veces por semana y mis arrugas finas de primavera&#8230; esto es lo que sucedi\u00f3\">Lire plus<\/a><\/p>\n","protected":false},"author":1,"featured_media":12519,"comment_status":"","ping_status":"","sticky":false,"template":"","format":"standard","meta":{"footnotes":""},"categories":[48],"tags":[],"class_list":["post-12520","post","type-post","status-publish","format-standard","has-post-thumbnail","hentry","category-estilo-de-vida"],"acf":[],"_yoast_wpseo_primary_category":null,"_yoast_wpseo_title":null,"_yoast_wpseo_metadesc":null,"_links":{"self":[{"href":"https:\/\/www.journee-mondiale.com\/es\/wp-json\/wp\/v2\/posts\/12520","targetHints":{"allow":["GET"]}}],"collection":[{"href":"https:\/\/www.journee-mondiale.com\/es\/wp-json\/wp\/v2\/posts"}],"about":[{"href":"https:\/\/www.journee-mondiale.com\/es\/wp-json\/wp\/v2\/types\/post"}],"author":[{"embeddable":true,"href":"https:\/\/www.journee-mondiale.com\/es\/wp-json\/wp\/v2\/users\/1"}],"replies":[{"embeddable":true,"href":"https:\/\/www.journee-mondiale.com\/es\/wp-json\/wp\/v2\/comments?post=12520"}],"version-history":[{"count":0,"href":"https:\/\/www.journee-mondiale.com\/es\/wp-json\/wp\/v2\/posts\/12520\/revisions"}],"wp:featuredmedia":[{"embeddable":true,"href":"https:\/\/www.journee-mondiale.com\/es\/wp-json\/wp\/v2\/media\/12519"}],"wp:attachment":[{"href":"https:\/\/www.journee-mondiale.com\/es\/wp-json\/wp\/v2\/media?parent=12520"}],"wp:term":[{"taxonomy":"category","embeddable":true,"href":"https:\/\/www.journee-mondiale.com\/es\/wp-json\/wp\/v2\/categories?post=12520"},{"taxonomy":"post_tag","embeddable":true,"href":"https:\/\/www.journee-mondiale.com\/es\/wp-json\/wp\/v2\/tags?post=12520"}],"curies":[{"name":"wp","href":"https:\/\/api.w.org\/{rel}","templated":true}]}}