{"id":12514,"date":"2025-03-30T09:05:40","date_gmt":"2025-03-30T07:05:40","guid":{"rendered":"https:\/\/www.journee-mondiale.com\/es\/descubri-que-mi-cabello-plateado-pierde-brillo-en-primavera-5-mascarillas-caseras-que-devolvieron-mi-luminosidad-natural-y-como-el-romero-cambio-todo\/"},"modified":"2025-03-30T09:05:40","modified_gmt":"2025-03-30T07:05:40","slug":"descubri-que-mi-cabello-plateado-pierde-brillo-en-primavera-5-mascarillas-caseras-que-devolvieron-mi-luminosidad-natural-y-como-el-romero-cambio-todo","status":"publish","type":"post","link":"https:\/\/www.journee-mondiale.com\/es\/descubri-que-mi-cabello-plateado-pierde-brillo-en-primavera-5-mascarillas-caseras-que-devolvieron-mi-luminosidad-natural-y-como-el-romero-cambio-todo\/","title":{"rendered":"Descubr\u00ed que mi cabello plateado pierde brillo en primavera: 5 mascarillas caseras que devolvieron mi luminosidad natural (y c\u00f3mo el romero cambi\u00f3 todo)"},"content":{"rendered":"<p>La <strong>tendencia plateada<\/strong> est\u00e1 conquistando corazones esta primavera 2025. El cabello gris ya no es solo cuesti\u00f3n de edad, sino una declaraci\u00f3n de estilo que muchas mujeres eligen con orgullo. Sin embargo, este tono particular requiere cuidados espec\u00edficos para mantener su brillo y vitalidad. Descubre c\u00f3mo transformar tu cocina en un spa capilar con estas mascarillas y tratamientos caseros que har\u00e1n que tu melena plateada luzca espectacular.<\/p>\n<h2>El renacimiento plateado: por qu\u00e9 cuidar tu cabello gris es esencial en primavera<\/h2>\n<p>Con la llegada de la primavera, el cabello gris necesita <strong>protecci\u00f3n adicional<\/strong> contra los rayos UV que pueden amarillear los tonos plateados. \u00abEl cabello canoso es m\u00e1s poroso y susceptible a factores ambientales, especialmente durante los cambios de estaci\u00f3n\u00bb, explica Marina S\u00e1nchez, directora de Estilismo del Sal\u00f3n Silver Crown de Barcelona. \u00abLas mascarillas caseras son perfectas para complementar los cuidados profesionales\u00bb.<\/p>\n<h2>La hidrataci\u00f3n: el secreto mejor guardado para una melena plateada deslumbrante<\/h2>\n<p>El cabello gris es como un lienzo en blanco: cualquier falta de hidrataci\u00f3n se nota inmediatamente. Una <strong>melena deshidratada<\/strong> pierde luminosidad y puede adquirir tonos amarillentos indeseados, especialmente problem\u00e1ticos para quienes lucen un <a href=\"https:\/\/www.journee-mondiale.com\/es\/el-french-bob-para-ondas-naturales-que-revoluciono-a-las-madrilenas-y-reduce-8-minutos-de-styling\/\" target=\"_blank\">French bob con ondas naturales<\/a> donde el color debe mantenerse impecable.<\/p>\n<h2>Mascarilla de aguacate y aceite de coco: el d\u00fao revitalizante<\/h2>\n<p>Esta combinaci\u00f3n act\u00faa como un <strong>restaurador capilar<\/strong> intensivo, perfecto para cabellos grises que tienden a la sequedad:<\/p>\n<ul>\n<li>\u00bd aguacate maduro<\/li>\n<li>2 cucharadas de aceite de coco virgen<\/li>\n<li>1 cucharada de miel<\/li>\n<\/ul>\n<p>Tritura todos los ingredientes hasta obtener una pasta homog\u00e9nea. Aplica desde medios a puntas, evitando el cuero cabelludo. Deja actuar 30 minutos bajo una toalla caliente y enjuaga con agua tibia seguida de fr\u00eda para sellar la cut\u00edcula.<\/p>\n<h2>El secreto del t\u00e9 de romero para neutralizar tonos amarillos<\/h2>\n<p>Carlos Vidal, estilista del Sal\u00f3n Belleza Madrid, comparte: \u00abEl t\u00e9 de romero es mi <strong>aliado infalible<\/strong> para mantener el cabello gris radiante. Funciona especialmente bien en cortes como el <a href=\"https:\/\/www.journee-mondiale.com\/es\/el-bob-con-navaja-que-domo-mi-cabello-grueso-en-primavera-asi-recupere-movimiento-sin-perder-volumen\/\" target=\"_blank\">bob con navaja<\/a> donde cada hebra refleja la luz\u00bb.<\/p>\n<p>Prepara una infusi\u00f3n concentrada con 4 cucharadas de romero fresco en 500ml de agua. D\u00e9jala enfriar completamente y util\u00edzala como enjuague final despu\u00e9s del champ\u00fa. Tu cabello actuar\u00e1 como un prisma plateado, reflejando luz desde todos los \u00e1ngulos.<\/p>\n<h2>Mascarilla de yogur y miel: nutrici\u00f3n profunda que combate el frizz<\/h2>\n<p>Esta combinaci\u00f3n es perfecta para quienes lucen <a href=\"https:\/\/www.journee-mondiale.com\/es\/el-bob-rizado-que-cambio-mi-rutina-asi-dome-mi-volumen-rebelde-en-10-minutos-la-tecnica-que-no-esperaba\/\" target=\"_blank\">un bob rizado<\/a>, ya que aporta definici\u00f3n y controla el volumen rebelde:<\/p>\n<ul>\n<li>\u00bd taza de yogur natural sin az\u00facar<\/li>\n<li>2 cucharadas de miel org\u00e1nica<\/li>\n<li>1 cucharada de aceite de oliva virgen<\/li>\n<\/ul>\n<p>Mezcla hasta integrar completamente y aplica desde la ra\u00edz hasta las puntas. El <strong>\u00e1cido l\u00e1ctico<\/strong> del yogur cerrar\u00e1 las cut\u00edculas, mientras la miel aportar\u00e1 brillo y suavidad.<\/p>\n<h2>El toque especial: mascarilla de pl\u00e1tano para cabellos grises rejuvenecidos<\/h2>\n<p>Si buscas un <strong>efecto rejuvenecedor<\/strong> para complementar esos <a href=\"https:\/\/www.journee-mondiale.com\/es\/5-cortes-que-rejuvenecen-mi-rostro-en-primavera-el-bob-reinventado-cambio-mi-apariencia\/\" target=\"_blank\">cortes que rejuvenecen el rostro en primavera<\/a>, esta mascarilla es tu soluci\u00f3n. Un pl\u00e1tano maduro machacado con dos cucharadas de aceite de arg\u00e1n crea un tratamiento nutritivo que devuelve la elasticidad al cabello gris.<\/p>\n<h2>Cambiando la perspectiva: c\u00f3mo una simple raya transforma tu melena plateada<\/h2>\n<p>La aplicaci\u00f3n correcta de estas mascarillas puede cambiar dram\u00e1ticamente el aspecto de tu cabello gris, tal como <a href=\"https:\/\/www.journee-mondiale.com\/es\/mi-peinado-secreto-para-primavera-asi-cambie-mi-bob-con-una-simple-raya-lateral-y-rejuvenecio-mi-rostro-al-instante\/\" target=\"_blank\">una simple raya lateral puede rejuvenecer un bob cl\u00e1sico<\/a>. La <strong>constancia en el cuidado<\/strong> es como esa raya estrat\u00e9gicamente colocada: marca toda la diferencia.<\/p>\n<h2>\u00bfLista para lucir tu plateado con orgullo esta primavera?<\/h2>\n<p>Tu cabello gris es como una joya preciosa que refleja sabidur\u00eda y estilo. Estos tratamientos caseros no solo nutrir\u00e1n cada hebra plateada sino que convertir\u00e1n tu melena en protagonista esta temporada. Recuerda, como dice Luisa Mart\u00ednez, colorista especializada: \u00abEl cabello gris bien cuidado no envejece, ilumina\u00bb. \u00bfTe atreves a brillar?<\/p>\n","protected":false},"excerpt":{"rendered":"<p>La tendencia plateada est\u00e1 conquistando corazones esta primavera 2025. El cabello gris ya no es solo cuesti\u00f3n de edad, sino una declaraci\u00f3n de estilo que muchas mujeres eligen con orgullo. Sin embargo, este tono particular requiere cuidados espec\u00edficos para mantener su brillo y vitalidad. Descubre c\u00f3mo transformar tu cocina en un spa capilar con estas &#8230; <a title=\"Descubr\u00ed que mi cabello plateado pierde brillo en primavera: 5 mascarillas caseras que devolvieron mi luminosidad natural (y c\u00f3mo el romero cambi\u00f3 todo)\" class=\"read-more\" href=\"https:\/\/www.journee-mondiale.com\/es\/descubri-que-mi-cabello-plateado-pierde-brillo-en-primavera-5-mascarillas-caseras-que-devolvieron-mi-luminosidad-natural-y-como-el-romero-cambio-todo\/\" aria-label=\"Leer m\u00e1s sobre Descubr\u00ed que mi cabello plateado pierde brillo en primavera: 5 mascarillas caseras que devolvieron mi luminosidad natural (y c\u00f3mo el romero cambi\u00f3 todo)\">Lire plus<\/a><\/p>\n","protected":false},"author":1,"featured_media":12513,"comment_status":"","ping_status":"","sticky":false,"template":"","format":"standard","meta":{"footnotes":""},"categories":[48],"tags":[],"class_list":["post-12514","post","type-post","status-publish","format-standard","has-post-thumbnail","hentry","category-estilo-de-vida"],"acf":[],"_yoast_wpseo_primary_category":null,"_yoast_wpseo_title":null,"_yoast_wpseo_metadesc":null,"_links":{"self":[{"href":"https:\/\/www.journee-mondiale.com\/es\/wp-json\/wp\/v2\/posts\/12514","targetHints":{"allow":["GET"]}}],"collection":[{"href":"https:\/\/www.journee-mondiale.com\/es\/wp-json\/wp\/v2\/posts"}],"about":[{"href":"https:\/\/www.journee-mondiale.com\/es\/wp-json\/wp\/v2\/types\/post"}],"author":[{"embeddable":true,"href":"https:\/\/www.journee-mondiale.com\/es\/wp-json\/wp\/v2\/users\/1"}],"replies":[{"embeddable":true,"href":"https:\/\/www.journee-mondiale.com\/es\/wp-json\/wp\/v2\/comments?post=12514"}],"version-history":[{"count":0,"href":"https:\/\/www.journee-mondiale.com\/es\/wp-json\/wp\/v2\/posts\/12514\/revisions"}],"wp:featuredmedia":[{"embeddable":true,"href":"https:\/\/www.journee-mondiale.com\/es\/wp-json\/wp\/v2\/media\/12513"}],"wp:attachment":[{"href":"https:\/\/www.journee-mondiale.com\/es\/wp-json\/wp\/v2\/media?parent=12514"}],"wp:term":[{"taxonomy":"category","embeddable":true,"href":"https:\/\/www.journee-mondiale.com\/es\/wp-json\/wp\/v2\/categories?post=12514"},{"taxonomy":"post_tag","embeddable":true,"href":"https:\/\/www.journee-mondiale.com\/es\/wp-json\/wp\/v2\/tags?post=12514"}],"curies":[{"name":"wp","href":"https:\/\/api.w.org\/{rel}","templated":true}]}}