{"id":12506,"date":"2025-03-29T18:00:28","date_gmt":"2025-03-29T17:00:28","guid":{"rendered":"https:\/\/www.journee-mondiale.com\/es\/el-french-bob-para-ondas-naturales-que-revoluciono-a-las-madrilenas-y-reduce-8-minutos-de-styling\/"},"modified":"2025-03-29T18:00:28","modified_gmt":"2025-03-29T17:00:28","slug":"el-french-bob-para-ondas-naturales-que-revoluciono-a-las-madrilenas-y-reduce-8-minutos-de-styling","status":"publish","type":"post","link":"https:\/\/www.journee-mondiale.com\/es\/el-french-bob-para-ondas-naturales-que-revoluciono-a-las-madrilenas-y-reduce-8-minutos-de-styling\/","title":{"rendered":"El French bob para ondas naturales que revolucion\u00f3 a las madrile\u00f1as (y reduce 8 minutos de styling)"},"content":{"rendered":"<p>Con la llegada de la primavera, el <strong>French bob para cabello ondulado<\/strong> se posiciona como el corte estrella para quienes buscan un cambio sin renunciar a su textura natural. Este cl\u00e1sico franc\u00e9s, caracterizado por su longitud a la altura de la barbilla y su aire desenfadado, se reinventa para abrazar y realzar las ondas sin maltratarlas. \u00bfTe imaginas lucir ese estilo parisino tan codiciado potenciando tus ondas naturales? Descubramos c\u00f3mo conseguirlo.<\/p>\n<h2>El renacimiento primaveral del French bob ondulado<\/h2>\n<p>El <strong>bob franc\u00e9s<\/strong> ha evolucionado desde sus or\u00edgenes en los a\u00f1os 20. \u00abLa versi\u00f3n ondulada actual celebra la textura natural, alej\u00e1ndose de la obsesi\u00f3n por el cabello liso que domin\u00f3 d\u00e9cadas anteriores\u00bb, explica Marta S\u00e1nchez, directora de Waves Studio en Madrid. Este corte es como un lienzo en blanco que cobra vida con la textura ondulada, aportando movimiento y dimensi\u00f3n que los cabellos lisos no pueden replicar.<\/p>\n<h2>La t\u00e9cnica de corte que respeta tus ondas<\/h2>\n<p>La magia comienza con un <strong>corte adaptado<\/strong> a la naturaleza de tu cabello. \u00abEl principal error es cortar el cabello mojado y de forma recta. Las ondas necesitan un corte t\u00e9cnico en seco que respete su patr\u00f3n natural\u00bb, advierte Lucas Mart\u00ednez, formador internacional de t\u00e9cnicas de corte. Al igual que <a href=\"https:\/\/www.journee-mondiale.com\/es\/el-bob-con-navaja-que-domo-mi-cabello-grueso-en-primavera-asi-recupere-movimiento-sin-perder-volumen\/\" target=\"_blank\">el bob trabajado con navaja<\/a>, esta versi\u00f3n busca aportar ligereza sin sacrificar volumen.<\/p>\n<h2>El m\u00e9todo \u00abscrunch &#038; diffuse\u00bb que revoluciona tu rutina<\/h2>\n<p>Para definir las ondas sin da\u00f1arlas, el <strong>m\u00e9todo scrunch<\/strong> se ha convertido en el aliado perfecto. Consiste en:\n<\/p>\n<ul>\n<li>Aplicar producto con el cabello h\u00famedo (no mojado)<\/li>\n<li>Apretar suavemente el cabello hacia el cuero cabelludo<\/li>\n<li>Secar con difusor a temperatura media, manteniendo la cabeza inclinada<\/li>\n<\/ul>\n<p>Este enfoque es como regar una planta: proporcionas exactamente lo que necesita para florecer naturalmente, sin forzarla. El resultado se asemeja al <a href=\"https:\/\/www.journee-mondiale.com\/es\/el-bob-rizado-que-cambio-mi-rutina-asi-dome-mi-volumen-rebelde-en-10-minutos-la-tecnica-que-no-esperaba\/\" target=\"_blank\">bob rizado que transforma rutinas complicadas<\/a> en procesos sencillos y efectivos.<\/p>\n<h2>La f\u00f3rmula secreta: productos que definen sin apelmazar<\/h2>\n<p>La elecci\u00f3n de <strong>productos espec\u00edficos<\/strong> marca la diferencia entre unas ondas definidas y un cabello encrespado. La nueva generaci\u00f3n de productos sin siliconas, alcoholes o sulfatos respeta la estructura natural del cabello. Mi experiencia personal con una crema de peinado a base de lino cambi\u00f3 completamente mi relaci\u00f3n con mis ondas: pas\u00e9 de luchar contra ellas a celebrarlas cada ma\u00f1ana.<\/p>\n<h2>El truco del \u00abrope twist\u00bb para ondas controladas<\/h2>\n<p>Una t\u00e9cnica revelaci\u00f3n es el <strong>rope twist<\/strong>, ideal para quienes tienen un French bob y buscan definici\u00f3n extra:<\/p>\n<ul>\n<li>Divide el cabello h\u00famedo en secciones medianas<\/li>\n<li>Retuerce cada secci\u00f3n como si fuera una cuerda<\/li>\n<li>Deja secar naturalmente o usa el difusor<\/li>\n<\/ul>\n<h2>El poder transformador de la raya lateral<\/h2>\n<p>Algo tan simple como <strong>cambiar la raya<\/strong> puede revitalizar por completo un French bob ondulado. Al igual que <a href=\"https:\/\/www.journee-mondiale.com\/es\/mi-peinado-secreto-para-primavera-asi-cambie-mi-bob-con-una-simple-raya-lateral-y-rejuvenecio-mi-rostro-al-instante\/\" target=\"_blank\">este cambio sutil pero efectivo<\/a>, un peque\u00f1o ajuste puede rejuvenecer el rostro al instante, especialmente en primavera cuando buscamos renovaci\u00f3n.<\/p>\n<h2>El rejuvenecimiento a trav\u00e9s de la textura<\/h2>\n<p>El French bob ondulado forma parte de esos <a href=\"https:\/\/www.journee-mondiale.com\/es\/5-cortes-que-rejuvenecen-mi-rostro-en-primavera-el-bob-reinventado-cambio-mi-apariencia\/\" target=\"_blank\">cortes que rejuvenecen instant\u00e1neamente<\/a>. \u00abLas ondas del bob franc\u00e9s enmarcan el rostro creando un efecto lifting natural\u00bb, confirma Elena Ruiz, estilista especializada en cabello maduro. Incluso se ha convertido en el <a href=\"https:\/\/www.journee-mondiale.com\/es\/el-bob-corto-que-rejuvenece-mi-rostro-a-los-50-asi-cambio-mi-apariencia-en-solo-3-dias-y-requiere-minimo-mantenimiento\/\" target=\"_blank\">favorito entre mujeres que buscan rejuvenecer su imagen<\/a> con m\u00ednimo mantenimiento.<\/p>\n<h2>\u00bfLista para abrazar tus ondas en un French bob?<\/h2>\n<p>Las ondas naturales son como huellas dactilares: \u00fanicas e irrepetibles. El French bob no intenta domarlas, sino celebrarlas en su m\u00e1xima expresi\u00f3n. Cuando defines tus ondas respetando su naturaleza, no solo consigues un peinado elegante sino tambi\u00e9n una declaraci\u00f3n de autenticidad. \u00bfPor qu\u00e9 luchar contra lo que te hace \u00fanica cuando puedes convertirlo en tu mejor atributo?<\/p>\n","protected":false},"excerpt":{"rendered":"<p>Con la llegada de la primavera, el French bob para cabello ondulado se posiciona como el corte estrella para quienes buscan un cambio sin renunciar a su textura natural. Este cl\u00e1sico franc\u00e9s, caracterizado por su longitud a la altura de la barbilla y su aire desenfadado, se reinventa para abrazar y realzar las ondas sin &#8230; <a title=\"El French bob para ondas naturales que revolucion\u00f3 a las madrile\u00f1as (y reduce 8 minutos de styling)\" class=\"read-more\" href=\"https:\/\/www.journee-mondiale.com\/es\/el-french-bob-para-ondas-naturales-que-revoluciono-a-las-madrilenas-y-reduce-8-minutos-de-styling\/\" aria-label=\"Leer m\u00e1s sobre El French bob para ondas naturales que revolucion\u00f3 a las madrile\u00f1as (y reduce 8 minutos de styling)\">Lire plus<\/a><\/p>\n","protected":false},"author":1,"featured_media":12505,"comment_status":"","ping_status":"","sticky":false,"template":"","format":"standard","meta":{"footnotes":""},"categories":[48],"tags":[],"class_list":["post-12506","post","type-post","status-publish","format-standard","has-post-thumbnail","hentry","category-estilo-de-vida"],"acf":[],"_yoast_wpseo_primary_category":null,"_yoast_wpseo_title":null,"_yoast_wpseo_metadesc":null,"_links":{"self":[{"href":"https:\/\/www.journee-mondiale.com\/es\/wp-json\/wp\/v2\/posts\/12506","targetHints":{"allow":["GET"]}}],"collection":[{"href":"https:\/\/www.journee-mondiale.com\/es\/wp-json\/wp\/v2\/posts"}],"about":[{"href":"https:\/\/www.journee-mondiale.com\/es\/wp-json\/wp\/v2\/types\/post"}],"author":[{"embeddable":true,"href":"https:\/\/www.journee-mondiale.com\/es\/wp-json\/wp\/v2\/users\/1"}],"replies":[{"embeddable":true,"href":"https:\/\/www.journee-mondiale.com\/es\/wp-json\/wp\/v2\/comments?post=12506"}],"version-history":[{"count":0,"href":"https:\/\/www.journee-mondiale.com\/es\/wp-json\/wp\/v2\/posts\/12506\/revisions"}],"wp:featuredmedia":[{"embeddable":true,"href":"https:\/\/www.journee-mondiale.com\/es\/wp-json\/wp\/v2\/media\/12505"}],"wp:attachment":[{"href":"https:\/\/www.journee-mondiale.com\/es\/wp-json\/wp\/v2\/media?parent=12506"}],"wp:term":[{"taxonomy":"category","embeddable":true,"href":"https:\/\/www.journee-mondiale.com\/es\/wp-json\/wp\/v2\/categories?post=12506"},{"taxonomy":"post_tag","embeddable":true,"href":"https:\/\/www.journee-mondiale.com\/es\/wp-json\/wp\/v2\/tags?post=12506"}],"curies":[{"name":"wp","href":"https:\/\/api.w.org\/{rel}","templated":true}]}}