{"id":12498,"date":"2025-03-29T12:08:35","date_gmt":"2025-03-29T11:08:35","guid":{"rendered":"https:\/\/www.journee-mondiale.com\/es\/el-contorno-de-ojos-masculino-de-5e-que-use-durante-6-semanas-y-supero-a-mi-crema-premium-de-60e\/"},"modified":"2025-03-29T12:08:35","modified_gmt":"2025-03-29T11:08:35","slug":"el-contorno-de-ojos-masculino-de-5e-que-use-durante-6-semanas-y-supero-a-mi-crema-premium-de-60e","status":"publish","type":"post","link":"https:\/\/www.journee-mondiale.com\/es\/el-contorno-de-ojos-masculino-de-5e-que-use-durante-6-semanas-y-supero-a-mi-crema-premium-de-60e\/","title":{"rendered":"El contorno de ojos masculino de 5\u20ac que us\u00e9 durante 6 semanas (y super\u00f3 a mi crema premium de 60\u20ac)"},"content":{"rendered":"<p>La primavera de 2025 trae consigo novedades revolucionarias en el cuidado facial y, entre ellas, destaca un secreto cada vez m\u00e1s compartido en redes sociales: el contorno de ojos masculino de Mercadona que se ha convertido en el favorito de todos los g\u00e9neros. Este peque\u00f1o bote azul de apenas cinco euros est\u00e1 causando sensaci\u00f3n por una raz\u00f3n muy simple: <strong>funciona mejor que opciones premium diez veces m\u00e1s caras<\/strong>.<\/p>\n<h2>El secreto mejor guardado de la cosm\u00e9tica econ\u00f3mica<\/h2>\n<p>El contorno de ojos Regen Skin de la l\u00ednea Men Care de Mercadona se ha convertido en el tesoro escondido de los pasillos de belleza. A pesar de estar etiquetado como producto masculino, su f\u00f3rmula ha demostrado ser <strong>efectiva independientemente del g\u00e9nero<\/strong> de quien lo utilice.<\/p>\n<p>\u00abLos cosm\u00e9ticos deben elegirse seg\u00fan las necesidades de la piel, no por la etiqueta de g\u00e9nero del producto\u00bb, afirma la farmac\u00e9utica In\u00e9s Nieto. \u00abLo crucial es la actividad de los ingredientes, y este contorno tiene una combinaci\u00f3n excepcional para tratar los signos de fatiga\u00bb.<\/p>\n<h2>Tres ingredientes estrella que justifican su \u00e9xito<\/h2>\n<p>La <strong>cafe\u00edna<\/strong>, el <strong>bakuchiol<\/strong> y la <strong>niacinamida<\/strong> conforman el tr\u00edo ganador de este contorno. La cafe\u00edna act\u00faa como un despertador instant\u00e1neo para la zona de los ojos, reduciendo significativamente la hinchaz\u00f3n matutina. El bakuchiol, considerado el \u00abretinol vegetal\u00bb, regenera la piel sin irritarla, mientras que la niacinamida mejora el tono y combate las manchas.<\/p>\n<blockquote><p>\u00abEl bakuchiol es un gran sustituto del retinol para pieles sensibles, especialmente en la delicada zona del contorno de ojos\u00bb<\/p><\/blockquote>\n<h2>\u00bfPor qu\u00e9 los productos \u00abpara hombre\u00bb pueden ser m\u00e1s efectivos?<\/h2>\n<p>Curiosamente, la formulaci\u00f3n de productos masculinos suele incluir <strong>concentraciones m\u00e1s altas de ingredientes activos<\/strong>, ya que la piel masculina tiende a ser m\u00e1s gruesa. Esto significa que cuando una mujer utiliza estos productos, puede obtener resultados m\u00e1s visibles que con productos espec\u00edficamente femeninos.<\/p>\n<p>Esta tendencia se une a otros descubrimientos recientes en el cuidado de la piel, como <a href=\"https:\/\/www.journee-mondiale.com\/es\/el-gran-descubrimiento-que-cambio-mi-piel-a-los-60-colageno-vitamina-c-y-retinol-lo-que-sucedio-esta-primavera\/\" target=\"_blank\">la poderosa combinaci\u00f3n de col\u00e1geno, vitamina C y retinol<\/a> que est\u00e1 transformando rutinas de belleza esta primavera.<\/p>\n<h2>Ritual de aplicaci\u00f3n recomendado para mejores resultados<\/h2>\n<p>Para maximizar la efectividad de este contorno de ojos, sigue estos pasos:<\/p>\n<ul>\n<li>Apl\u00edcalo sobre piel limpia y seca por las ma\u00f1anas y noches<\/li>\n<li>Usa peque\u00f1os toques con el dedo anular (el que ejerce menos presi\u00f3n)<\/li>\n<li>Refrig\u00e9ralo previamente para potenciar su efecto desinflamante<\/li>\n<\/ul>\n<h2>El testimonio que lo cambi\u00f3 todo<\/h2>\n<p>Ana G\u00f3mez, maquilladora profesional, descubri\u00f3 este producto por casualidad cuando se qued\u00f3 sin su contorno habitual de 60\u20ac. \u00abTom\u00e9 prestado el de mi pareja y a la semana vi c\u00f3mo mis <strong>l\u00edneas de expresi\u00f3n se hab\u00edan reducido notablemente<\/strong>. Desde entonces, llevo m\u00e1s de 6 meses us\u00e1ndolo y he recomendado este truco a todas mis clientas\u00bb.<\/p>\n<p>Este descubrimiento se suma a otras t\u00e9cnicas innovadoras como <a href=\"https:\/\/www.journee-mondiale.com\/es\/transforme-mi-rostro-anguloso-con-el-contorneado-difuminado-mi-tecnica-de-maquillaje-para-esta-primavera-que-suavizo-mis-facciones-en-3-pasos\/\" target=\"_blank\">el contorneado difuminado para suavizar facciones<\/a> que est\u00e1 ganando popularidad esta temporada.<\/p>\n<h2>La comparativa que no deja lugar a dudas<\/h2>\n<p>Al compararlo con otros contornos premium, el Regen Skin supera a muchos en t\u00e9rminos de resultados inmediatos. La hidrataci\u00f3n se mantiene durante todo el d\u00eda, mientras que el efecto tensor es visible desde la primera aplicaci\u00f3n. Algunas usuarias incluso lo combinan con <a href=\"https:\/\/www.journee-mondiale.com\/es\/probe-la-cuchara-con-crema-nivea-en-mi-cara-durante-3-semanas-asi-cambio-mi-piel-este-mayo-y-mi-dermato-quedo-sorprendida\/\" target=\"_blank\">t\u00e9cnicas caseras como el masaje facial con cuchara<\/a> para potenciar sus efectos.<\/p>\n<h2>\u00bfEl secreto mejor guardado de la primavera 2025?<\/h2>\n<p>Este peque\u00f1o bote azul de apenas 5\u20ac representa perfectamente la tendencia hacia una belleza <strong>accesible y efectiva<\/strong>, sin etiquetas de g\u00e9nero. Mientras algunas marcas contin\u00faan comercializando productos excesivamente caros, esta joya de Mercadona demuestra que el cuidado de la piel de calidad no tiene por qu\u00e9 arruinar nuestro bolsillo.<\/p>\n<p>\u00bfEst\u00e1s listo para probar este descubrimiento esta primavera? Tu piel te lo agradecer\u00e1 tanto como tu econom\u00eda.<\/p>\n","protected":false},"excerpt":{"rendered":"<p>La primavera de 2025 trae consigo novedades revolucionarias en el cuidado facial y, entre ellas, destaca un secreto cada vez m\u00e1s compartido en redes sociales: el contorno de ojos masculino de Mercadona que se ha convertido en el favorito de todos los g\u00e9neros. Este peque\u00f1o bote azul de apenas cinco euros est\u00e1 causando sensaci\u00f3n por &#8230; <a title=\"El contorno de ojos masculino de 5\u20ac que us\u00e9 durante 6 semanas (y super\u00f3 a mi crema premium de 60\u20ac)\" class=\"read-more\" href=\"https:\/\/www.journee-mondiale.com\/es\/el-contorno-de-ojos-masculino-de-5e-que-use-durante-6-semanas-y-supero-a-mi-crema-premium-de-60e\/\" aria-label=\"Leer m\u00e1s sobre El contorno de ojos masculino de 5\u20ac que us\u00e9 durante 6 semanas (y super\u00f3 a mi crema premium de 60\u20ac)\">Lire plus<\/a><\/p>\n","protected":false},"author":1,"featured_media":12497,"comment_status":"","ping_status":"","sticky":false,"template":"","format":"standard","meta":{"footnotes":""},"categories":[48],"tags":[],"class_list":["post-12498","post","type-post","status-publish","format-standard","has-post-thumbnail","hentry","category-estilo-de-vida"],"acf":[],"_yoast_wpseo_primary_category":null,"_yoast_wpseo_title":null,"_yoast_wpseo_metadesc":null,"_links":{"self":[{"href":"https:\/\/www.journee-mondiale.com\/es\/wp-json\/wp\/v2\/posts\/12498","targetHints":{"allow":["GET"]}}],"collection":[{"href":"https:\/\/www.journee-mondiale.com\/es\/wp-json\/wp\/v2\/posts"}],"about":[{"href":"https:\/\/www.journee-mondiale.com\/es\/wp-json\/wp\/v2\/types\/post"}],"author":[{"embeddable":true,"href":"https:\/\/www.journee-mondiale.com\/es\/wp-json\/wp\/v2\/users\/1"}],"replies":[{"embeddable":true,"href":"https:\/\/www.journee-mondiale.com\/es\/wp-json\/wp\/v2\/comments?post=12498"}],"version-history":[{"count":0,"href":"https:\/\/www.journee-mondiale.com\/es\/wp-json\/wp\/v2\/posts\/12498\/revisions"}],"wp:featuredmedia":[{"embeddable":true,"href":"https:\/\/www.journee-mondiale.com\/es\/wp-json\/wp\/v2\/media\/12497"}],"wp:attachment":[{"href":"https:\/\/www.journee-mondiale.com\/es\/wp-json\/wp\/v2\/media?parent=12498"}],"wp:term":[{"taxonomy":"category","embeddable":true,"href":"https:\/\/www.journee-mondiale.com\/es\/wp-json\/wp\/v2\/categories?post=12498"},{"taxonomy":"post_tag","embeddable":true,"href":"https:\/\/www.journee-mondiale.com\/es\/wp-json\/wp\/v2\/tags?post=12498"}],"curies":[{"name":"wp","href":"https:\/\/api.w.org\/{rel}","templated":true}]}}