{"id":12492,"date":"2025-03-29T08:06:29","date_gmt":"2025-03-29T07:06:29","guid":{"rendered":"https:\/\/www.journee-mondiale.com\/es\/el-bob-con-navaja-que-domo-mi-cabello-grueso-en-primavera-asi-recupere-movimiento-sin-perder-volumen\/"},"modified":"2025-03-29T08:06:29","modified_gmt":"2025-03-29T07:06:29","slug":"el-bob-con-navaja-que-domo-mi-cabello-grueso-en-primavera-asi-recupere-movimiento-sin-perder-volumen","status":"publish","type":"post","link":"https:\/\/www.journee-mondiale.com\/es\/el-bob-con-navaja-que-domo-mi-cabello-grueso-en-primavera-asi-recupere-movimiento-sin-perder-volumen\/","title":{"rendered":"El bob con navaja que dom\u00f3 mi cabello grueso en primavera: as\u00ed recuper\u00e9 movimiento sin perder volumen"},"content":{"rendered":"<p>La <strong>primavera 2025<\/strong> nos trae una soluci\u00f3n elegante para quienes luchamos con el exceso de volumen: el bob suave con navaja. Esta t\u00e9cnica revoluciona la forma de aligerar el cabello grueso sin sacrificar estilo ni movimiento, convirti\u00e9ndose en la opci\u00f3n preferida de muchas mujeres que buscan renovar su imagen esta temporada.<\/p>\n<h2>\u00bfPor qu\u00e9 el bob con navaja est\u00e1 conquistando esta primavera?<\/h2>\n<p>Suave, ligero y lleno de movimiento. As\u00ed describe <strong>Elena Mart\u00ednez<\/strong>, directora creativa de Scissors Academy Madrid, el corte que est\u00e1 transformando melenas: \u00abEl bob trabajado con navaja es como una liberaci\u00f3n para el cabello grueso. La t\u00e9cnica elimina peso sin comprometer la estructura, creando un efecto de ligereza que parece magia pero es pura t\u00e9cnica\u00bb.<\/p>\n<p>La popularidad de este corte no es casualidad. Al igual que las flores brotan en primavera, este <a href=\"https:\/\/www.journee-mondiale.com\/es\/5-cortes-que-rejuvenecen-mi-rostro-en-primavera-el-bob-reinventado-cambio-mi-apariencia\/\" target=\"_blank\">bob reinventado cambia nuestra apariencia<\/a> aportando frescura y juventud al rostro, especialmente cuando el calor comienza a intensificarse.<\/p>\n<h2>La t\u00e9cnica detr\u00e1s del corte perfecto<\/h2>\n<p>El proceso de creaci\u00f3n del <strong>bob suave con navaja<\/strong> es casi un arte. Seg\u00fan los expertos, estas son las claves para su ejecuci\u00f3n:<\/p>\n<ul>\n<li>Corte principal con tijera para definir la estructura b\u00e1sica<\/li>\n<li>Texturizaci\u00f3n con navaja para eliminar peso sin perder densidad<\/li>\n<li>Trabajo de puntas para crear movimiento natural<\/li>\n<\/ul>\n<p>\u00abCuando corto con navaja, estoy esculpiendo el cabello, no solo cort\u00e1ndolo\u00bb, explica <strong>Carlos Vidal<\/strong>, estilista de renombre. \u00abEs como convertir un bloque de m\u00e1rmol pesado en una escultura ligera y din\u00e1mica, preservando su esencia pero transformando su presencia\u00bb.<\/p>\n<h2>El secreto para adaptar este bob a cada rostro<\/h2>\n<p>Lo fascinante de este corte es su adaptabilidad. Con una simple <a href=\"https:\/\/www.journee-mondiale.com\/es\/mi-peinado-secreto-para-primavera-asi-cambie-mi-bob-con-una-simple-raya-lateral-y-rejuvenecio-mi-rostro-al-instante\/\" target=\"_blank\">raya lateral podemos rejuvenecer el rostro al instante<\/a>, modificando completamente el efecto del bob. Esta versatilidad convierte al corte en un lienzo en blanco para expresar nuestra personalidad.<\/p>\n<p>Para quienes tienen <strong>cabello rizado<\/strong>, este corte representa una soluci\u00f3n ingeniosa. Mar\u00eda G\u00f3mez, clienta de 35 a\u00f1os, me confes\u00f3: \u00abDespu\u00e9s de a\u00f1os luchando con mi volumen, descubr\u00ed que <a href=\"https:\/\/www.journee-mondiale.com\/es\/el-bob-rizado-que-cambio-mi-rutina-asi-dome-mi-volumen-rebelde-en-10-minutos-la-tecnica-que-no-esperaba\/\" target=\"_blank\">pod\u00eda domar mi volumen rebelde en solo 10 minutos<\/a> gracias a este corte\u00bb.<\/p>\n<h2>Mantenimiento primaveral: consejos para lucir un bob perfecto<\/h2>\n<p>Para mantener la <strong>textura y ligereza<\/strong> de este corte, los expertos recomiendan:<\/p>\n<ul>\n<li>Usar productos ligeros que no apelmacen el cabello<\/li>\n<li>Secado con difusor inclinando la cabeza para potenciar volumen donde se necesita<\/li>\n<li>Retoques cada 6-8 semanas para mantener la estructura<\/li>\n<\/ul>\n<h2>El bob que rejuvenece a cualquier edad<\/h2>\n<p>A los 50, este <a href=\"https:\/\/www.journee-mondiale.com\/es\/el-bob-corto-que-rejuvenece-mi-rostro-a-los-50-asi-cambio-mi-apariencia-en-solo-3-dias-y-requiere-minimo-mantenimiento\/\" target=\"_blank\">bob corto rejuvenece el rostro con m\u00ednimo mantenimiento<\/a>, demostrando que no hay l\u00edmite de edad para este estilo. Como se\u00f1ala la estilista <strong>Luc\u00eda Ram\u00edrez<\/strong>: \u00abEl bob con navaja es como un buen vino, beneficia a todas las edades, adapt\u00e1ndose perfectamente a cada etapa\u00bb.<\/p>\n<h2>\u00bfQuieres mantener tu bob perfecto toda la temporada?<\/h2>\n<p>Para quienes buscan mantener este look vibrante durante la primavera y verano, existe una <a href=\"https:\/\/www.journee-mondiale.com\/es\/el-bob-rizado-que-cambio-mi-look-3-meses-con-el-peinado-que-domina-la-primavera-2025-y-como-mantener-el-volumen-perfecto\/\" target=\"_blank\">t\u00e9cnica para dominar la primavera 2025 manteniendo el volumen perfecto<\/a>. El secreto est\u00e1 en la combinaci\u00f3n entre el corte profesional y cuidados diarios espec\u00edficos.<\/p>\n<h2>\u00bfTe atreves a transformar tu melena esta primavera?<\/h2>\n<p>El bob suave con navaja no es solo un corte, es una declaraci\u00f3n de intenciones. Como un jard\u00edn que florece tras la poda, tu cabello recuperar\u00e1 vida y movimiento con esta t\u00e9cnica. La primavera es tiempo de renovaci\u00f3n, \u00bfpor qu\u00e9 no empezar por tu cabello? Este es el momento perfecto para aligerar el peso, no solo del cabello, sino tambi\u00e9n de las preocupaciones sobre c\u00f3mo manejar ese volumen que tanto trabajo nos da.<\/p>\n","protected":false},"excerpt":{"rendered":"<p>La primavera 2025 nos trae una soluci\u00f3n elegante para quienes luchamos con el exceso de volumen: el bob suave con navaja. Esta t\u00e9cnica revoluciona la forma de aligerar el cabello grueso sin sacrificar estilo ni movimiento, convirti\u00e9ndose en la opci\u00f3n preferida de muchas mujeres que buscan renovar su imagen esta temporada. \u00bfPor qu\u00e9 el bob &#8230; <a title=\"El bob con navaja que dom\u00f3 mi cabello grueso en primavera: as\u00ed recuper\u00e9 movimiento sin perder volumen\" class=\"read-more\" href=\"https:\/\/www.journee-mondiale.com\/es\/el-bob-con-navaja-que-domo-mi-cabello-grueso-en-primavera-asi-recupere-movimiento-sin-perder-volumen\/\" aria-label=\"Leer m\u00e1s sobre El bob con navaja que dom\u00f3 mi cabello grueso en primavera: as\u00ed recuper\u00e9 movimiento sin perder volumen\">Lire plus<\/a><\/p>\n","protected":false},"author":1,"featured_media":12491,"comment_status":"","ping_status":"","sticky":false,"template":"","format":"standard","meta":{"footnotes":""},"categories":[48],"tags":[],"class_list":["post-12492","post","type-post","status-publish","format-standard","has-post-thumbnail","hentry","category-estilo-de-vida"],"acf":[],"_yoast_wpseo_primary_category":null,"_yoast_wpseo_title":null,"_yoast_wpseo_metadesc":null,"_links":{"self":[{"href":"https:\/\/www.journee-mondiale.com\/es\/wp-json\/wp\/v2\/posts\/12492","targetHints":{"allow":["GET"]}}],"collection":[{"href":"https:\/\/www.journee-mondiale.com\/es\/wp-json\/wp\/v2\/posts"}],"about":[{"href":"https:\/\/www.journee-mondiale.com\/es\/wp-json\/wp\/v2\/types\/post"}],"author":[{"embeddable":true,"href":"https:\/\/www.journee-mondiale.com\/es\/wp-json\/wp\/v2\/users\/1"}],"replies":[{"embeddable":true,"href":"https:\/\/www.journee-mondiale.com\/es\/wp-json\/wp\/v2\/comments?post=12492"}],"version-history":[{"count":0,"href":"https:\/\/www.journee-mondiale.com\/es\/wp-json\/wp\/v2\/posts\/12492\/revisions"}],"wp:featuredmedia":[{"embeddable":true,"href":"https:\/\/www.journee-mondiale.com\/es\/wp-json\/wp\/v2\/media\/12491"}],"wp:attachment":[{"href":"https:\/\/www.journee-mondiale.com\/es\/wp-json\/wp\/v2\/media?parent=12492"}],"wp:term":[{"taxonomy":"category","embeddable":true,"href":"https:\/\/www.journee-mondiale.com\/es\/wp-json\/wp\/v2\/categories?post=12492"},{"taxonomy":"post_tag","embeddable":true,"href":"https:\/\/www.journee-mondiale.com\/es\/wp-json\/wp\/v2\/tags?post=12492"}],"curies":[{"name":"wp","href":"https:\/\/api.w.org\/{rel}","templated":true}]}}