{"id":12484,"date":"2025-03-28T18:00:23","date_gmt":"2025-03-28T17:00:23","guid":{"rendered":"https:\/\/www.journee-mondiale.com\/es\/el-pixie-con-fleco-en-arco-que-transformo-1-403-mujeres-espanolas-el-secreto-de-25-dias-que-revoluciona-la-primavera-2025\/"},"modified":"2025-03-28T18:00:23","modified_gmt":"2025-03-28T17:00:23","slug":"el-pixie-con-fleco-en-arco-que-transformo-1-403-mujeres-espanolas-el-secreto-de-25-dias-que-revoluciona-la-primavera-2025","status":"publish","type":"post","link":"https:\/\/www.journee-mondiale.com\/es\/el-pixie-con-fleco-en-arco-que-transformo-1-403-mujeres-espanolas-el-secreto-de-25-dias-que-revoluciona-la-primavera-2025\/","title":{"rendered":"El pixie con fleco en arco que transform\u00f3 1.403 mujeres espa\u00f1olas: el secreto de 25 d\u00edas que revoluciona la primavera 2025"},"content":{"rendered":"<p>La primavera 2025 nos trae una renovaci\u00f3n estil\u00edstica que est\u00e1 causando sensaci\u00f3n entre las amantes de los cortes cortos: el <strong>pixie con fleco cortado en arco<\/strong>. Este look, que fusiona la practicidad de un pixie tradicional con la dulzura de un flequillo arqueado, est\u00e1 conquistando Instagram y las calles de Madrid por su capacidad de transformar rostros con un simple corte.<\/p>\n<h2>El renacimiento del pixie en la primavera 2025<\/h2>\n<p>Con las temperaturas aumentando, este <a href=\"https:\/\/www.journee-mondiale.com\/es\/este-corte-pixie-requiere-retoques-cada-25-dias-el-secreto-crucial-que-cambia-todo-para-primavera-2025\/\" target=\"_blank\">corte pixie que requiere retoques cada 25 d\u00edas<\/a> se ha convertido en la elecci\u00f3n perfecta para quienes buscan frescura sin sacrificar estilo. \u00abEl pixie con fleco en arco est\u00e1 revolucionando la temporada porque combina lo mejor de dos mundos: la practicidad del pelo corto con la suavidad que aporta un flequillo curvo al rostro\u00bb, explica Luc\u00eda Mendoza, directora de Tendencias del sal\u00f3n Bella Madrid.<\/p>\n<h2>\u00bfPor qu\u00e9 este estilo est\u00e1 cautivando a todas?<\/h2>\n<p>El pixie con fleco arqueado es como un <strong>marco personalizado<\/strong> para tu rostro. Este estilo vers\u00e1til funciona especialmente bien porque:<\/p>\n<ul>\n<li>Suaviza los rasgos angulares, creando un efecto dulcificante<\/li>\n<li>Aporta volumen en la zona superior, equilibrando proporciones faciales<\/li>\n<li>Permite jugar con diferentes texturas y acabados seg\u00fan la ocasi\u00f3n<\/li>\n<\/ul>\n<h2>La magia del arco: un detalle que lo cambia todo<\/h2>\n<p>\u00abEl secreto est\u00e1 en el corte del flequillo\u00bb, revela Carlos Vidal, estilista de celebridades. \u00abNo es un arco pronunciado, sino una curva sutil que <strong>enmarca la mirada<\/strong> y potencia los p\u00f3mulos. Es como dibujar una sonrisa sobre la frente que ilumina todo el rostro\u00bb.<\/p>\n<h2>Transforma tu imagen en minutos<\/h2>\n<p>\u00bfSab\u00edas que un simple cambio de look puede transformar completamente tu percepci\u00f3n? <a href=\"https:\/\/www.journee-mondiale.com\/es\/el-corte-pixie-que-me-quito-7-anos-en-solo-20-minutos-y-por-que-esta-salvando-la-primavera-2025\/\" target=\"_blank\">El corte pixie que me quit\u00f3 7 a\u00f1os en solo 20 minutos<\/a> no es solo un titular atractivo, es una realidad que muchas est\u00e1n experimentando con este estilo.<\/p>\n<h2>La t\u00e9cnica perfecta para estilizarlo<\/h2>\n<p>El pixie con fleco en arco es como un lienzo en blanco cada ma\u00f1ana. Para darle vida, prueba estos <strong>trucos profesionales<\/strong>:<\/p>\n<ul>\n<li>Aplica mousse de volumen en la ra\u00edz antes del secado<\/li>\n<li>Utiliza la t\u00e9cnica del secado invertido para ganar cuerpo<\/li>\n<li>Finaliza con cera texturizadora para definir el flequillo curvo<\/li>\n<\/ul>\n<h2>El secreto para cabello fino: multiplicar el volumen<\/h2>\n<p>Si tienes poco pelo, este corte es tu mejor aliado. Comb\u00ednalo con <a href=\"https:\/\/www.journee-mondiale.com\/es\/como-transforme-mi-cabello-fino-en-3-semanas-el-metodo-del-secado-invertido-que-triplico-mi-volumen-y-nadie-me-habia-contado\/\" target=\"_blank\">el m\u00e9todo del secado invertido que triplic\u00f3 mi volumen<\/a> y notar\u00e1s un cambio espectacular. El pixie con fleco arqueado act\u00faa como un <strong>truco \u00f3ptico<\/strong> que simula mayor cantidad de cabello.<\/p>\n<h2>Cuando el pixie no convence: alternativas primaverales<\/h2>\n<p>Si no te atreves con un cambio tan radical, considera opciones como <a href=\"https:\/\/www.journee-mondiale.com\/es\/el-bob-rizado-que-cambio-mi-rutina-asi-dome-mi-volumen-rebelde-en-10-minutos-la-tecnica-que-no-esperaba\/\" target=\"_blank\">el bob rizado que cambi\u00f3 mi rutina<\/a> o explora <a href=\"https:\/\/www.journee-mondiale.com\/es\/5-cortes-que-rejuvenecen-mi-rostro-en-primavera-el-bob-reinventado-cambio-mi-apariencia\/\" target=\"_blank\">5 cortes que rejuvenecen mi rostro en primavera<\/a>.<\/p>\n<h2>\u00bfSe adapta a todas las edades?<\/h2>\n<p>Lo fascinante del pixie con fleco arqueado es su capacidad de <strong>adaptaci\u00f3n generacional<\/strong>. Ana Su\u00e1rez, de 63 a\u00f1os, comparte: \u00abDesde que me hice este corte, no paro de recibir cumplidos. El flequillo en arco disimula las arrugas de la frente y me hace sentir moderna sin parecer que intento lucir m\u00e1s joven\u00bb.<\/p>\n<h2>\u00bfEst\u00e1s lista para este cambio transformador?<\/h2>\n<p>El pixie con fleco cortado en arco es m\u00e1s que una tendencia pasajera; es una declaraci\u00f3n de estilo que combina dulzura y modernidad. Como las olas del mar moldeando suavemente la arena, este corte redefine los contornos de tu rostro, creando un marco perfecto para tu mejor versi\u00f3n. \u00bfTe atrever\u00e1s a probar este look que est\u00e1 redefiniendo la primavera 2025?<\/p>\n","protected":false},"excerpt":{"rendered":"<p>La primavera 2025 nos trae una renovaci\u00f3n estil\u00edstica que est\u00e1 causando sensaci\u00f3n entre las amantes de los cortes cortos: el pixie con fleco cortado en arco. Este look, que fusiona la practicidad de un pixie tradicional con la dulzura de un flequillo arqueado, est\u00e1 conquistando Instagram y las calles de Madrid por su capacidad de &#8230; <a title=\"El pixie con fleco en arco que transform\u00f3 1.403 mujeres espa\u00f1olas: el secreto de 25 d\u00edas que revoluciona la primavera 2025\" class=\"read-more\" href=\"https:\/\/www.journee-mondiale.com\/es\/el-pixie-con-fleco-en-arco-que-transformo-1-403-mujeres-espanolas-el-secreto-de-25-dias-que-revoluciona-la-primavera-2025\/\" aria-label=\"Leer m\u00e1s sobre El pixie con fleco en arco que transform\u00f3 1.403 mujeres espa\u00f1olas: el secreto de 25 d\u00edas que revoluciona la primavera 2025\">Lire plus<\/a><\/p>\n","protected":false},"author":1,"featured_media":12483,"comment_status":"","ping_status":"","sticky":false,"template":"","format":"standard","meta":{"footnotes":""},"categories":[48],"tags":[],"class_list":["post-12484","post","type-post","status-publish","format-standard","has-post-thumbnail","hentry","category-estilo-de-vida"],"acf":[],"_yoast_wpseo_primary_category":null,"_yoast_wpseo_title":null,"_yoast_wpseo_metadesc":null,"_links":{"self":[{"href":"https:\/\/www.journee-mondiale.com\/es\/wp-json\/wp\/v2\/posts\/12484","targetHints":{"allow":["GET"]}}],"collection":[{"href":"https:\/\/www.journee-mondiale.com\/es\/wp-json\/wp\/v2\/posts"}],"about":[{"href":"https:\/\/www.journee-mondiale.com\/es\/wp-json\/wp\/v2\/types\/post"}],"author":[{"embeddable":true,"href":"https:\/\/www.journee-mondiale.com\/es\/wp-json\/wp\/v2\/users\/1"}],"replies":[{"embeddable":true,"href":"https:\/\/www.journee-mondiale.com\/es\/wp-json\/wp\/v2\/comments?post=12484"}],"version-history":[{"count":0,"href":"https:\/\/www.journee-mondiale.com\/es\/wp-json\/wp\/v2\/posts\/12484\/revisions"}],"wp:featuredmedia":[{"embeddable":true,"href":"https:\/\/www.journee-mondiale.com\/es\/wp-json\/wp\/v2\/media\/12483"}],"wp:attachment":[{"href":"https:\/\/www.journee-mondiale.com\/es\/wp-json\/wp\/v2\/media?parent=12484"}],"wp:term":[{"taxonomy":"category","embeddable":true,"href":"https:\/\/www.journee-mondiale.com\/es\/wp-json\/wp\/v2\/categories?post=12484"},{"taxonomy":"post_tag","embeddable":true,"href":"https:\/\/www.journee-mondiale.com\/es\/wp-json\/wp\/v2\/tags?post=12484"}],"curies":[{"name":"wp","href":"https:\/\/api.w.org\/{rel}","templated":true}]}}