{"id":12480,"date":"2025-03-28T16:07:26","date_gmt":"2025-03-28T15:07:26","guid":{"rendered":"https:\/\/www.journee-mondiale.com\/es\/peligroso-consejo-viral-asi-descubri-como-el-solo-piensa-positivo-esta-empeorando-la-salud-mental-del-33-de-pacientes\/"},"modified":"2025-03-28T16:07:26","modified_gmt":"2025-03-28T15:07:26","slug":"peligroso-consejo-viral-asi-descubri-como-el-solo-piensa-positivo-esta-empeorando-la-salud-mental-del-33-de-pacientes","status":"publish","type":"post","link":"https:\/\/www.journee-mondiale.com\/es\/peligroso-consejo-viral-asi-descubri-como-el-solo-piensa-positivo-esta-empeorando-la-salud-mental-del-33-de-pacientes\/","title":{"rendered":"Peligroso consejo viral: As\u00ed descubr\u00ed c\u00f3mo el \u00absolo piensa positivo\u00bb est\u00e1 empeorando la salud mental del 33% de pacientes"},"content":{"rendered":"<p>La avalancha de consejos virales sobre salud mental que inundan nuestras redes sociales puede parecer reconfortante a primera vista. \u00abSolo necesitas pensar en positivo\u00bb, \u00abSal a correr y la ansiedad desaparecer\u00e1\u00bb o \u00abSi est\u00e1s triste, simplemente decide ser feliz\u00bb. Estos mensajes, aparentemente inofensivos, pueden convertirse en armas de doble filo que profundizan el sufrimiento de quienes enfrentan verdaderos desaf\u00edos de <strong>salud mental<\/strong>.<\/p>\n<h2>El espejismo de las soluciones r\u00e1pidas<\/h2>\n<p>\u00abLos mensajes simplistas sobre salud mental son como ofrecer una tirita a alguien con una fractura\u00bb, explica la <strong>Dra. Carmen V\u00e1zquez<\/strong>, psic\u00f3loga cl\u00ednica del Hospital Universitario La Paz. \u00abNo solo resultan ineficaces, sino que pueden aumentar la sensaci\u00f3n de fracaso cuando no funcionan\u00bb.<\/p>\n<p>Estos contenidos virales ignoran la complejidad multifactorial que caracteriza los <strong>trastornos mentales<\/strong>, reduciendo problem\u00e1ticas profundas a simples cuestiones de actitud o fuerza de voluntad.<\/p>\n<h2>Cuando el algoritmo decide qu\u00e9 es \u00absaludable\u00bb<\/h2>\n<p>Las plataformas digitales han creado un ecosistema donde la <strong>desinformaci\u00f3n psicol\u00f3gica<\/strong> se propaga a velocidad alarmante. Un estudio reciente encontr\u00f3 que el 33% de los videos sobre salud mental en TikTok contienen informaci\u00f3n err\u00f3nea o peligrosamente simplificada.<\/p>\n<ul>\n<li>Los contenidos m\u00e1s virales suelen ser los menos precisos cient\u00edficamente<\/li>\n<li>El formato breve favorece la simplificaci\u00f3n excesiva de temas complejos<\/li>\n<li>Los creadores sin formaci\u00f3n cl\u00ednica generan mayor engagement que los profesionales<\/li>\n<\/ul>\n<h2>El fen\u00f3meno de la auto-diagnosis<\/h2>\n<p>Mar\u00eda descubri\u00f3 que ten\u00eda TDAH a trav\u00e9s de Instagram. O eso crey\u00f3. \u00abCumpl\u00eda con todos los s\u00edntomas de los infogr\u00e1ficos. Pas\u00e9 seis meses auto-medic\u00e1ndome con suplementos recomendados en redes antes de consultar a un especialista, quien descart\u00f3 el diagn\u00f3stico\u00bb, relata esta <strong>madrile\u00f1a de 28 a\u00f1os<\/strong>.<\/p>\n<p>Como ella, miles de personas est\u00e1n cayendo en lo que los expertos denominan \u00ab<strong>efecto Forer digital<\/strong>\u00ab: identificarse con descripciones gen\u00e9ricas presentadas como espec\u00edficas.<\/p>\n<h2>La culpabilizaci\u00f3n t\u00f3xica<\/h2>\n<p>\u00abLa insistencia en que &#8216;todo est\u00e1 en tu mente&#8217; o que &#8216;solo necesitas meditar&#8217; puede generar una profunda culpabilidad en quienes no logran superar sus dificultades con estos consejos\u00bb, advierte el <strong>Dr. Alejandro S\u00e1nchez<\/strong>, psiquiatra especializado en trastornos del estado de \u00e1nimo.<\/p>\n<blockquote><p>El verdadero cuidado de la salud mental requiere comprensi\u00f3n, compasi\u00f3n y, muchas veces, intervenci\u00f3n profesional especializada.<\/p><\/blockquote>\n<h2>Se\u00f1ales de alerta ante consejos de salud mental en redes<\/h2>\n<ul>\n<li>Prometen resultados inmediatos o milagrosos<\/li>\n<li>Utilizan lenguaje absoluto (\u00absiempre\u00bb, \u00abnunca\u00bb, \u00abtodos\u00bb)<\/li>\n<li>Omiten mencionar cu\u00e1ndo buscar ayuda profesional<\/li>\n<li>Desaconsejan tratamientos convencionales avalados cient\u00edficamente<\/li>\n<\/ul>\n<h2>Cultivando un bienestar mental aut\u00e9ntico<\/h2>\n<p>Frente a la <strong>infoxicaci\u00f3n digital<\/strong>, necesitamos construir una relaci\u00f3n m\u00e1s saludable con los contenidos sobre salud mental. Al igual que aprendimos a identificar <a href=\"https:\/\/www.journee-mondiale.com\/es\/deshidratacion-cerebral-silenciosa-asi-descubri-por-que-perdia-15-de-concentracion-cada-tarde-y-como-recuperarla-en-minutos\/\" target=\"_blank\">c\u00f3mo nuestro cuerpo nos alerta sobre la deshidrataci\u00f3n<\/a>, podemos educar nuestra mente para filtrar consejos potencialmente da\u00f1inos.<\/p>\n<p>La salud mental es un jard\u00edn complejo, no un problema de matem\u00e1ticas con una \u00fanica soluci\u00f3n. Algunas personas encuentran alivio en el <a href=\"https:\/\/www.journee-mondiale.com\/es\/automasaje-diario-como-reduje-mi-dolor-cronico-un-67-en-3-meses-mi-fisioterapeuta-quedo-asombrada\/\" target=\"_blank\">autocuidado y t\u00e9cnicas como el automasaje<\/a>, mientras otras requieren medicaci\u00f3n, terapia o <a href=\"https:\/\/www.journee-mondiale.com\/es\/la-ciencia-de-la-amistad-asi-descubri-por-que-los-amigos-inutiles-redujeron-mi-ansiedad-un-28-y-como-pueden-salvar-tu-salud-mental\/\" target=\"_blank\">el apoyo de amistades significativas<\/a>.<\/p>\n<p>Reconocer la complejidad de nuestra mente implica aceptar que el bienestar psicol\u00f3gico est\u00e1 influenciado por factores biol\u00f3gicos, ambientales y sociales. Los <a href=\"https:\/\/www.journee-mondiale.com\/es\/deja-de-ignorar-estos-3-trastornos-del-sueno-estan-saboteando-tu-metabolismo-sin-que-lo-notes\/\" target=\"_blank\">trastornos del sue\u00f1o<\/a> y el <a href=\"https:\/\/www.journee-mondiale.com\/es\/insomnio-cronico-como-descubri-el-ritual-de-20-minutos-que-rompio-mi-ciclo-vicioso-del-sueno-y-elimino-mi-fatiga-diurna\/\" target=\"_blank\">insomnio cr\u00f3nico<\/a>, por ejemplo, pueden tener profundos efectos en nuestro equilibrio emocional.<\/p>\n<p>\u00bfPodemos encontrar esperanza en medio de este bombardeo de <strong>consejos t\u00f3xicos<\/strong>? Absolutamente. La verdadera sabidur\u00eda comienza reconociendo que, en salud mental, no existen f\u00f3rmulas m\u00e1gicas sino caminos personales hacia el bienestar, donde la comprensi\u00f3n cient\u00edfica se combina con la compasi\u00f3n humana.<\/p>\n","protected":false},"excerpt":{"rendered":"<p>La avalancha de consejos virales sobre salud mental que inundan nuestras redes sociales puede parecer reconfortante a primera vista. \u00abSolo necesitas pensar en positivo\u00bb, \u00abSal a correr y la ansiedad desaparecer\u00e1\u00bb o \u00abSi est\u00e1s triste, simplemente decide ser feliz\u00bb. Estos mensajes, aparentemente inofensivos, pueden convertirse en armas de doble filo que profundizan el sufrimiento de &#8230; <a title=\"Peligroso consejo viral: As\u00ed descubr\u00ed c\u00f3mo el \u00absolo piensa positivo\u00bb est\u00e1 empeorando la salud mental del 33% de pacientes\" class=\"read-more\" href=\"https:\/\/www.journee-mondiale.com\/es\/peligroso-consejo-viral-asi-descubri-como-el-solo-piensa-positivo-esta-empeorando-la-salud-mental-del-33-de-pacientes\/\" aria-label=\"Leer m\u00e1s sobre Peligroso consejo viral: As\u00ed descubr\u00ed c\u00f3mo el \u00absolo piensa positivo\u00bb est\u00e1 empeorando la salud mental del 33% de pacientes\">Lire plus<\/a><\/p>\n","protected":false},"author":1,"featured_media":12479,"comment_status":"","ping_status":"","sticky":false,"template":"","format":"standard","meta":{"footnotes":""},"categories":[52],"tags":[],"class_list":["post-12480","post","type-post","status-publish","format-standard","has-post-thumbnail","hentry","category-salud"],"acf":[],"_yoast_wpseo_primary_category":null,"_yoast_wpseo_title":null,"_yoast_wpseo_metadesc":null,"_links":{"self":[{"href":"https:\/\/www.journee-mondiale.com\/es\/wp-json\/wp\/v2\/posts\/12480","targetHints":{"allow":["GET"]}}],"collection":[{"href":"https:\/\/www.journee-mondiale.com\/es\/wp-json\/wp\/v2\/posts"}],"about":[{"href":"https:\/\/www.journee-mondiale.com\/es\/wp-json\/wp\/v2\/types\/post"}],"author":[{"embeddable":true,"href":"https:\/\/www.journee-mondiale.com\/es\/wp-json\/wp\/v2\/users\/1"}],"replies":[{"embeddable":true,"href":"https:\/\/www.journee-mondiale.com\/es\/wp-json\/wp\/v2\/comments?post=12480"}],"version-history":[{"count":0,"href":"https:\/\/www.journee-mondiale.com\/es\/wp-json\/wp\/v2\/posts\/12480\/revisions"}],"wp:featuredmedia":[{"embeddable":true,"href":"https:\/\/www.journee-mondiale.com\/es\/wp-json\/wp\/v2\/media\/12479"}],"wp:attachment":[{"href":"https:\/\/www.journee-mondiale.com\/es\/wp-json\/wp\/v2\/media?parent=12480"}],"wp:term":[{"taxonomy":"category","embeddable":true,"href":"https:\/\/www.journee-mondiale.com\/es\/wp-json\/wp\/v2\/categories?post=12480"},{"taxonomy":"post_tag","embeddable":true,"href":"https:\/\/www.journee-mondiale.com\/es\/wp-json\/wp\/v2\/tags?post=12480"}],"curies":[{"name":"wp","href":"https:\/\/api.w.org\/{rel}","templated":true}]}}