{"id":12478,"date":"2025-03-28T13:08:07","date_gmt":"2025-03-28T12:08:07","guid":{"rendered":"https:\/\/www.journee-mondiale.com\/es\/asi-nos-inspiraron-los-5-ciclistas-espanoles-legendarios-la-clave-de-entrenamiento-que-transforma-tu-resistencia\/"},"modified":"2025-03-28T13:08:07","modified_gmt":"2025-03-28T12:08:07","slug":"asi-nos-inspiraron-los-5-ciclistas-espanoles-legendarios-la-clave-de-entrenamiento-que-transforma-tu-resistencia","status":"publish","type":"post","link":"https:\/\/www.journee-mondiale.com\/es\/asi-nos-inspiraron-los-5-ciclistas-espanoles-legendarios-la-clave-de-entrenamiento-que-transforma-tu-resistencia\/","title":{"rendered":"As\u00ed nos inspiraron los 5 ciclistas espa\u00f1oles legendarios: la clave de entrenamiento que transforma tu resistencia"},"content":{"rendered":"<p>Los amantes del deporte y el <strong>fitness<\/strong> sabemos que pocos ejemplos inspiran tanto como aquellos atletas que trascienden lo ordinario para convertirse en leyendas. Espa\u00f1a ha sido cuna de algunos de los m\u00e1s grandes ciclistas de la historia, figuras que no solo dominaron las carreteras europeas, sino que redefinieron los l\u00edmites de la resistencia humana.<\/p>\n<h2>El quinquenio dorado: cuando Indur\u00e1in se convirti\u00f3 en leyenda<\/h2>\n<p>Entre 1991 y 1995, Miguel Indur\u00e1in logr\u00f3 lo que ning\u00fan otro ciclista hab\u00eda conseguido antes: <strong>cinco Tours de Francia consecutivos<\/strong>. \u00abIndur\u00e1in pose\u00eda una capacidad pulmonar excepcional, un 7,8 litros frente a los 6 litros de un adulto normal, lo que le permit\u00eda oxigenar sus m\u00fasculos de manera extraordinaria durante esfuerzos prolongados\u00bb, explica el Dr. Manuel Fern\u00e1ndez, fisi\u00f3logo deportivo de la Universidad Complutense de Madrid.<\/p>\n<p>Esta extraordinaria capacidad f\u00edsica, combinada con una potencia aer\u00f3bica fuera de serie, convirti\u00f3 al navarro en una m\u00e1quina perfecta para <a href=\"https:\/\/www.journee-mondiale.com\/es\/el-sorprendente-vinculo-entre-mi-core-y-mi-rendimiento-ciclista-como-mejore-mi-potencia-un-20-sin-entrenar-mas-las-piernas\/\" target=\"_blank\">dominar las contrarrelojes y resistir en monta\u00f1a<\/a>, dos factores determinantes para sus victorias.<\/p>\n<h2>Contador: el escalador que conquist\u00f3 las tres grandes<\/h2>\n<p>Si Indur\u00e1in fue el rey del Tour, Alberto Contador se coron\u00f3 como el <strong>maestro de las tres grandes vueltas<\/strong>. Es el \u00fanico espa\u00f1ol que ha ganado Tour de Francia, Giro de Italia y Vuelta a Espa\u00f1a, demostrando una versatilidad extraordinaria.<\/p>\n<p>\u00abLo que hac\u00eda especial a Contador era su explosividad en las subidas. Su capacidad para acelerar en pendientes pronunciadas era como un leopardo atacando a su presa: repentino, devastador e imparable\u00bb, se\u00f1ala Carlos Sastre, exciclista y ganador del Tour 2008.<\/p>\n<h2>El m\u00e9todo de entrenamiento que revolucion\u00f3 el ciclismo espa\u00f1ol<\/h2>\n<p>Tanto Indur\u00e1in como Contador transformaron sus <strong>entrenamientos de resistencia<\/strong> aplicando m\u00e9todos cient\u00edficos pioneros. Mientras Indur\u00e1in desarroll\u00f3 su legendaria resistencia a trav\u00e9s de largas sesiones a ritmo constante, Contador revolucion\u00f3 <a href=\"https:\/\/www.journee-mondiale.com\/es\/la-verdadera-razon-por-la-que-tu-resistencia-en-ciclismo-desaparece-y-como-aumentarla-un-30-cambiando-solo-tu-cadencia\/\" target=\"_blank\">su preparaci\u00f3n con entrenamientos interv\u00e1licos de alta intensidad<\/a> que maximizaban su potencia en subida.<\/p>\n<ul>\n<li>Indur\u00e1in: 30.000-35.000 km anuales con \u00e9nfasis en volumen<\/li>\n<li>Contador: 25.000 km con mayor enfoque en intensidad y recuperaci\u00f3n<\/li>\n<li>Ambos: planificaci\u00f3n periodizada cient\u00edficamente<\/li>\n<\/ul>\n<h2>Los pioneros que abrieron camino: Bahamontes y Oca\u00f1a<\/h2>\n<p>Antes de estas leyendas modernas, <strong>Federico Mart\u00edn Bahamontes<\/strong> se convirti\u00f3 en 1959 en el primer espa\u00f1ol en ganar el Tour, siendo reconocido como uno de los escaladores m\u00e1s formidables de todos los tiempos. Su apodo, \u00abEl \u00c1guila de Toledo\u00bb, ilustraba perfectamente c\u00f3mo se elevaba por las monta\u00f1as con aparente facilidad.<\/p>\n<p>Luis Oca\u00f1a, por su parte, conquist\u00f3 el Tour en 1973 tras una \u00e9pica rivalidad con Eddy Merckx que a\u00fan hoy es recordada como una de las m\u00e1s intensas del ciclismo. Su estilo de ataque constante, incluso temerario, inspir\u00f3 a <a href=\"https:\/\/www.journee-mondiale.com\/es\/4-minutos-en-bicicleta-que-activaron-mi-metabolismo-durante-48-horas-y-como-adaptarlo-a-tu-nivel\/\" target=\"_blank\">generaciones posteriores de ciclistas<\/a>.<\/p>\n<h2>El legado nutricional de los campeones<\/h2>\n<p>La <strong>alimentaci\u00f3n estrat\u00e9gica<\/strong> fue un elemento diferenciador para estos atletas. \u00abIndur\u00e1in consum\u00eda hasta 8.000 calor\u00edas diarias durante el Tour, con un enfoque en carbohidratos complejos para mantener energ\u00eda constante\u00bb, revela la Dra. Luc\u00eda Mart\u00ednez, nutricionista deportiva.<\/p>\n<p>Este enfoque cient\u00edfico de la nutrici\u00f3n ha evolucionado hasta los modernos protocolos de <a href=\"https:\/\/www.journee-mondiale.com\/es\/nordic-walking-como-queme-46-mas-calorias-caminando-con-bastones-sin-aumentar-mi-esfuerzo\/\" target=\"_blank\">optimizaci\u00f3n metab\u00f3lica que utilizan deportistas actuales<\/a>, basados en la personalizaci\u00f3n seg\u00fan el perfil fisiol\u00f3gico del atleta.<\/p>\n<h2>La resistencia mental: el factor invisible del \u00e9xito<\/h2>\n<p>Las grandes haza\u00f1as de estos ciclistas no ser\u00edan posibles sin una <strong>fortaleza psicol\u00f3gica extraordinaria<\/strong>. Como explica el psic\u00f3logo deportivo Javier Muro: \u00abEl ciclismo es 70% mental cuando todos los corredores han alcanzado cierto nivel f\u00edsico. La capacidad de Indur\u00e1in para mantener la calma bajo presi\u00f3n extrema era tan importante como sus piernas\u00bb.<\/p>\n<p>Esta capacidad de gestionar el dolor y mantener la concentraci\u00f3n durante esfuerzos prolongados es lo que separaba a estos campeones del resto, una lecci\u00f3n aplicable a <a href=\"https:\/\/www.journee-mondiale.com\/es\/lo-que-todos-ignoramos-sobre-la-mente-durante-un-maraton-y-como-superar-el-kilometro-30\/\" target=\"_blank\">cualquier disciplina de resistencia<\/a>.<\/p>\n<ul>\n<li>Concentraci\u00f3n sostenida durante 5-6 horas diarias<\/li>\n<li>Gesti\u00f3n del dolor en zonas l\u00edmite<\/li>\n<li>Capacidad de toma de decisiones bajo fatiga extrema<\/li>\n<\/ul>\n<p>\u00bfQu\u00e9 lecciones podemos extraer de estos gigantes del ciclismo? Que el verdadero fitness trasciende lo f\u00edsico\u2014es una combinaci\u00f3n perfecta de preparaci\u00f3n cient\u00edfica, mentalidad de acero y pasi\u00f3n inquebrantable, valores que estos ciclistas espa\u00f1oles encarnaron en cada pedalada hacia la inmortalidad deportiva.<\/p>\n","protected":false},"excerpt":{"rendered":"<p>Los amantes del deporte y el fitness sabemos que pocos ejemplos inspiran tanto como aquellos atletas que trascienden lo ordinario para convertirse en leyendas. Espa\u00f1a ha sido cuna de algunos de los m\u00e1s grandes ciclistas de la historia, figuras que no solo dominaron las carreteras europeas, sino que redefinieron los l\u00edmites de la resistencia humana. &#8230; <a title=\"As\u00ed nos inspiraron los 5 ciclistas espa\u00f1oles legendarios: la clave de entrenamiento que transforma tu resistencia\" class=\"read-more\" href=\"https:\/\/www.journee-mondiale.com\/es\/asi-nos-inspiraron-los-5-ciclistas-espanoles-legendarios-la-clave-de-entrenamiento-que-transforma-tu-resistencia\/\" aria-label=\"Leer m\u00e1s sobre As\u00ed nos inspiraron los 5 ciclistas espa\u00f1oles legendarios: la clave de entrenamiento que transforma tu resistencia\">Lire plus<\/a><\/p>\n","protected":false},"author":1,"featured_media":12477,"comment_status":"","ping_status":"","sticky":false,"template":"","format":"standard","meta":{"footnotes":""},"categories":[51],"tags":[],"class_list":["post-12478","post","type-post","status-publish","format-standard","has-post-thumbnail","hentry","category-deporte"],"acf":[],"_yoast_wpseo_primary_category":null,"_yoast_wpseo_title":null,"_yoast_wpseo_metadesc":null,"_links":{"self":[{"href":"https:\/\/www.journee-mondiale.com\/es\/wp-json\/wp\/v2\/posts\/12478","targetHints":{"allow":["GET"]}}],"collection":[{"href":"https:\/\/www.journee-mondiale.com\/es\/wp-json\/wp\/v2\/posts"}],"about":[{"href":"https:\/\/www.journee-mondiale.com\/es\/wp-json\/wp\/v2\/types\/post"}],"author":[{"embeddable":true,"href":"https:\/\/www.journee-mondiale.com\/es\/wp-json\/wp\/v2\/users\/1"}],"replies":[{"embeddable":true,"href":"https:\/\/www.journee-mondiale.com\/es\/wp-json\/wp\/v2\/comments?post=12478"}],"version-history":[{"count":0,"href":"https:\/\/www.journee-mondiale.com\/es\/wp-json\/wp\/v2\/posts\/12478\/revisions"}],"wp:featuredmedia":[{"embeddable":true,"href":"https:\/\/www.journee-mondiale.com\/es\/wp-json\/wp\/v2\/media\/12477"}],"wp:attachment":[{"href":"https:\/\/www.journee-mondiale.com\/es\/wp-json\/wp\/v2\/media?parent=12478"}],"wp:term":[{"taxonomy":"category","embeddable":true,"href":"https:\/\/www.journee-mondiale.com\/es\/wp-json\/wp\/v2\/categories?post=12478"},{"taxonomy":"post_tag","embeddable":true,"href":"https:\/\/www.journee-mondiale.com\/es\/wp-json\/wp\/v2\/tags?post=12478"}],"curies":[{"name":"wp","href":"https:\/\/api.w.org\/{rel}","templated":true}]}}