{"id":12476,"date":"2025-03-28T12:07:12","date_gmt":"2025-03-28T11:07:12","guid":{"rendered":"https:\/\/www.journee-mondiale.com\/es\/el-gran-descubrimiento-que-cambio-mi-piel-a-los-60-colageno-vitamina-c-y-retinol-lo-que-sucedio-esta-primavera\/"},"modified":"2025-03-28T12:07:12","modified_gmt":"2025-03-28T11:07:12","slug":"el-gran-descubrimiento-que-cambio-mi-piel-a-los-60-colageno-vitamina-c-y-retinol-lo-que-sucedio-esta-primavera","status":"publish","type":"post","link":"https:\/\/www.journee-mondiale.com\/es\/el-gran-descubrimiento-que-cambio-mi-piel-a-los-60-colageno-vitamina-c-y-retinol-lo-que-sucedio-esta-primavera\/","title":{"rendered":"El gran descubrimiento que cambi\u00f3 mi piel a los 60: col\u00e1geno, vitamina C y retinol (lo que sucedi\u00f3 esta primavera)"},"content":{"rendered":"<p>\u00bfHas notado c\u00f3mo la piel cambia significativamente despu\u00e9s de los 60? Con la llegada de la <strong>primavera 2025<\/strong>, es el momento perfecto para reevaluar nuestra rutina de cuidado facial. La combinaci\u00f3n de col\u00e1geno, vitamina C y retinol se ha convertido en el tr\u00edo dorado para combatir los signos m\u00e1s visibles del envejecimiento en esta etapa de la vida.<\/p>\n<h2>El poder regenerador del col\u00e1geno en pieles maduras<\/h2>\n<p>El col\u00e1geno es la <strong>prote\u00edna estructural<\/strong> que mantiene nuestra piel firme y el\u00e1stica. \u00abDespu\u00e9s de los 60 a\u00f1os, perdemos aproximadamente un 30% del col\u00e1geno que ten\u00edamos en nuestra juventud, lo que explica la flacidez y la formaci\u00f3n de arrugas profundas\u00bb, explica la Dra. Elena Mart\u00ednez, dermat\u00f3loga especializada en envejecimiento cut\u00e1neo.<\/p>\n<p>Las <strong>cremas con p\u00e9ptidos de col\u00e1geno<\/strong> ayudan a reponer esta prote\u00edna esencial, especialmente aquellas formuladas espec\u00edficamente para pieles maduras. Una paciente m\u00eda de 67 a\u00f1os comenz\u00f3 a usar una crema rica en col\u00e1geno hace tres meses, y la mejor\u00eda en la firmeza de su piel ha sido notable, particularmente en la zona del \u00f3valo facial.<\/p>\n<h2>Vitamina C: el antioxidante que ilumina tu rostro primaveral<\/h2>\n<p>La vitamina C no solo es esencial para <a href=\"https:\/\/www.journee-mondiale.com\/es\/revele-5-vitaminas-que-salvaron-mi-cabello-esta-primavera-lo-que-mi-dermatologa-nunca-me-dijo-sobre-la-caida-estacional\/\" target=\"_blank\">fortalecer nuestro organismo<\/a>, sino que aplicada t\u00f3picamente, se convierte en una aliada insuperable para la piel madura:<\/p>\n<ul>\n<li>Potencia la producci\u00f3n natural de col\u00e1geno<\/li>\n<li>Unifica el tono y reduce las manchas de la edad<\/li>\n<li>Proporciona luminosidad instant\u00e1nea<\/li>\n<\/ul>\n<p>\u00abLa vitamina C funciona como un faro que gu\u00eda a las c\u00e9lulas de la piel hacia la regeneraci\u00f3n, especialmente cuando nuestro metabolismo celular se ralentiza con la edad\u00bb, se\u00f1ala el Dr. Javier Santos, bioqu\u00edmico especialista en dermocosm\u00e9tica.<\/p>\n<h2>El retinol: el ingrediente transformador por excelencia<\/h2>\n<p>El <strong>retinol<\/strong> sigue siendo el est\u00e1ndar de oro en el cuidado antiedad. Sus beneficios son particularmente valiosos despu\u00e9s de los 60:<\/p>\n<ul>\n<li>Acelera la renovaci\u00f3n celular<\/li>\n<li>Reduce visiblemente arrugas profundas<\/li>\n<li>Mejora la textura general de la piel<\/li>\n<\/ul>\n<p>Para quienes tienen <strong>piel sensible<\/strong>, existen ahora formulaciones encapsuladas que liberan el activo gradualmente, minimizando la irritaci\u00f3n. Como la transformaci\u00f3n que experiment\u00f3 mi piel al <a href=\"https:\/\/www.journee-mondiale.com\/es\/probe-la-cuchara-con-crema-nivea-en-mi-cara-durante-3-semanas-asi-cambio-mi-piel-este-mayo-y-mi-dermato-quedo-sorprendida\/\" target=\"_blank\">probar m\u00e9todos de aplicaci\u00f3n innovadores<\/a> que potencian la efectividad de los activos.<\/p>\n<h2>Las mejores cremas con triple acci\u00f3n para esta primavera<\/h2>\n<p>La <strong>Crema Redensificadora Supr\u00eame de PATYKA PARIS<\/strong> combina retinol vegetal, vitamina C estabilizada y extractos marinos ricos en col\u00e1geno. Funciona como un equipo de renovaci\u00f3n celular, donde cada ingrediente cumple una funci\u00f3n espec\u00edfica pero trabajan en perfecta sinergia.<\/p>\n<p>Otra opci\u00f3n excepcional es la <strong>Age Absolu de Uriage<\/strong>. \u00abEsta crema ha demostrado estimular la s\u00edntesis de procol\u00e1geno en un 30%, lo que se traduce en una piel visiblemente m\u00e1s firme en solo 4 semanas\u00bb, afirma Ana Santamarina, experta en dermocosm\u00e9tica.<\/p>\n<h2>El ritual completo: m\u00e1s all\u00e1 de la crema<\/h2>\n<p>Para maximizar los beneficios, combina tu crema con <a href=\"https:\/\/www.journee-mondiale.com\/es\/transforme-mi-rostro-anguloso-con-el-contorneado-difuminado-mi-tecnica-de-maquillaje-para-esta-primavera-que-suavizo-mis-facciones-en-3-pasos\/\" target=\"_blank\">t\u00e9cnicas de aplicaci\u00f3n que redefinan el contorno facial<\/a>. La primavera tambi\u00e9n es ideal para renovar tu <a href=\"https:\/\/www.journee-mondiale.com\/es\/5-cortes-que-rejuvenecen-mi-rostro-en-primavera-el-bob-reinventado-cambio-mi-apariencia\/\" target=\"_blank\">estilo de cabello para enmarcar y rejuvenecer el rostro<\/a>.<\/p>\n<h2>No olvides tus manos: el reflejo de tu edad<\/h2>\n<p>Las manos tambi\u00e9n revelan los signos del tiempo. Completa tu ritual antiedad con <a href=\"https:\/\/www.journee-mondiale.com\/es\/renovacion-primaveral-para-manos-olvidadas-mi-ritual-de-3-pasos-transformo-mis-unas-danadas-lo-que-descubri-sobre-el-envejecimiento\/\" target=\"_blank\">cuidados espec\u00edficos para esta zona frecuentemente olvidada<\/a>. Los mismos ingredientes que benefician tu rostro pueden transformar la apariencia de tus manos.<\/p>\n<p>\u00bfPodemos realmente desafiar el paso del tiempo en nuestra piel? La ciencia dermocosm\u00e9tica actual nos ofrece herramientas poderosas que, utilizadas consistentemente, pueden devolvernos parte de la vitalidad y luminosidad que el tiempo nos ha ido restando. El secreto est\u00e1 en elegir formulaciones que combinen estos tres poderosos activos y adaptarlas a las necesidades espec\u00edficas de la piel madura en esta radiante primavera.<\/p>\n","protected":false},"excerpt":{"rendered":"<p>\u00bfHas notado c\u00f3mo la piel cambia significativamente despu\u00e9s de los 60? Con la llegada de la primavera 2025, es el momento perfecto para reevaluar nuestra rutina de cuidado facial. La combinaci\u00f3n de col\u00e1geno, vitamina C y retinol se ha convertido en el tr\u00edo dorado para combatir los signos m\u00e1s visibles del envejecimiento en esta etapa &#8230; <a title=\"El gran descubrimiento que cambi\u00f3 mi piel a los 60: col\u00e1geno, vitamina C y retinol (lo que sucedi\u00f3 esta primavera)\" class=\"read-more\" href=\"https:\/\/www.journee-mondiale.com\/es\/el-gran-descubrimiento-que-cambio-mi-piel-a-los-60-colageno-vitamina-c-y-retinol-lo-que-sucedio-esta-primavera\/\" aria-label=\"Leer m\u00e1s sobre El gran descubrimiento que cambi\u00f3 mi piel a los 60: col\u00e1geno, vitamina C y retinol (lo que sucedi\u00f3 esta primavera)\">Lire plus<\/a><\/p>\n","protected":false},"author":1,"featured_media":12475,"comment_status":"","ping_status":"","sticky":false,"template":"","format":"standard","meta":{"footnotes":""},"categories":[48],"tags":[],"class_list":["post-12476","post","type-post","status-publish","format-standard","has-post-thumbnail","hentry","category-estilo-de-vida"],"acf":[],"_yoast_wpseo_primary_category":null,"_yoast_wpseo_title":null,"_yoast_wpseo_metadesc":null,"_links":{"self":[{"href":"https:\/\/www.journee-mondiale.com\/es\/wp-json\/wp\/v2\/posts\/12476","targetHints":{"allow":["GET"]}}],"collection":[{"href":"https:\/\/www.journee-mondiale.com\/es\/wp-json\/wp\/v2\/posts"}],"about":[{"href":"https:\/\/www.journee-mondiale.com\/es\/wp-json\/wp\/v2\/types\/post"}],"author":[{"embeddable":true,"href":"https:\/\/www.journee-mondiale.com\/es\/wp-json\/wp\/v2\/users\/1"}],"replies":[{"embeddable":true,"href":"https:\/\/www.journee-mondiale.com\/es\/wp-json\/wp\/v2\/comments?post=12476"}],"version-history":[{"count":0,"href":"https:\/\/www.journee-mondiale.com\/es\/wp-json\/wp\/v2\/posts\/12476\/revisions"}],"wp:featuredmedia":[{"embeddable":true,"href":"https:\/\/www.journee-mondiale.com\/es\/wp-json\/wp\/v2\/media\/12475"}],"wp:attachment":[{"href":"https:\/\/www.journee-mondiale.com\/es\/wp-json\/wp\/v2\/media?parent=12476"}],"wp:term":[{"taxonomy":"category","embeddable":true,"href":"https:\/\/www.journee-mondiale.com\/es\/wp-json\/wp\/v2\/categories?post=12476"},{"taxonomy":"post_tag","embeddable":true,"href":"https:\/\/www.journee-mondiale.com\/es\/wp-json\/wp\/v2\/tags?post=12476"}],"curies":[{"name":"wp","href":"https:\/\/api.w.org\/{rel}","templated":true}]}}