{"id":12470,"date":"2025-03-28T08:05:35","date_gmt":"2025-03-28T07:05:35","guid":{"rendered":"https:\/\/www.journee-mondiale.com\/es\/mi-peinado-secreto-para-primavera-asi-cambie-mi-bob-con-una-simple-raya-lateral-y-rejuvenecio-mi-rostro-al-instante\/"},"modified":"2025-03-28T08:05:35","modified_gmt":"2025-03-28T07:05:35","slug":"mi-peinado-secreto-para-primavera-asi-cambie-mi-bob-con-una-simple-raya-lateral-y-rejuvenecio-mi-rostro-al-instante","status":"publish","type":"post","link":"https:\/\/www.journee-mondiale.com\/es\/mi-peinado-secreto-para-primavera-asi-cambie-mi-bob-con-una-simple-raya-lateral-y-rejuvenecio-mi-rostro-al-instante\/","title":{"rendered":"Mi peinado secreto para primavera: as\u00ed cambi\u00e9 mi bob con una simple raya lateral (y rejuveneci\u00f3 mi rostro al instante)"},"content":{"rendered":"<p>La primavera 2025 llega con una propuesta que revoluciona lo cl\u00e1sico sin perder elegancia: el <strong>bob con raya lateral<\/strong>. Este peque\u00f1o cambio puede transformar completamente tu imagen, aportando frescura y dinamismo a tu rostro. \u00bfBuscas renovar tu look sin arriesgar demasiado? Este corte podr\u00eda ser exactamente lo que necesitas para dar la bienvenida a la nueva temporada.<\/p>\n<h2>El poder transformador de la raya lateral en un bob cl\u00e1sico<\/h2>\n<p>La magia de este estilo radica en su capacidad para renovar sin necesidad de cambios dr\u00e1sticos. \u00abUn simple cambio en la posici\u00f3n de la raya puede rejuvenecer el rostro hasta cinco a\u00f1os\u00bb, afirma <strong>Elena Mart\u00ednez<\/strong>, directora de Scissor Palace en Madrid. \u00abEl bob con raya lateral enmarca las facciones y crea una ilusi\u00f3n \u00f3ptica que suaviza los \u00e1ngulos marcados, ideal para esta primavera\u00bb.<\/p>\n<p>Como una <strong>mariposa emergiendo de su capullo<\/strong>, este peinado permite transformar completamente tu imagen conservando la seguridad de un corte probado y atemporal. Un peque\u00f1o gesto que reescribe todas las reglas.<\/p>\n<h2>\u00bfA qui\u00e9n favorece este estilo primaveral?<\/h2>\n<p>La versatilidad es su punto fuerte. <strong>Carlos Mendoza<\/strong>, estilista celebrity, explica: \u00abEl bob con raya lateral es extraordinariamente democr\u00e1tico. Favorece especialmente a <a href=\"https:\/\/www.journee-mondiale.com\/es\/5-cortes-que-rejuvenecen-mi-rostro-en-primavera-el-bob-reinventado-cambio-mi-apariencia\/\" target=\"_blank\">rostros redondos o cuadrados<\/a>, aportando ese efecto rejuvenecedor que todos buscamos al cambiar de estaci\u00f3n\u00bb.<\/p>\n<p>Este corte se adapta maravillosamente a diferentes texturas y espesores:<\/p>\n<ul>\n<li><strong>Cabello fino<\/strong>: aporta volumen aparente y movimiento<\/li>\n<li><strong>Melena gruesa<\/strong>: controla el exceso de volumen sin apelmazar<\/li>\n<li><strong>Cabello rizado<\/strong>: define los rizos manteniendo estructura<\/li>\n<\/ul>\n<h2>La evoluci\u00f3n primaveral del bob cl\u00e1sico<\/h2>\n<p>La primavera 2025 nos trae <strong>nuevas interpretaciones<\/strong> de este eterno favorito. El <a href=\"https:\/\/www.journee-mondiale.com\/es\/el-bob-corto-que-rejuvenece-mi-rostro-a-los-50-asi-cambio-mi-apariencia-en-solo-3-dias-y-requiere-minimo-mantenimiento\/\" target=\"_blank\">bob m\u00e1s corto y estructurado<\/a> gana terreno, mientras que el bob con efecto despeinado conquista a quienes buscan un aire desenfadado.<\/p>\n<p>Una clienta me cont\u00f3 que tras a\u00f1os llevando su bob con raya al medio, cambiar a lateral signific\u00f3 recibir cumplidos durante semanas. \u00abParec\u00eda un corte completamente nuevo, todos me preguntaban d\u00f3nde me lo hab\u00eda hecho\u00bb, comparti\u00f3 emocionada.<\/p>\n<h2>El truco est\u00e1 en el peinado diario<\/h2>\n<p>Mantener este look fresco no requiere horas frente al espejo. Los <strong>estilismos r\u00e1pidos<\/strong> son aliados perfectos:<\/p>\n<ul>\n<li><strong>Secado con difusor<\/strong>: para textura natural con volumen controlado<\/li>\n<li><strong>Plancha para definir<\/strong>: puntas hacia dentro o fuera seg\u00fan el efecto deseado<\/li>\n<li><strong>Productos texturizantes<\/strong>: para ese acabado casual tan primaveral<\/li>\n<\/ul>\n<h2>El secreto de los expertos para el bob con raya lateral<\/h2>\n<p>Como una <strong>br\u00fajula que reorienta el norte<\/strong>, una buena t\u00e9cnica marca la diferencia. \u00abEl secreto est\u00e1 en cargar ligeramente m\u00e1s peso en el lado opuesto a la raya\u00bb, revela <strong>Luc\u00eda Fern\u00e1ndez<\/strong>, estilista de <a href=\"https:\/\/www.journee-mondiale.com\/es\/el-bob-rizado-que-cambio-mi-rutina-asi-dome-mi-volumen-rebelde-en-10-minutos-la-tecnica-que-no-esperaba\/\" target=\"_blank\">cabello rizado especialista en bobs<\/a>. \u00abEsto crea ese efecto de movimiento que tanto rejuvenece\u00bb.<\/p>\n<h2>Complementos que elevan tu bob esta primavera<\/h2>\n<p>Peque\u00f1os accesorios pueden transformar tu <strong>bob con raya lateral<\/strong> para diferentes ocasiones. En primavera 2025, los <a href=\"https:\/\/www.journee-mondiale.com\/es\/este-corte-pixie-requiere-retoques-cada-25-dias-el-secreto-crucial-que-cambia-todo-para-primavera-2025\/\" target=\"_blank\">complementos minimalistas<\/a> ganan protagonismo: horquillas geom\u00e9tricas, pinzas discretas o bandanas ligeras.<\/p>\n<p>Recuerdo cuando prepar\u00e1bamos a una novia para su boda. Con un bob sencillo y raya lateral, bastaron unas horquillas perladas estrat\u00e9gicamente colocadas para crear un look nupcial sofisticado que dej\u00f3 a todos sin palabras.<\/p>\n<h2>Un aliado para la transici\u00f3n entre cortes<\/h2>\n<p>Si est\u00e1s dejando crecer un <strong>pixie o un bob m\u00e1s corto<\/strong>, la raya lateral es tu mejor aliada. Disimula las zonas desiguales y aporta ese toque de intencionalidad que diferencia un corte en transici\u00f3n de uno simplemente descuidado.<\/p>\n<p>Los <a href=\"https:\/\/www.journee-mondiale.com\/es\/el-bob-rizado-que-cambio-mi-look-3-meses-con-el-peinado-que-domina-la-primavera-2025-y-como-mantener-el-volumen-perfecto\/\" target=\"_blank\">bobs rizados con volumen controlado<\/a> siguen siendo tendencia estrella esta primavera 2025.<\/p>\n<h2>\u00bfTe atreves a reinventar tu imagen esta primavera?<\/h2>\n<p>El bob con raya lateral representa ese equilibrio perfecto entre novedad y seguridad que todos buscamos al cambiar de estaci\u00f3n. A veces, los peque\u00f1os cambios son los que mayor impacto tienen en nuestra imagen y confianza. La pr\u00f3xima vez que visites tu sal\u00f3n, considera este sutil pero poderoso cambio que podr\u00eda transformar completamente tu look primaveral.<\/p>\n","protected":false},"excerpt":{"rendered":"<p>La primavera 2025 llega con una propuesta que revoluciona lo cl\u00e1sico sin perder elegancia: el bob con raya lateral. Este peque\u00f1o cambio puede transformar completamente tu imagen, aportando frescura y dinamismo a tu rostro. \u00bfBuscas renovar tu look sin arriesgar demasiado? Este corte podr\u00eda ser exactamente lo que necesitas para dar la bienvenida a la &#8230; <a title=\"Mi peinado secreto para primavera: as\u00ed cambi\u00e9 mi bob con una simple raya lateral (y rejuveneci\u00f3 mi rostro al instante)\" class=\"read-more\" href=\"https:\/\/www.journee-mondiale.com\/es\/mi-peinado-secreto-para-primavera-asi-cambie-mi-bob-con-una-simple-raya-lateral-y-rejuvenecio-mi-rostro-al-instante\/\" aria-label=\"Leer m\u00e1s sobre Mi peinado secreto para primavera: as\u00ed cambi\u00e9 mi bob con una simple raya lateral (y rejuveneci\u00f3 mi rostro al instante)\">Lire plus<\/a><\/p>\n","protected":false},"author":1,"featured_media":12469,"comment_status":"","ping_status":"","sticky":false,"template":"","format":"standard","meta":{"footnotes":""},"categories":[48],"tags":[],"class_list":["post-12470","post","type-post","status-publish","format-standard","has-post-thumbnail","hentry","category-estilo-de-vida"],"acf":[],"_yoast_wpseo_primary_category":null,"_yoast_wpseo_title":null,"_yoast_wpseo_metadesc":null,"_links":{"self":[{"href":"https:\/\/www.journee-mondiale.com\/es\/wp-json\/wp\/v2\/posts\/12470","targetHints":{"allow":["GET"]}}],"collection":[{"href":"https:\/\/www.journee-mondiale.com\/es\/wp-json\/wp\/v2\/posts"}],"about":[{"href":"https:\/\/www.journee-mondiale.com\/es\/wp-json\/wp\/v2\/types\/post"}],"author":[{"embeddable":true,"href":"https:\/\/www.journee-mondiale.com\/es\/wp-json\/wp\/v2\/users\/1"}],"replies":[{"embeddable":true,"href":"https:\/\/www.journee-mondiale.com\/es\/wp-json\/wp\/v2\/comments?post=12470"}],"version-history":[{"count":0,"href":"https:\/\/www.journee-mondiale.com\/es\/wp-json\/wp\/v2\/posts\/12470\/revisions"}],"wp:featuredmedia":[{"embeddable":true,"href":"https:\/\/www.journee-mondiale.com\/es\/wp-json\/wp\/v2\/media\/12469"}],"wp:attachment":[{"href":"https:\/\/www.journee-mondiale.com\/es\/wp-json\/wp\/v2\/media?parent=12470"}],"wp:term":[{"taxonomy":"category","embeddable":true,"href":"https:\/\/www.journee-mondiale.com\/es\/wp-json\/wp\/v2\/categories?post=12470"},{"taxonomy":"post_tag","embeddable":true,"href":"https:\/\/www.journee-mondiale.com\/es\/wp-json\/wp\/v2\/tags?post=12470"}],"curies":[{"name":"wp","href":"https:\/\/api.w.org\/{rel}","templated":true}]}}