{"id":12468,"date":"2025-03-28T07:06:02","date_gmt":"2025-03-28T06:06:02","guid":{"rendered":"https:\/\/www.journee-mondiale.com\/es\/las-zapatillas-vans-de-ante-marron-destronan-a-las-adidas-sl-72-esta-primavera-2025-mi-sorpresa-al-ver-el-regreso-por-solo-60e\/"},"modified":"2025-03-28T07:06:02","modified_gmt":"2025-03-28T06:06:02","slug":"las-zapatillas-vans-de-ante-marron-destronan-a-las-adidas-sl-72-esta-primavera-2025-mi-sorpresa-al-ver-el-regreso-por-solo-60e","status":"publish","type":"post","link":"https:\/\/www.journee-mondiale.com\/es\/las-zapatillas-vans-de-ante-marron-destronan-a-las-adidas-sl-72-esta-primavera-2025-mi-sorpresa-al-ver-el-regreso-por-solo-60e\/","title":{"rendered":"Las zapatillas Vans de ante marr\u00f3n destronan a las Adidas SL 72 esta primavera 2025: mi sorpresa al ver el regreso por solo 60\u20ac"},"content":{"rendered":"<p>Llega la <strong>primavera de 2025<\/strong> y las tendencias en calzado dan un giro sorprendente. Mientras todos esper\u00e1bamos que las Adidas SL y Spezial siguieran dominando el mercado de zapatillas de ante marr\u00f3n, un cl\u00e1sico renace con fuerza y conquista el street style: las Vans. Descubre por qu\u00e9 estas zapatillas se han convertido en la opci\u00f3n predilecta para quienes buscan estilo, comodidad y un precio irresistible.<\/p>\n<h2>El inesperado regreso de Vans frente a los gigantes de Adidas<\/h2>\n<p>Las Vans de ante marr\u00f3n han experimentado un <strong>resurgimiento espectacular<\/strong> esta temporada. \u00c1lvaro Alonso, experto en tendencias de calzado, comenta: \u00abLo que estamos viendo es un retorno a lo b\u00e1sico pero con un toque contempor\u00e1neo. Las Vans ofrecen ese equilibrio perfecto entre nostalgia y modernidad que los consumidores est\u00e1n buscando este 2025\u00bb.<\/p>\n<p>Estas zapatillas destacan por su versatilidad incomparable, algo que las distingue de modelos como las Adidas SL 72, que aunque siguen siendo un <strong>cl\u00e1sico indiscutible<\/strong>, han perdido terreno frente a opciones m\u00e1s casuales y asequibles.<\/p>\n<h2>\u00bfPor qu\u00e9 las Vans est\u00e1n superando a modelos m\u00e1s premium?<\/h2>\n<p>Natalia Kubica, estilista de moda, explica: \u00abLas zapatillas de ante marr\u00f3n son super vers\u00e1tiles y pueden pasar f\u00e1cilmente del d\u00eda a la noche. Las Vans en particular han captado la atenci\u00f3n por su capacidad de elevar cualquier look cotidiano sin parecer pretenciosas\u00bb.<\/p>\n<p>Entre los <strong>factores determinantes<\/strong> que han impulsado estas zapatillas al estrellato encontramos:<\/p>\n<ul>\n<li>Su precio accesible (aproximadamente 60\u20ac), especialmente ahora con las rebajas<\/li>\n<li>La comodidad indiscutible que ofrecen para el d\u00eda a d\u00eda<\/li>\n<li>Su capacidad para combinar con pr\u00e1cticamente cualquier prenda<\/li>\n<\/ul>\n<h2>La silueta perfecta para la primavera 2025<\/h2>\n<p>Las tendencias de <a href=\"https:\/\/www.journee-mondiale.com\/es\/los-5-cortes-para-pelo-rizado-que-dominan-la-primavera-2025-el-tercero-requiere-70-menos-mantenimiento-diario\/\" target=\"_blank\">primavera 2025<\/a> apuestan por siluetas m\u00e1s discretas y minimalistas. Las Vans encajan perfectamente con este <strong>movimiento est\u00e9tico<\/strong> que se aleja de los dise\u00f1os m\u00e1s llamativos y t\u00e9cnicos que dominaron temporadas anteriores.<\/p>\n<p>Eva Mach\u00f3n, experta en moda, se\u00f1ala: \u00abEl consumidor de 2025 busca piezas que combinen effortless chic con funcionalidad. Las Vans de ante marr\u00f3n son como ese corte de pelo perfecto que <a href=\"https:\/\/www.journee-mondiale.com\/es\/transforme-mi-cabello-fino-esta-primavera-3-tecnicas-que-me-dieron-volumen-real-el-secado-invertido-cambio-todo\/\" target=\"_blank\">transforma completamente tu estilo<\/a> con m\u00ednimo esfuerzo\u00bb.<\/p>\n<h2>C\u00f3mo combinar tus Vans de ante marr\u00f3n esta temporada<\/h2>\n<p>Las posibilidades son pr\u00e1cticamente infinitas, pero estos <strong>looks primaverales<\/strong> son especialmente favorecedores:<\/p>\n<ul>\n<li>Con jeans rectos y una blusa ligera, ideal para un look casual que puede <a href=\"https:\/\/www.journee-mondiale.com\/es\/las-5-blusas-que-me-hicieron-parecer-7-anos-mas-joven-a-los-50-mi-secreto-de-primavera-por-menos-de-35e\/\" target=\"_blank\">rejuvenecer instant\u00e1neamente tu apariencia<\/a><\/li>\n<li>Con vestidos fluidos tipo midi para un contraste elegante y desenfadado<\/li>\n<li>Con bermudas y camiseta oversized para un estilo urbano contempor\u00e1neo<\/li>\n<\/ul>\n<h2>La revoluci\u00f3n del volumen y la textura en calzado<\/h2>\n<p>As\u00ed como el <a href=\"https:\/\/www.journee-mondiale.com\/es\/como-transforme-mi-cabello-fino-en-3-semanas-el-metodo-del-secado-invertido-que-triplico-mi-volumen-y-nadie-me-habia-contado\/\" target=\"_blank\">m\u00e9todo del secado invertido revolucion\u00f3 el volumen capilar<\/a>, las Vans est\u00e1n transformando nuestra percepci\u00f3n del <strong>volumen y textura<\/strong> en el calzado. Su silueta m\u00e1s contenida contrasta con las tendencias chunky de temporadas pasadas.<\/p>\n<h2>El ante marr\u00f3n: el nuevo b\u00e1sico imprescindible<\/h2>\n<p>Los expertos coinciden: el ante marr\u00f3n es el nuevo negro en lo que a <strong>materiales vers\u00e1tiles<\/strong> se refiere. \u00abEs como el <a href=\"https:\/\/www.journee-mondiale.com\/es\/el-bob-rizado-que-cambio-mi-look-3-meses-con-el-peinado-que-domina-la-primavera-2025-y-como-mantener-el-volumen-perfecto\/\" target=\"_blank\">bob rizado que cambi\u00f3 por completo el panorama capilar<\/a>; estas zapatillas est\u00e1n cambiando la forma en que entendemos el calzado casual\u00bb, afirma un redactor de Women&#8217;s Health.<\/p>\n<h2>\u00bfVale la pena invertir en unas Vans de ante esta primavera?<\/h2>\n<p>La respuesta es un rotundo s\u00ed. Su <strong>relaci\u00f3n calidad-precio<\/strong> es imbatible, y su durabilidad las convierte en una inversi\u00f3n sensata para cualquier armario. Adem\u00e1s, su est\u00e9tica atemporal asegura que seguir\u00e1n siendo relevantes mucho despu\u00e9s de que otras tendencias hayan quedado obsoletas.<\/p>\n<p>Este 2025, dejar atr\u00e1s las Adidas SL y Spezial por unas Vans de ante marr\u00f3n podr\u00eda ser la mejor decisi\u00f3n que tomes para renovar tu armario primaveral con estilo, confort y sin arruinar tu presupuesto.<\/p>\n","protected":false},"excerpt":{"rendered":"<p>Llega la primavera de 2025 y las tendencias en calzado dan un giro sorprendente. Mientras todos esper\u00e1bamos que las Adidas SL y Spezial siguieran dominando el mercado de zapatillas de ante marr\u00f3n, un cl\u00e1sico renace con fuerza y conquista el street style: las Vans. Descubre por qu\u00e9 estas zapatillas se han convertido en la opci\u00f3n &#8230; <a title=\"Las zapatillas Vans de ante marr\u00f3n destronan a las Adidas SL 72 esta primavera 2025: mi sorpresa al ver el regreso por solo 60\u20ac\" class=\"read-more\" href=\"https:\/\/www.journee-mondiale.com\/es\/las-zapatillas-vans-de-ante-marron-destronan-a-las-adidas-sl-72-esta-primavera-2025-mi-sorpresa-al-ver-el-regreso-por-solo-60e\/\" aria-label=\"Leer m\u00e1s sobre Las zapatillas Vans de ante marr\u00f3n destronan a las Adidas SL 72 esta primavera 2025: mi sorpresa al ver el regreso por solo 60\u20ac\">Lire plus<\/a><\/p>\n","protected":false},"author":1,"featured_media":12467,"comment_status":"","ping_status":"","sticky":false,"template":"","format":"standard","meta":{"footnotes":""},"categories":[48],"tags":[],"class_list":["post-12468","post","type-post","status-publish","format-standard","has-post-thumbnail","hentry","category-estilo-de-vida"],"acf":[],"_yoast_wpseo_primary_category":null,"_yoast_wpseo_title":null,"_yoast_wpseo_metadesc":null,"_links":{"self":[{"href":"https:\/\/www.journee-mondiale.com\/es\/wp-json\/wp\/v2\/posts\/12468","targetHints":{"allow":["GET"]}}],"collection":[{"href":"https:\/\/www.journee-mondiale.com\/es\/wp-json\/wp\/v2\/posts"}],"about":[{"href":"https:\/\/www.journee-mondiale.com\/es\/wp-json\/wp\/v2\/types\/post"}],"author":[{"embeddable":true,"href":"https:\/\/www.journee-mondiale.com\/es\/wp-json\/wp\/v2\/users\/1"}],"replies":[{"embeddable":true,"href":"https:\/\/www.journee-mondiale.com\/es\/wp-json\/wp\/v2\/comments?post=12468"}],"version-history":[{"count":0,"href":"https:\/\/www.journee-mondiale.com\/es\/wp-json\/wp\/v2\/posts\/12468\/revisions"}],"wp:featuredmedia":[{"embeddable":true,"href":"https:\/\/www.journee-mondiale.com\/es\/wp-json\/wp\/v2\/media\/12467"}],"wp:attachment":[{"href":"https:\/\/www.journee-mondiale.com\/es\/wp-json\/wp\/v2\/media?parent=12468"}],"wp:term":[{"taxonomy":"category","embeddable":true,"href":"https:\/\/www.journee-mondiale.com\/es\/wp-json\/wp\/v2\/categories?post=12468"},{"taxonomy":"post_tag","embeddable":true,"href":"https:\/\/www.journee-mondiale.com\/es\/wp-json\/wp\/v2\/tags?post=12468"}],"curies":[{"name":"wp","href":"https:\/\/api.w.org\/{rel}","templated":true}]}}