{"id":12454,"date":"2025-03-27T12:07:23","date_gmt":"2025-03-27T11:07:23","guid":{"rendered":"https:\/\/www.journee-mondiale.com\/es\/pedi-talla-incorrecta-en-shein-3-pasos-que-cambiaron-mi-experiencia-de-compra-y-mi-bienestar-emocional\/"},"modified":"2025-03-27T12:07:23","modified_gmt":"2025-03-27T11:07:23","slug":"pedi-talla-incorrecta-en-shein-3-pasos-que-cambiaron-mi-experiencia-de-compra-y-mi-bienestar-emocional","status":"publish","type":"post","link":"https:\/\/www.journee-mondiale.com\/es\/pedi-talla-incorrecta-en-shein-3-pasos-que-cambiaron-mi-experiencia-de-compra-y-mi-bienestar-emocional\/","title":{"rendered":"Ped\u00ed talla incorrecta en Shein: 3 pasos que cambiaron mi experiencia de compra (y mi bienestar emocional)"},"content":{"rendered":"<p>La <strong>primavera 2025<\/strong> trae consigo m\u00e1s que renovaci\u00f3n floral; tambi\u00e9n es \u00e9poca de actualizar nuestro armario con prendas ligeras que se adapten a la temporada. Pero \u00bfqu\u00e9 sucede cuando las prendas reci\u00e9n compradas en Shein no se ajustan como esper\u00e1bamos? Descubre c\u00f3mo transformar este contratiempo en una oportunidad para renovar tu bienestar emocional mientras gestionas eficientemente un cambio de talla.<\/p>\n<h2>Por qu\u00e9 la ropa adecuada impacta en tu bienestar psicol\u00f3gico<\/h2>\n<p>Usar prendas que <strong>no se ajustan correctamente<\/strong> puede afectar negativamente nuestra autoestima y confianza. \u00abCuando las personas usan ropa que les queda bien, experimentan un aumento inmediato en su sensaci\u00f3n de bienestar y seguridad personal\u00bb, explica la Dra. Marina L\u00f3pez, psic\u00f3loga especializada en imagen personal de la Universidad Complutense de Madrid.<\/p>\n<h2>Accediendo a tu cuenta: el primer paso hacia tu comodidad<\/h2>\n<p>Para iniciar el proceso, ingresa a tu cuenta de Shein a trav\u00e9s de la web o aplicaci\u00f3n. Navega hasta la secci\u00f3n \u00ab<strong>Mis Pedidos<\/strong>\u00bb y localiza el art\u00edculo que necesita cambio. Este simple acto de tomar acci\u00f3n ya te coloca en una posici\u00f3n de control sobre tu experiencia de compra.<\/p>\n<h2>Solicita la devoluci\u00f3n: comunica claramente tus necesidades<\/h2>\n<p>Selecciona la opci\u00f3n \u00abHacer Devoluci\u00f3n\u00bb y elige el producto espec\u00edfico. Como explica Jos\u00e9 Mart\u00ednez, experto en comercio electr\u00f3nico: \u00abLa claridad en la comunicaci\u00f3n con plataformas de venta online es fundamental para resolver eficientemente cualquier incidencia en las compras\u00bb.<\/p>\n<p>Aseg\u00farate de seleccionar \u00ab<strong>Talla incorrecta<\/strong>\u00bb como motivo, facilitando as\u00ed que Shein comprenda exactamente tu solicitud.<\/p>\n<h2>Documenta tu experiencia: una pr\u00e1ctica de mindfulness<\/h2>\n<p>Dependiendo del caso, podr\u00edas necesitar indicar partes espec\u00edficas donde la prenda no se ajusta o subir fotograf\u00edas. Este proceso puede convertirse en un ejercicio de <strong>auto-observaci\u00f3n consciente<\/strong>, similar al que realizamos cuando prestamos atenci\u00f3n a nuestras sensaciones corporales durante la meditaci\u00f3n.<\/p>\n<ul>\n<li>Observa sin juzgar c\u00f3mo te sientes con la prenda<\/li>\n<li>Identifica espec\u00edficamente d\u00f3nde nota la incomodidad<\/li>\n<li>Documenta con precisi\u00f3n para facilitar el proceso<\/li>\n<\/ul>\n<h2>La etiqueta y el env\u00edo: rituales de cierre<\/h2>\n<p>Una vez finalizado el proceso, imprime la etiqueta proporcionada por Shein. Este acto de <strong>preparar el paquete<\/strong> puede verse como un ritual de cierre, similar a cuando escribimos en un diario para procesar y dejar ir situaciones pasadas. Lleva el paquete a la oficina de correos indicada, conservando el comprobante de env\u00edo.<\/p>\n<h2>Aprovechar las mejoras tecnol\u00f3gicas para tu tranquilidad<\/h2>\n<p>Shein ha implementado cambios en su plataforma que permiten modificaciones en los pedidos recientes. \u00abLas mejoras digitales en el comercio electr\u00f3nico han transformado la experiencia del usuario, reduciendo significativamente los niveles de estr\u00e9s asociados con las compras online\u00bb, se\u00f1ala la tecn\u00f3loga Laura G\u00f3mez.<\/p>\n<blockquote><p>La paciencia durante el proceso de devoluci\u00f3n es comparable a la que cultivamos en nuestra pr\u00e1ctica de yoga: nos permite fluir con los acontecimientos sin resistencia, mejorando nuestra experiencia global.<\/p><\/blockquote>\n<h2>Herramientas complementarias para mejorar tu experiencia<\/h2>\n<ul>\n<li>Revisi\u00f3n previa de las gu\u00edas de tallas<\/li>\n<li>Lectura de rese\u00f1as de otros compradores<\/li>\n<li>Toma de medidas precisas antes de comprar<\/li>\n<\/ul>\n<p>\u00bfBuscas m\u00e1s consejos para mantener tu imagen renovada esta primavera? Descubre los <a href=\"https:\/\/www.journee-mondiale.com\/es\/5-cortes-que-rejuvenecen-mi-rostro-en-primavera-el-bob-reinventado-cambio-mi-apariencia\/\" target=\"_blank\">5 cortes que rejuvenecen tu rostro<\/a> o c\u00f3mo <a href=\"https:\/\/www.journee-mondiale.com\/es\/transforme-mi-cabello-fino-esta-primavera-3-tecnicas-que-me-dieron-volumen-real-el-secado-invertido-cambio-todo\/\" target=\"_blank\">transformar tu cabello fino con t\u00e9cnicas de volumen<\/a>.<\/p>\n<h2>\u00bfUn simple cambio de talla o una oportunidad de crecimiento personal?<\/h2>\n<p>Manejar eficientemente un cambio de talla en Shein no es solo una cuesti\u00f3n pr\u00e1ctica, sino una oportunidad para cultivar <strong>paciencia y autoconocimiento<\/strong>. Al igual que exploramos nuevos tratamientos para nuestra piel, como <a href=\"https:\/\/www.journee-mondiale.com\/es\/probe-la-cuchara-con-crema-nivea-en-mi-cara-durante-3-semanas-asi-cambio-mi-piel-este-mayo-y-mi-dermato-quedo-sorprendida\/\" target=\"_blank\">la t\u00e9cnica de la cuchara con crema Nivea<\/a>, cada proceso de compra nos permite conocernos mejor y cultivar un estilo que verdaderamente refleje nuestro bienestar interior.<\/p>\n","protected":false},"excerpt":{"rendered":"<p>La primavera 2025 trae consigo m\u00e1s que renovaci\u00f3n floral; tambi\u00e9n es \u00e9poca de actualizar nuestro armario con prendas ligeras que se adapten a la temporada. Pero \u00bfqu\u00e9 sucede cuando las prendas reci\u00e9n compradas en Shein no se ajustan como esper\u00e1bamos? Descubre c\u00f3mo transformar este contratiempo en una oportunidad para renovar tu bienestar emocional mientras gestionas &#8230; <a title=\"Ped\u00ed talla incorrecta en Shein: 3 pasos que cambiaron mi experiencia de compra (y mi bienestar emocional)\" class=\"read-more\" href=\"https:\/\/www.journee-mondiale.com\/es\/pedi-talla-incorrecta-en-shein-3-pasos-que-cambiaron-mi-experiencia-de-compra-y-mi-bienestar-emocional\/\" aria-label=\"Leer m\u00e1s sobre Ped\u00ed talla incorrecta en Shein: 3 pasos que cambiaron mi experiencia de compra (y mi bienestar emocional)\">Lire plus<\/a><\/p>\n","protected":false},"author":1,"featured_media":12453,"comment_status":"","ping_status":"","sticky":false,"template":"","format":"standard","meta":{"footnotes":""},"categories":[48],"tags":[],"class_list":["post-12454","post","type-post","status-publish","format-standard","has-post-thumbnail","hentry","category-estilo-de-vida"],"acf":[],"_yoast_wpseo_primary_category":null,"_yoast_wpseo_title":null,"_yoast_wpseo_metadesc":null,"_links":{"self":[{"href":"https:\/\/www.journee-mondiale.com\/es\/wp-json\/wp\/v2\/posts\/12454","targetHints":{"allow":["GET"]}}],"collection":[{"href":"https:\/\/www.journee-mondiale.com\/es\/wp-json\/wp\/v2\/posts"}],"about":[{"href":"https:\/\/www.journee-mondiale.com\/es\/wp-json\/wp\/v2\/types\/post"}],"author":[{"embeddable":true,"href":"https:\/\/www.journee-mondiale.com\/es\/wp-json\/wp\/v2\/users\/1"}],"replies":[{"embeddable":true,"href":"https:\/\/www.journee-mondiale.com\/es\/wp-json\/wp\/v2\/comments?post=12454"}],"version-history":[{"count":0,"href":"https:\/\/www.journee-mondiale.com\/es\/wp-json\/wp\/v2\/posts\/12454\/revisions"}],"wp:featuredmedia":[{"embeddable":true,"href":"https:\/\/www.journee-mondiale.com\/es\/wp-json\/wp\/v2\/media\/12453"}],"wp:attachment":[{"href":"https:\/\/www.journee-mondiale.com\/es\/wp-json\/wp\/v2\/media?parent=12454"}],"wp:term":[{"taxonomy":"category","embeddable":true,"href":"https:\/\/www.journee-mondiale.com\/es\/wp-json\/wp\/v2\/categories?post=12454"},{"taxonomy":"post_tag","embeddable":true,"href":"https:\/\/www.journee-mondiale.com\/es\/wp-json\/wp\/v2\/tags?post=12454"}],"curies":[{"name":"wp","href":"https:\/\/api.w.org\/{rel}","templated":true}]}}