{"id":12449,"date":"2025-03-27T08:05:57","date_gmt":"2025-03-27T07:05:57","guid":{"rendered":"https:\/\/www.journee-mondiale.com\/es\/5-cortes-que-rejuvenecen-mi-rostro-en-primavera-el-bob-reinventado-cambio-mi-apariencia\/"},"modified":"2025-03-27T08:05:57","modified_gmt":"2025-03-27T07:05:57","slug":"5-cortes-que-rejuvenecen-mi-rostro-en-primavera-el-bob-reinventado-cambio-mi-apariencia","status":"publish","type":"post","link":"https:\/\/www.journee-mondiale.com\/es\/5-cortes-que-rejuvenecen-mi-rostro-en-primavera-el-bob-reinventado-cambio-mi-apariencia\/","title":{"rendered":"5 cortes que rejuvenecen mi rostro en primavera (el bob reinventado cambi\u00f3 mi apariencia)"},"content":{"rendered":"<p>La primavera 2025 trae consigo una oportunidad perfecta para reinventarnos. \u00bfY qu\u00e9 mejor manera de hacerlo que con un nuevo corte de pelo? A diferencia de lo que muchos piensan, renovar nuestra imagen no requiere cambios dr\u00e1sticos en nuestro estilo de vida. A veces, <strong>un simple cambio de look<\/strong> puede transformar por completo nuestra apariencia y, con ella, nuestra autoestima.<\/p>\n<h2>El poder rejuvenecedor de los cortes estrat\u00e9gicos<\/h2>\n<p>Los cortes de pelo no son solo una cuesti\u00f3n est\u00e9tica, sino una verdadera herramienta de transformaci\u00f3n personal. \u00abUn buen corte puede quitar hasta cinco a\u00f1os de apariencia, simplemente <strong>enmarcando correctamente las facciones<\/strong> y aportando movimiento al rostro\u00bb, explica Carlos Vidal, director creativo de Vanguard Studio en Madrid.<\/p>\n<p>Como las mariposas que emergen renovadas de sus capullos, nuestro cabello tiene el potencial de liberarnos de una imagen estancada y revelarnos m\u00e1s radiantes. Este 2025, los expertos apuestan por cortes que no solo siguen tendencias, sino que verdaderamente <strong>potencian nuestros rasgos naturales<\/strong>.<\/p>\n<h2>El bob reinventado: el eterno favorecedor<\/h2>\n<p>Si buscas un cambio garantizado, <a href=\"https:\/\/www.journee-mondiale.com\/es\/el-bob-corto-que-rejuvenece-mi-rostro-a-los-50-asi-cambio-mi-apariencia-en-solo-3-dias-y-requiere-minimo-mantenimiento\/\" target=\"_blank\">el bob corto es una apuesta segura<\/a> que contin\u00faa renov\u00e1ndose temporada tras temporada. \u00abEl secreto est\u00e1 en personalizar la longitud seg\u00fan la estructura facial\u00bb, se\u00f1ala Luc\u00eda M\u00e9ndez, estilista de celebrities.<\/p>\n<p>Este corte cl\u00e1sico ha evolucionado en m\u00faltiples variantes para esta primavera 2025:<\/p>\n<ul>\n<li><strong>French bob<\/strong> con flequillo recto para potenciar la mirada<\/li>\n<li>Bob asim\u00e9trico con mechones m\u00e1s largos que enmarcan el rostro<\/li>\n<li>Bob texturizado con efecto despeinado para un aire juvenil<\/li>\n<\/ul>\n<h2>El corte que rejuvenece instant\u00e1neamente: puntas desfiladas<\/h2>\n<p>Una de las t\u00e9cnicas que m\u00e1s adeptas est\u00e1 ganando este 2025 es <a href=\"https:\/\/www.journee-mondiale.com\/es\/el-corte-que-rejuvenece-5-anos-las-puntas-desfiladas-transforman-tu-imagen-esta-primavera-y-celebrities-ya-lo-adoptaron\/\" target=\"_blank\">el desfilado estrat\u00e9gico de las puntas<\/a>. Como un jardinero que poda con precisi\u00f3n para estimular nuevo crecimiento, <strong>este acabado ligero<\/strong> elimina el peso visual del cabello aportando movimiento natural.<\/p>\n<h2>Cabello fino: soluciones con volumen asegurado<\/h2>\n<p>Para quienes lidian con cabello fino, esta primavera trae buenas noticias. <a href=\"https:\/\/www.journee-mondiale.com\/es\/transforme-mi-cabello-fino-esta-primavera-3-tecnicas-que-me-dieron-volumen-real-el-secado-invertido-cambio-todo\/\" target=\"_blank\">T\u00e9cnicas innovadoras como el secado invertido<\/a> combinadas con <strong>cortes espec\u00edficos para crear volumen<\/strong> pueden transformar completamente el aspecto de tu melena.<\/p>\n<p>Elena Castro, tric\u00f3loga del Instituto Capilar Europeo, recomienda: \u00abLos cortes a capas invisibles crean la ilusi\u00f3n de densidad sin sacrificar longitud. Es como construir una arquitectura interna que sostiene el cabello desde dentro\u00bb.<\/p>\n<h2>Peinados vers\u00e1tiles para complementar tu nuevo corte<\/h2>\n<p>Una vez renovado tu corte, <a href=\"https:\/\/www.journee-mondiale.com\/es\/probe-5-tipos-de-peinado-universal-y-este-cambio-mi-rostro-en-solo-3-dias-el-resultado-me-sorprendio\/\" target=\"_blank\">explorar diferentes peinados<\/a> multiplicar\u00e1 las posibilidades de tu nueva imagen. Para ocasiones especiales, <a href=\"https:\/\/www.journee-mondiale.com\/es\/los-recogidos-con-trenza-que-salvaron-mi-look-en-3-bodas-de-primavera-el-mono-trenzado-cambio-todo\/\" target=\"_blank\">los recogidos con trenzas<\/a> son una alternativa elegante y moderna.<\/p>\n<h2>El corte ideal seg\u00fan tu tipo de rostro<\/h2>\n<p>Encontrar tu corte ideal es como descubrir tu llave personal hacia la confianza. Estos son los m\u00e1s favorecedores seg\u00fan la forma del rostro:<\/p>\n<ul>\n<li>Rostro redondo: <strong>Long bob asim\u00e9trico<\/strong> para estilizar<\/li>\n<li>Rostro cuadrado: Capas suaves que suavizan \u00e1ngulos<\/li>\n<li>Rostro ovalado: Pr\u00e1cticamente cualquier estilo, idealmente con flequillo<\/li>\n<\/ul>\n<h2>\u00bfLista para tu transformaci\u00f3n primaveral?<\/h2>\n<p>El cambio de estaci\u00f3n es el momento perfecto para renovar tu imagen. Como dice Isabel G\u00f3mez, directora de la Academia de Estilismo de Barcelona: \u00abUn nuevo corte no es solo un cambio est\u00e9tico, es una declaraci\u00f3n de intenciones. <strong>Cuando una mujer decide cambiar su cabello<\/strong>, est\u00e1 dispuesta a abrazar nuevas posibilidades en su vida\u00bb.<\/p>\n<p>La verdadera magia de un buen corte de pelo radica en c\u00f3mo nos hace sentir. M\u00e1s all\u00e1 de las tendencias y los consejos, lo importante es elegir un estilo que te haga sonre\u00edr cada vez que te mires al espejo. \u00bfTe atreves a descubrir cu\u00e1nto puede cambiar tu imagen con la decisi\u00f3n correcta?<\/p>\n","protected":false},"excerpt":{"rendered":"<p>La primavera 2025 trae consigo una oportunidad perfecta para reinventarnos. \u00bfY qu\u00e9 mejor manera de hacerlo que con un nuevo corte de pelo? A diferencia de lo que muchos piensan, renovar nuestra imagen no requiere cambios dr\u00e1sticos en nuestro estilo de vida. A veces, un simple cambio de look puede transformar por completo nuestra apariencia &#8230; <a title=\"5 cortes que rejuvenecen mi rostro en primavera (el bob reinventado cambi\u00f3 mi apariencia)\" class=\"read-more\" href=\"https:\/\/www.journee-mondiale.com\/es\/5-cortes-que-rejuvenecen-mi-rostro-en-primavera-el-bob-reinventado-cambio-mi-apariencia\/\" aria-label=\"Leer m\u00e1s sobre 5 cortes que rejuvenecen mi rostro en primavera (el bob reinventado cambi\u00f3 mi apariencia)\">Lire plus<\/a><\/p>\n","protected":false},"author":1,"featured_media":12448,"comment_status":"","ping_status":"","sticky":false,"template":"","format":"standard","meta":{"footnotes":""},"categories":[48],"tags":[],"class_list":["post-12449","post","type-post","status-publish","format-standard","has-post-thumbnail","hentry","category-estilo-de-vida"],"acf":[],"_yoast_wpseo_primary_category":null,"_yoast_wpseo_title":null,"_yoast_wpseo_metadesc":null,"_links":{"self":[{"href":"https:\/\/www.journee-mondiale.com\/es\/wp-json\/wp\/v2\/posts\/12449","targetHints":{"allow":["GET"]}}],"collection":[{"href":"https:\/\/www.journee-mondiale.com\/es\/wp-json\/wp\/v2\/posts"}],"about":[{"href":"https:\/\/www.journee-mondiale.com\/es\/wp-json\/wp\/v2\/types\/post"}],"author":[{"embeddable":true,"href":"https:\/\/www.journee-mondiale.com\/es\/wp-json\/wp\/v2\/users\/1"}],"replies":[{"embeddable":true,"href":"https:\/\/www.journee-mondiale.com\/es\/wp-json\/wp\/v2\/comments?post=12449"}],"version-history":[{"count":0,"href":"https:\/\/www.journee-mondiale.com\/es\/wp-json\/wp\/v2\/posts\/12449\/revisions"}],"wp:featuredmedia":[{"embeddable":true,"href":"https:\/\/www.journee-mondiale.com\/es\/wp-json\/wp\/v2\/media\/12448"}],"wp:attachment":[{"href":"https:\/\/www.journee-mondiale.com\/es\/wp-json\/wp\/v2\/media?parent=12449"}],"wp:term":[{"taxonomy":"category","embeddable":true,"href":"https:\/\/www.journee-mondiale.com\/es\/wp-json\/wp\/v2\/categories?post=12449"},{"taxonomy":"post_tag","embeddable":true,"href":"https:\/\/www.journee-mondiale.com\/es\/wp-json\/wp\/v2\/tags?post=12449"}],"curies":[{"name":"wp","href":"https:\/\/api.w.org\/{rel}","templated":true}]}}