{"id":12447,"date":"2025-03-27T07:05:54","date_gmt":"2025-03-27T06:05:54","guid":{"rendered":"https:\/\/www.journee-mondiale.com\/es\/mis-labios-y-mejillas-cambiaron-con-el-maquillaje-2-en-1-el-fenomeno-beauty-que-dominara-tu-primavera-2025\/"},"modified":"2025-03-27T07:05:54","modified_gmt":"2025-03-27T06:05:54","slug":"mis-labios-y-mejillas-cambiaron-con-el-maquillaje-2-en-1-el-fenomeno-beauty-que-dominara-tu-primavera-2025","status":"publish","type":"post","link":"https:\/\/www.journee-mondiale.com\/es\/mis-labios-y-mejillas-cambiaron-con-el-maquillaje-2-en-1-el-fenomeno-beauty-que-dominara-tu-primavera-2025\/","title":{"rendered":"Mis labios y mejillas cambiaron con el maquillaje 2 en 1: el fen\u00f3meno beauty que dominar\u00e1 tu primavera 2025"},"content":{"rendered":"<p>La primavera 2025 lleg\u00f3 cargada de <strong>tendencias beauty<\/strong> que nos facilitan la vida, y los productos 2 en 1 de labial y colorete se han convertido en los protagonistas indiscutibles de esta temporada. Estos vers\u00e1tiles aliados no solo ahorran espacio en nuestro neceser, sino que nos permiten conseguir ese look fresco y coordinado en tiempo r\u00e9cord. \u00bfQuieres descubrir c\u00f3mo estos multitaskers pueden revolucionar tu rutina diaria?<\/p>\n<h2>La revoluci\u00f3n de la belleza eficiente: \u00bfpor qu\u00e9 todos apuestan por el 2 en 1?<\/h2>\n<p>Los productos multiusos est\u00e1n viviendo su momento de gloria en 2025, especialmente aquellos que combinan labial y colorete. \u00abLa <strong>belleza funcional<\/strong> se ha convertido en la nueva normalidad. Queremos productos que trabajen tan duro como nosotros\u00bb, explica la Dra. Elena Ruiz, dermat\u00f3loga est\u00e9tica del Instituto de Belleza Saludable de Barcelona.<\/p>\n<p>Esta tendencia responde perfectamente a nuestro estilo de vida acelerado, donde cada minuto cuenta. Un estudio reciente revel\u00f3 que el 78% de las mujeres espa\u00f1olas buscan simplificar sus rutinas de belleza sin comprometer resultados, y estos productos responden exactamente a esa necesidad.<\/p>\n<h2>Los tonos vibrantes que iluminar\u00e1n tu primavera<\/h2>\n<p>Aunque el maquillaje natural nunca pasa de moda, la primavera 2025 nos trae una explosi\u00f3n de color. Los tonos como el <strong>fucsia radiante<\/strong> y el coral luminoso dominan las pasarelas y las calles. \u00abEs como si despu\u00e9s de tanto minimalismo, nuestro rostro pidiera a gritos un poco de alegr\u00eda crom\u00e1tica\u00bb, se\u00f1ala Luc\u00eda M\u00e9ndez, maquilladora profesional con m\u00e1s de 15 a\u00f1os de experiencia.<\/p>\n<p>El <a href=\"https:\/\/www.journee-mondiale.com\/es\/el-rojo-que-lo-cambio-todo-mi-tecnica-de-labial-difuminado-que-rejuvenecio-mi-rostro-5-anos-esta-primavera\/\" target=\"_blank\">labial rojo difuminado<\/a> se ha convertido en una t\u00e9cnica rejuvenecedora que, aplicada tambi\u00e9n en las mejillas, puede restar hasta 5 a\u00f1os de apariencia al instante.<\/p>\n<h2>Las formulaciones m\u00e1s innovadoras que debes conocer<\/h2>\n<p>Entre las estrellas de la temporada destacan:<\/p>\n<ul>\n<li>F\u00f3rmulas cremosas que se funden con la piel<\/li>\n<li>Texturas l\u00edquidas de f\u00e1cil difuminado<\/li>\n<li>Acabados dewey que aportan luminosidad natural<\/li>\n<li>Componentes hidratantes con beneficios skincare<\/li>\n<\/ul>\n<p>El <a href=\"https:\/\/www.journee-mondiale.com\/es\/transforme-mi-cabello-fino-esta-primavera-3-tecnicas-que-me-dieron-volumen-real-el-secado-invertido-cambio-todo\/\" target=\"_blank\">colorete l\u00edquido de Huda Beauty<\/a> destaca por su f\u00f3rmula modulable ideal tanto para labios como mejillas, creando una armon\u00eda perfecta en el rostro.<\/p>\n<h2>El secreto del look monocrom\u00e1tico perfecto<\/h2>\n<p>Utilizar el mismo tono en labios y mejillas es como crear una <strong>sinfon\u00eda crom\u00e1tica<\/strong> en tu rostro. Este enfoque hol\u00edstico del color genera un aspecto cohesivo y natural que parece decir \u00abme despert\u00e9 as\u00ed\u00bb. La clave est\u00e1 en difuminar adecuadamente el producto para evitar bordes marcados.<\/p>\n<p>Para complementar este look, muchas expertas recomiendan el <a href=\"https:\/\/www.journee-mondiale.com\/es\/transforme-mi-rostro-anguloso-con-el-contorneado-difuminado-mi-tecnica-de-maquillaje-para-esta-primavera-que-suavizo-mis-facciones-en-3-pasos\/\" target=\"_blank\">contorneado difuminado<\/a>, que suaviza las facciones en solo tres pasos sencillos.<\/p>\n<h2>Aplicaci\u00f3n express: domina la t\u00e9cnica en 30 segundos<\/h2>\n<p>Para un resultado profesional:<\/p>\n<ul>\n<li>Aplica el producto con las yemas de los dedos (calientan la f\u00f3rmula)<\/li>\n<li>Difumina desde el centro de la mejilla hacia fuera<\/li>\n<li>En los labios, aplica primero en el centro y extiende suavemente<\/li>\n<\/ul>\n<p>\u00abPiensa en estos productos como peque\u00f1os <strong>transformadores faciales<\/strong>. Son como esa prenda vers\u00e1til que combina con todo en tu armario\u00bb, comenta Clara V\u00e1zquez, editora de belleza de la revista Tendencias.<\/p>\n<h2>El complemento perfecto para tu look primaveral<\/h2>\n<p>Para completar tu estilismo de primavera, combina tu labial-colorete con un <a href=\"https:\/\/www.journee-mondiale.com\/es\/descubri-que-el-maquillaje-bronceado-rejuvenece-5-anos-mi-tecnica-para-primavera-2025-que-cambio-mi-rostro\/\" target=\"_blank\">maquillaje bronceado<\/a> ligero que rejuvenece instant\u00e1neamente. Finaliza con una <a href=\"https:\/\/www.journee-mondiale.com\/es\/probe-la-manicura-reverse-french-esta-primavera-3-tonos-que-rejuvenecieron-mis-manos-y-por-que-esta-reemplazando-a-la-francesa-tradicional\/\" target=\"_blank\">manicura reverse french<\/a> en tonos que complementen tu maquillaje para un conjunto armonioso.<\/p>\n<h2>\u00bfLista para simplificar tu rutina sin renunciar al estilo?<\/h2>\n<p>Los productos 2 en 1 son como esos amigos eficientes que te facilitan la vida cuando m\u00e1s lo necesitas. Esta primavera 2025, atr\u00e9vete a experimentar con estas innovaciones que nos demuestran que menos puede ser m\u00e1s cuando hablamos de belleza. Tu neceser te lo agradecer\u00e1, y tu reflejo en el espejo tambi\u00e9n.<\/p>\n","protected":false},"excerpt":{"rendered":"<p>La primavera 2025 lleg\u00f3 cargada de tendencias beauty que nos facilitan la vida, y los productos 2 en 1 de labial y colorete se han convertido en los protagonistas indiscutibles de esta temporada. Estos vers\u00e1tiles aliados no solo ahorran espacio en nuestro neceser, sino que nos permiten conseguir ese look fresco y coordinado en tiempo &#8230; <a title=\"Mis labios y mejillas cambiaron con el maquillaje 2 en 1: el fen\u00f3meno beauty que dominar\u00e1 tu primavera 2025\" class=\"read-more\" href=\"https:\/\/www.journee-mondiale.com\/es\/mis-labios-y-mejillas-cambiaron-con-el-maquillaje-2-en-1-el-fenomeno-beauty-que-dominara-tu-primavera-2025\/\" aria-label=\"Leer m\u00e1s sobre Mis labios y mejillas cambiaron con el maquillaje 2 en 1: el fen\u00f3meno beauty que dominar\u00e1 tu primavera 2025\">Lire plus<\/a><\/p>\n","protected":false},"author":1,"featured_media":12446,"comment_status":"","ping_status":"","sticky":false,"template":"","format":"standard","meta":{"footnotes":""},"categories":[48],"tags":[],"class_list":["post-12447","post","type-post","status-publish","format-standard","has-post-thumbnail","hentry","category-estilo-de-vida"],"acf":[],"_yoast_wpseo_primary_category":null,"_yoast_wpseo_title":null,"_yoast_wpseo_metadesc":null,"_links":{"self":[{"href":"https:\/\/www.journee-mondiale.com\/es\/wp-json\/wp\/v2\/posts\/12447","targetHints":{"allow":["GET"]}}],"collection":[{"href":"https:\/\/www.journee-mondiale.com\/es\/wp-json\/wp\/v2\/posts"}],"about":[{"href":"https:\/\/www.journee-mondiale.com\/es\/wp-json\/wp\/v2\/types\/post"}],"author":[{"embeddable":true,"href":"https:\/\/www.journee-mondiale.com\/es\/wp-json\/wp\/v2\/users\/1"}],"replies":[{"embeddable":true,"href":"https:\/\/www.journee-mondiale.com\/es\/wp-json\/wp\/v2\/comments?post=12447"}],"version-history":[{"count":0,"href":"https:\/\/www.journee-mondiale.com\/es\/wp-json\/wp\/v2\/posts\/12447\/revisions"}],"wp:featuredmedia":[{"embeddable":true,"href":"https:\/\/www.journee-mondiale.com\/es\/wp-json\/wp\/v2\/media\/12446"}],"wp:attachment":[{"href":"https:\/\/www.journee-mondiale.com\/es\/wp-json\/wp\/v2\/media?parent=12447"}],"wp:term":[{"taxonomy":"category","embeddable":true,"href":"https:\/\/www.journee-mondiale.com\/es\/wp-json\/wp\/v2\/categories?post=12447"},{"taxonomy":"post_tag","embeddable":true,"href":"https:\/\/www.journee-mondiale.com\/es\/wp-json\/wp\/v2\/tags?post=12447"}],"curies":[{"name":"wp","href":"https:\/\/api.w.org\/{rel}","templated":true}]}}