{"id":12445,"date":"2025-03-27T06:05:03","date_gmt":"2025-03-27T05:05:03","guid":{"rendered":"https:\/\/www.journee-mondiale.com\/es\/esta-ciudad-europea-dejo-atonito-a-un-turista-americano-pero-no-por-sus-monumentos-sino-por-un-detalle-que-cambio-su-vision-del-trabajo-para-siempre\/"},"modified":"2025-03-27T06:05:03","modified_gmt":"2025-03-27T05:05:03","slug":"esta-ciudad-europea-dejo-atonito-a-un-turista-americano-pero-no-por-sus-monumentos-sino-por-un-detalle-que-cambio-su-vision-del-trabajo-para-siempre","status":"publish","type":"post","link":"https:\/\/www.journee-mondiale.com\/es\/esta-ciudad-europea-dejo-atonito-a-un-turista-americano-pero-no-por-sus-monumentos-sino-por-un-detalle-que-cambio-su-vision-del-trabajo-para-siempre\/","title":{"rendered":"Esta ciudad europea dej\u00f3 at\u00f3nito a un turista americano (pero no por sus monumentos sino por un detalle que cambi\u00f3 su visi\u00f3n del trabajo para siempre)"},"content":{"rendered":"<p>Cuando Ben Pike desembarc\u00f3 en Par\u00eds para sus vacaciones europeas, jam\u00e1s imagin\u00f3 que su mayor sorpresa no ser\u00eda la Torre Eiffel o el Louvre, sino algo tan cotidiano como los horarios comerciales. \u00abLamento tener que decir esto, pero Estados Unidos est\u00e1 atrasado en cuanto al equilibrio trabajo-vida\u00bb, confes\u00f3 este turista de 32 a\u00f1os originario de Chicago en su viral cuenta de TikTok.<\/p>\n<h2>El despertar europeo que sacudi\u00f3 sus creencias americanas<\/h2>\n<p>Ben qued\u00f3 perplejo al descubrir que las tiendas parisinas no abr\u00edan hasta las 9 de la ma\u00f1ana. \u00abMe levant\u00e9 a las 6 AM, listo para comenzar mi d\u00eda tur\u00edstico con un caf\u00e9, y encontr\u00e9 toda la ciudad dormida. Al principio me frustr\u00e9, pero luego entend\u00ed que esto refleja un respeto por los trabajadores que simplemente no existe en Am\u00e9rica\u00bb, explica.<\/p>\n<h2>El ritmo pausado que revolucion\u00f3 su perspectiva<\/h2>\n<p>Esta revelaci\u00f3n fue solo el comienzo. Durante su recorrido por Francia y Espa\u00f1a, Pike document\u00f3 otras diferencias culturales que lo obligaron a cuestionar el estilo de vida americano. \u00abEn Barcelona, vi familias cenando a las 10 de la noche. Ni\u00f1os incluidos. Y nadie parec\u00eda estresado por madrugar al d\u00eda siguiente\u00bb.<\/p>\n<blockquote><p>\u00abLos europeos no viven para trabajar, trabajan para vivir. En Am\u00e9rica hacemos exactamente lo contrario, y no nos damos cuenta hasta que salimos de nuestra burbuja\u00bb, comparti\u00f3 en su diario de viaje.<\/p><\/blockquote>\n<h2>El retorno imposible a la mentalidad americana<\/h2>\n<p>La experiencia de Pike resuena con la de Shawna Lumm, una estadounidense que se mud\u00f3 permanentemente a Espa\u00f1a despu\u00e9s de unas vacaciones que cambiaron su vida. \u00abDespu\u00e9s de experimentar una cultura donde tomar tiempo para disfrutar no es un lujo sino una necesidad, regresar a la mentalidad del &#8216;tiempo es dinero&#8217; result\u00f3 imposible\u00bb, explica Lumm.<\/p>\n<p>Este fen\u00f3meno se ha vuelto tan com\u00fan que existe un t\u00e9rmino para describirlo: \u00abchoque cultural inverso\u00bb, la dificultad para readaptarse a la cultura de origen despu\u00e9s de experimentar otra forma de vida.<\/p>\n<h2>Datos que confirman el contraste cultural<\/h2>\n<p>Las diferencias no son percepci\u00f3n subjetiva. Estados Unidos promedia 260 horas laborales m\u00e1s al a\u00f1o que Francia y 380 m\u00e1s que <a href=\"https:\/\/www.journee-mondiale.com\/es\/esta-costa-portuguesa-esconde-170-km-de-playas-virgenes-donde-celebrities-europeas-y-surfistas-comparten-paraiso-el-secreto-mejor-guardado-entre-lisboa-y-el-algarve\/\" target=\"_blank\">Portugal<\/a>, donde muchos expatriados americanos encuentran refugio de su agitada vida anterior.<\/p>\n<h2>Mirar m\u00e1s all\u00e1 de lo evidente<\/h2>\n<p>Muchos viajeros americanos quedan tan absortos en visitar monumentos que pierden estas revelaciones culturales. En <a href=\"https:\/\/www.journee-mondiale.com\/es\/este-reino-himalayo-cobra-250-por-dia-para-proteger-su-felicidad-el-unico-pais-del-mundo-donde-el-pib-no-importa\/\" target=\"_blank\">But\u00e1n<\/a>, por ejemplo, existe un \u00edndice nacional de felicidad por encima del PIB, algo impensable en la mentalidad occidental.<\/p>\n<h2>El precio de la autenticidad<\/h2>\n<p>Michael, otro turista americano, qued\u00f3 impactado por sus experiencias gastron\u00f3micas en Espa\u00f1a. \u00abLamento decirlo, pero hemos normalizado pagar fortune por comida mediocre. Aqu\u00ed, con 15 euros tuve un fest\u00edn que en Nueva York costar\u00eda 60 d\u00f3lares. La calidad y el precio simplemente no tienen comparaci\u00f3n\u00bb.<\/p>\n<h2>El regreso a casa: la verdadera prueba<\/h2>\n<p>El verdadero impacto de estas experiencias europeas se manifiesta al volver a Estados Unidos. Muchos turistas, como Pike, intentan incorporar elementos del estilo de vida europeo en su rutina, desde desayunos m\u00e1s pausados hasta priorizar tiempo con familia y amigos sobre horas extras en la oficina.<\/p>\n<blockquote><p>\u00abLamento tener que decir esto, pero despu\u00e9s de ver c\u00f3mo viven en Europa, me di cuenta de que hemos sacrificado demasiado en el altar de la productividad\u00bb, concluye Pike en su \u00faltimo video.<\/p><\/blockquote>\n<h2>Un fen\u00f3meno creciente<\/h2>\n<p>Esta revelaci\u00f3n cultural no es aislada. Desde <a href=\"https:\/\/www.journee-mondiale.com\/es\/este-rio-subterraneo-esconde-8-2-km-navegables-bajo-montanas-de-piedra-caliza-el-tesoro-natural-mas-protegido-de-filipinas-que-pocos-turistas-logran-visitar\/\" target=\"_blank\">Filipinas<\/a> hasta <a href=\"https:\/\/www.journee-mondiale.com\/es\/esta-isla-tailandesa-de-alfareros-conserva-un-arte-de-300-anos-a-solo-20-km-de-bangkok-sus-ceramicas-sin-barniz-esconden-historias-que-creias-perdidas\/\" target=\"_blank\">Tailandia<\/a>, turistas americanos encuentran formas de vida que priorizan aspectos que han quedado relegados en su cultura natal.<\/p>\n<p>Porque al final, el verdadero valor de viajar no reside en las fotograf\u00edas de monumentos famosos, sino en esas peque\u00f1as epifan\u00edas que nos hacen cuestionar nuestras propias costumbres y, quiz\u00e1s, nos inspiran a vivir de forma diferente.<\/p>\n","protected":false},"excerpt":{"rendered":"<p>Cuando Ben Pike desembarc\u00f3 en Par\u00eds para sus vacaciones europeas, jam\u00e1s imagin\u00f3 que su mayor sorpresa no ser\u00eda la Torre Eiffel o el Louvre, sino algo tan cotidiano como los horarios comerciales. \u00abLamento tener que decir esto, pero Estados Unidos est\u00e1 atrasado en cuanto al equilibrio trabajo-vida\u00bb, confes\u00f3 este turista de 32 a\u00f1os originario de &#8230; <a title=\"Esta ciudad europea dej\u00f3 at\u00f3nito a un turista americano (pero no por sus monumentos sino por un detalle que cambi\u00f3 su visi\u00f3n del trabajo para siempre)\" class=\"read-more\" href=\"https:\/\/www.journee-mondiale.com\/es\/esta-ciudad-europea-dejo-atonito-a-un-turista-americano-pero-no-por-sus-monumentos-sino-por-un-detalle-que-cambio-su-vision-del-trabajo-para-siempre\/\" aria-label=\"Leer m\u00e1s sobre Esta ciudad europea dej\u00f3 at\u00f3nito a un turista americano (pero no por sus monumentos sino por un detalle que cambi\u00f3 su visi\u00f3n del trabajo para siempre)\">Lire plus<\/a><\/p>\n","protected":false},"author":1,"featured_media":12444,"comment_status":"","ping_status":"","sticky":false,"template":"","format":"standard","meta":{"footnotes":""},"categories":[49],"tags":[],"class_list":["post-12445","post","type-post","status-publish","format-standard","has-post-thumbnail","hentry","category-viajes"],"acf":[],"_yoast_wpseo_primary_category":null,"_yoast_wpseo_title":null,"_yoast_wpseo_metadesc":null,"_links":{"self":[{"href":"https:\/\/www.journee-mondiale.com\/es\/wp-json\/wp\/v2\/posts\/12445","targetHints":{"allow":["GET"]}}],"collection":[{"href":"https:\/\/www.journee-mondiale.com\/es\/wp-json\/wp\/v2\/posts"}],"about":[{"href":"https:\/\/www.journee-mondiale.com\/es\/wp-json\/wp\/v2\/types\/post"}],"author":[{"embeddable":true,"href":"https:\/\/www.journee-mondiale.com\/es\/wp-json\/wp\/v2\/users\/1"}],"replies":[{"embeddable":true,"href":"https:\/\/www.journee-mondiale.com\/es\/wp-json\/wp\/v2\/comments?post=12445"}],"version-history":[{"count":0,"href":"https:\/\/www.journee-mondiale.com\/es\/wp-json\/wp\/v2\/posts\/12445\/revisions"}],"wp:featuredmedia":[{"embeddable":true,"href":"https:\/\/www.journee-mondiale.com\/es\/wp-json\/wp\/v2\/media\/12444"}],"wp:attachment":[{"href":"https:\/\/www.journee-mondiale.com\/es\/wp-json\/wp\/v2\/media?parent=12445"}],"wp:term":[{"taxonomy":"category","embeddable":true,"href":"https:\/\/www.journee-mondiale.com\/es\/wp-json\/wp\/v2\/categories?post=12445"},{"taxonomy":"post_tag","embeddable":true,"href":"https:\/\/www.journee-mondiale.com\/es\/wp-json\/wp\/v2\/tags?post=12445"}],"curies":[{"name":"wp","href":"https:\/\/api.w.org\/{rel}","templated":true}]}}