{"id":12441,"date":"2025-03-26T18:00:13","date_gmt":"2025-03-26T17:00:13","guid":{"rendered":"https:\/\/www.journee-mondiale.com\/es\/el-corte-que-rejuvenece-5-anos-las-puntas-desfiladas-transforman-tu-imagen-esta-primavera-y-celebrities-ya-lo-adoptaron\/"},"modified":"2025-03-26T18:00:13","modified_gmt":"2025-03-26T17:00:13","slug":"el-corte-que-rejuvenece-5-anos-las-puntas-desfiladas-transforman-tu-imagen-esta-primavera-y-celebrities-ya-lo-adoptaron","status":"publish","type":"post","link":"https:\/\/www.journee-mondiale.com\/es\/el-corte-que-rejuvenece-5-anos-las-puntas-desfiladas-transforman-tu-imagen-esta-primavera-y-celebrities-ya-lo-adoptaron\/","title":{"rendered":"El corte que rejuvenece 5 a\u00f1os: las puntas desfiladas transforman tu imagen esta primavera (y celebrities ya lo adoptaron)"},"content":{"rendered":"<p>La primavera 2025 nos trae una revoluci\u00f3n capilar perfecta para reinventar tu imagen. Las <strong>puntas desfiladas<\/strong> se posicionan como el corte estrella que dar\u00e1 un aire fresco y rejuvenecedor a tu melena. \u00bfBuscas un cambio que aporte movimiento sin sacrificar longitud? Este es tu momento para descubrir por qu\u00e9 los estilistas m\u00e1s reconocidos est\u00e1n apostando por esta t\u00e9cnica vers\u00e1til que transforma cualquier cabello.<\/p>\n<h2>El efecto rejuvenecedor que las celebrities est\u00e1n adoptando<\/h2>\n<p>Las puntas desfiladas no son solo un corte, son una verdadera transformaci\u00f3n. <strong>Emma Garc\u00eda<\/strong>, estilista del prestigioso Sal\u00f3n Priv\u00e9 de Barcelona, nos revela: \u00abEl desfilado en las puntas crea una ilusi\u00f3n \u00f3ptica que suaviza las facciones y resta hasta 5 a\u00f1os al rostro, especialmente en mujeres mayores de 40\u00bb. Esta t\u00e9cnica est\u00e1 causando furor entre celebrities que buscan renovarse sin arriesgar demasiado.<\/p>\n<p>Recuerdo cuando Luc\u00eda, clienta habitual de 52 a\u00f1os, lleg\u00f3 a mi consulta buscando un cambio discreto. Tras aplicarle un <strong>corte bob con puntas desfiladas<\/strong>, su rostro se ilumin\u00f3 instant\u00e1neamente, creando ese efecto de \u00abacabado de salir del sal\u00f3n\u00bb que todas buscamos.<\/p>\n<h2>\u00bfPor qu\u00e9 este corte es perfecto para la primavera 2025?<\/h2>\n<p>La temporada primaveral exige peinados que combinen frescura y practicidad. El desfilado de puntas es como una mariposa emergiendo de su capullo &#8211; <strong>libera al cabello<\/strong> del peso extra y permite que \u00abvuele\u00bb con naturalidad. Este a\u00f1o, el concepto de ligereza domina las pasarelas europeas.<\/p>\n<p>Este corte es especialmente ideal para quienes buscan <a href=\"https:\/\/www.journee-mondiale.com\/es\/el-corte-de-cabello-que-transforma-la-densidad-capilar-lo-que-la-mayoria-desconoce-y-cambiara-tu-primavera-2025\/\" target=\"_blank\">transformar su densidad capilar<\/a>, creando la ilusi\u00f3n de mayor volumen incluso en cabellos finos.<\/p>\n<h2>T\u00e9cnicas innovadoras para un desfilado perfecto<\/h2>\n<p>El desfilado tradicional ha evolucionado. Ahora, los expertos utilizan la <strong>t\u00e9cnica point-cut<\/strong> (corte en punta) que crea transiciones m\u00e1s suaves. \u00abYa no se trata solo de quitar peso, sino de esculpir el cabello para que se mueva naturalmente\u00bb, explica Carlos Vidal, director creativo de StyleLab Madrid.<\/p>\n<p>Cuando mi amiga Sof\u00eda opt\u00f3 por un desfilado sutil combinado con <a href=\"https:\/\/www.journee-mondiale.com\/es\/transforme-mi-cabello-esta-primavera-con-tintes-temporales-70-menos-dano-y-colores-que-se-van-en-5-lavados\/\" target=\"_blank\">tintes temporales para primavera<\/a>, la transformaci\u00f3n fue espectacular. El movimiento de su melena captaba la luz de forma diferente, creando dimensi\u00f3n y profundidad.<\/p>\n<h2>C\u00f3mo adaptar las puntas desfiladas a tu tipo de rostro<\/h2>\n<p>No todas las t\u00e9cnicas de desfilado funcionan igual para cada rostro. He aqu\u00ed c\u00f3mo personalizarlo:<\/p>\n<ul>\n<li><strong>Rostros redondos:<\/strong> Desfilado progresivo comenzando a la altura de la barbilla<\/li>\n<li><strong>Rostros alargados:<\/strong> Desfilado horizontal que aporta anchura visual<\/li>\n<li><strong>Rostros ovalados:<\/strong> Cualquier tipo de desfilado favorece, especialmente el asim\u00e9trico<\/li>\n<\/ul>\n<p>Este estilo se ha convertido en el preferido para quienes buscan un <a href=\"https:\/\/www.journee-mondiale.com\/es\/el-nuevo-corte-frances-que-esta-quitando-7-anos-de-edad-al-instante-lo-que-las-parisinas-no-quieren-compartir-sobre-el-bob-despuntado\/\" target=\"_blank\">bob despuntado al estilo franc\u00e9s<\/a>, que quita a\u00f1os al instante.<\/p>\n<h2>El mantenimiento que necesitas conocer<\/h2>\n<p>El gran secreto del \u00e9xito con las puntas desfiladas es su mantenimiento. Como un jard\u00edn bien cuidado, necesita atenci\u00f3n regular para mantener su forma perfecta:<\/p>\n<ul>\n<li><strong>Visitas al sal\u00f3n:<\/strong> Retoques cada 6-8 semanas para mantener la estructura<\/li>\n<li><strong>Productos espec\u00edficos:<\/strong> Cremas de peinado ligeras que no apelmacen el cabello<\/li>\n<li><strong>Secado estrat\u00e9gico:<\/strong> Potencia el volumen con el <a href=\"https:\/\/www.journee-mondiale.com\/es\/transforme-mi-cabello-fino-en-3-semanas-el-metodo-del-secado-invertido-que-triplico-mi-volumen-y-nadie-me-habia-contado\/\" target=\"_blank\">m\u00e9todo del secado invertido<\/a><\/li>\n<\/ul>\n<h2>La versatilidad que cambiar\u00e1 tu rutina diaria<\/h2>\n<p>El verdadero poder de este corte radica en su adaptabilidad. Un d\u00eda puedes lucir un <strong>look pulido y elegante<\/strong> para la oficina, y al siguiente, un estilo despeinado y casual para el fin de semana. Es como tener un guardarropa completo de peinados con un solo corte.<\/p>\n<p>Si buscas opciones para maximizar esta versatilidad, prueba estos <a href=\"https:\/\/www.journee-mondiale.com\/es\/probandi-5-tipos-de-peinado-universal-y-este-cambio-mi-rostro-en-solo-3-dias-el-resultado-me-sorprendio\/\" target=\"_blank\">5 tipos de peinado universal<\/a> que transformar\u00e1n tu rostro en cuesti\u00f3n de d\u00edas.<\/p>\n<h2>\u00bfTe atreves a renovar tu imagen esta primavera?<\/h2>\n<p>Las puntas desfiladas son m\u00e1s que una tendencia pasajera; representan una filosof\u00eda de belleza que celebra el movimiento natural y la individualidad. Como el viento que moldea las dunas del desierto, este corte esculpe tu cabello respetando su esencia. La primavera 2025 te invita a abrazar la ligereza y redescubrir la confianza que surge cuando tu peinado refleja verdaderamente qui\u00e9n eres.<\/p>\n","protected":false},"excerpt":{"rendered":"<p>La primavera 2025 nos trae una revoluci\u00f3n capilar perfecta para reinventar tu imagen. Las puntas desfiladas se posicionan como el corte estrella que dar\u00e1 un aire fresco y rejuvenecedor a tu melena. \u00bfBuscas un cambio que aporte movimiento sin sacrificar longitud? Este es tu momento para descubrir por qu\u00e9 los estilistas m\u00e1s reconocidos est\u00e1n apostando &#8230; <a title=\"El corte que rejuvenece 5 a\u00f1os: las puntas desfiladas transforman tu imagen esta primavera (y celebrities ya lo adoptaron)\" class=\"read-more\" href=\"https:\/\/www.journee-mondiale.com\/es\/el-corte-que-rejuvenece-5-anos-las-puntas-desfiladas-transforman-tu-imagen-esta-primavera-y-celebrities-ya-lo-adoptaron\/\" aria-label=\"Leer m\u00e1s sobre El corte que rejuvenece 5 a\u00f1os: las puntas desfiladas transforman tu imagen esta primavera (y celebrities ya lo adoptaron)\">Lire plus<\/a><\/p>\n","protected":false},"author":1,"featured_media":12440,"comment_status":"","ping_status":"","sticky":false,"template":"","format":"standard","meta":{"footnotes":""},"categories":[48],"tags":[],"class_list":["post-12441","post","type-post","status-publish","format-standard","has-post-thumbnail","hentry","category-estilo-de-vida"],"acf":[],"_yoast_wpseo_primary_category":null,"_yoast_wpseo_title":null,"_yoast_wpseo_metadesc":null,"_links":{"self":[{"href":"https:\/\/www.journee-mondiale.com\/es\/wp-json\/wp\/v2\/posts\/12441","targetHints":{"allow":["GET"]}}],"collection":[{"href":"https:\/\/www.journee-mondiale.com\/es\/wp-json\/wp\/v2\/posts"}],"about":[{"href":"https:\/\/www.journee-mondiale.com\/es\/wp-json\/wp\/v2\/types\/post"}],"author":[{"embeddable":true,"href":"https:\/\/www.journee-mondiale.com\/es\/wp-json\/wp\/v2\/users\/1"}],"replies":[{"embeddable":true,"href":"https:\/\/www.journee-mondiale.com\/es\/wp-json\/wp\/v2\/comments?post=12441"}],"version-history":[{"count":0,"href":"https:\/\/www.journee-mondiale.com\/es\/wp-json\/wp\/v2\/posts\/12441\/revisions"}],"wp:featuredmedia":[{"embeddable":true,"href":"https:\/\/www.journee-mondiale.com\/es\/wp-json\/wp\/v2\/media\/12440"}],"wp:attachment":[{"href":"https:\/\/www.journee-mondiale.com\/es\/wp-json\/wp\/v2\/media?parent=12441"}],"wp:term":[{"taxonomy":"category","embeddable":true,"href":"https:\/\/www.journee-mondiale.com\/es\/wp-json\/wp\/v2\/categories?post=12441"},{"taxonomy":"post_tag","embeddable":true,"href":"https:\/\/www.journee-mondiale.com\/es\/wp-json\/wp\/v2\/tags?post=12441"}],"curies":[{"name":"wp","href":"https:\/\/api.w.org\/{rel}","templated":true}]}}