{"id":12437,"date":"2025-03-26T16:07:02","date_gmt":"2025-03-26T15:07:02","guid":{"rendered":"https:\/\/www.journee-mondiale.com\/es\/dormir-con-mis-hijos-asi-descubri-como-3-anos-de-colecho-cambiaron-nuestra-conexion-emocional-y-cuando-detenerlo\/"},"modified":"2025-03-26T16:07:02","modified_gmt":"2025-03-26T15:07:02","slug":"dormir-con-mis-hijos-asi-descubri-como-3-anos-de-colecho-cambiaron-nuestra-conexion-emocional-y-cuando-detenerlo","status":"publish","type":"post","link":"https:\/\/www.journee-mondiale.com\/es\/dormir-con-mis-hijos-asi-descubri-como-3-anos-de-colecho-cambiaron-nuestra-conexion-emocional-y-cuando-detenerlo\/","title":{"rendered":"Dormir con mis hijos: as\u00ed descubr\u00ed c\u00f3mo 3 a\u00f1os de colecho cambiaron nuestra conexi\u00f3n emocional (y cu\u00e1ndo detenerlo)"},"content":{"rendered":"<p>\u00bfTe has preguntado alguna vez si compartir la cama con tus hijos es beneficioso o perjudicial? Esta pr\u00e1ctica, conocida como <strong>colecho<\/strong>, genera debates apasionados entre pediatras y padres. Mientras algunos lo consideran esencial para el desarrollo emocional, otros advierten sobre posibles riesgos. Descubramos lo que la ciencia realmente dice sobre este tema que afecta el sue\u00f1o familiar.<\/p>\n<h2>El dilema nocturno que divide a los expertos<\/h2>\n<p>El colecho es mucho m\u00e1s que una simple decisi\u00f3n sobre d\u00f3nde duerme tu hijo. Seg\u00fan la <strong>Dra. Elena Mart\u00ednez<\/strong>, pediatra del Hospital La Paz de Madrid, \u00abdormir con los hijos representa una encrucijada entre la seguridad f\u00edsica y el desarrollo emocional que requiere un an\u00e1lisis individualizado para cada familia\u00bb. Esta pr\u00e1ctica, com\u00fan en muchas culturas, tiene matices importantes seg\u00fan la edad del ni\u00f1o.<\/p>\n<h2>\u00bfHasta qu\u00e9 edad es recomendable?<\/h2>\n<p>Los especialistas coinciden en que el colecho puede ser beneficioso hasta aproximadamente los <strong>tres a\u00f1os<\/strong>. \u00abDurante esta etapa temprana, dormir cerca de los padres puede proporcionar seguridad emocional y facilitar la lactancia nocturna\u00bb, explica el Dr. Gonzalo Pin, reconocido especialista en medicina del sue\u00f1o infantil. Sin embargo, pasada esta edad, muchos pediatras recomiendan comenzar la transici\u00f3n hacia el sue\u00f1o independiente.<\/p>\n<blockquote><p>Dormir con los hijos es como un baile delicado entre cercan\u00eda e independencia. Cada paso debe darse en el momento adecuado para el desarrollo emocional \u00f3ptimo.<\/p><\/blockquote>\n<h2>Beneficios emocionales que no podemos ignorar<\/h2>\n<p>El colecho ofrece ventajas significativas para el <strong>desarrollo emocional<\/strong> cuando se practica adecuadamente:<\/p>\n<ul>\n<li>Fortalece el v\u00ednculo afectivo entre padres e hijos<\/li>\n<li>Reduce la ansiedad por separaci\u00f3n nocturna<\/li>\n<li>Facilita la resoluci\u00f3n de miedos nocturnos<\/li>\n<li>Promueve patrones de apego seguro<\/li>\n<\/ul>\n<p>Estas ventajas pueden explicar por qu\u00e9 muchos ni\u00f1os que han experimentado problemas para dormir pueden beneficiarse del colecho temporal, similar a c\u00f3mo los adultos con <a href=\"https:\/\/www.journee-mondiale.com\/es\/insomnio-cronico-como-descubri-el-ritual-de-20-minutos-que-rompio-mi-ciclo-vicioso-del-sueno-y-elimino-mi-fatiga-diurna\/\" target=\"_blank\">insomnio cr\u00f3nico<\/a> necesitan rituales espec\u00edficos para mejorar su descanso.<\/p>\n<h2>Las precauciones que todo padre debe conocer<\/h2>\n<p>El <strong>Dr. Miguel S\u00e1enz<\/strong>, especialista en pediatr\u00eda preventiva, advierte: \u00abEl colecho con beb\u00e9s menores de un a\u00f1o debe seguir estrictas medidas de seguridad para reducir riesgos\u00bb. Estas precauciones son tan importantes como entender c\u00f3mo <a href=\"https:\/\/www.journee-mondiale.com\/es\/deja-de-ignorar-estos-3-trastornos-del-sueno-estan-saboteando-tu-metabolismo-sin-que-lo-notes\/\" target=\"_blank\">los trastornos del sue\u00f1o afectan nuestro metabolismo<\/a>.<\/p>\n<p>Algunas situaciones donde el colecho no es recomendable:<\/p>\n<ul>\n<li>Padres fumadores o que consumen alcohol\/medicamentos sedantes<\/li>\n<li>Superficies blandas como sof\u00e1s o camas de agua<\/li>\n<li>Presencia de m\u00faltiples almohadas, edredones pesados o peluches<\/li>\n<\/ul>\n<h2>El balance perfecto: cercan\u00eda sin dependencia<\/h2>\n<p>El colecho es como una <strong>nutrici\u00f3n emocional<\/strong>: necesaria en ciertas etapas, pero que debe evolucionar con el crecimiento del ni\u00f1o. As\u00ed como descubrimos que <a href=\"https:\/\/www.journee-mondiale.com\/es\/vitamina-c-sin-acido-asi-recupere-mi-digestion-y-por-que-250-mg-podrian-cambiar-tu-inmunidad-diaria\/\" target=\"_blank\">ciertos nutrientes son esenciales para nuestra salud f\u00edsica<\/a>, el contacto nocturno nutre emocionalmente a los peque\u00f1os.<\/p>\n<h2>La transici\u00f3n hacia el sue\u00f1o independiente<\/h2>\n<p>Llegado el momento adecuado, ayudar al ni\u00f1o a dormir en su propia cama es crucial para su desarrollo. La Dra. Luc\u00eda Gal\u00e1n recomienda un proceso gradual: \u00abEl ni\u00f1o necesita aprender que puede estar seguro incluso cuando duerme solo, esto fortalece su <strong>autoconfianza<\/strong> y capacidad para manejar situaciones de separaci\u00f3n\u00bb.<\/p>\n<p>Este proceso se asemeja a c\u00f3mo debemos mantener un equilibrio en nuestra alimentaci\u00f3n, evitando <a href=\"https:\/\/www.journee-mondiale.com\/es\/saltarse-comidas-como-descubri-que-ralentizaba-mi-metabolismo-un-15-y-la-alternativa-que-finalmente-funciono\/\" target=\"_blank\">saltarnos comidas que puedan afectar nuestro metabolismo<\/a>.<\/p>\n<h2>La perspectiva cultural: m\u00e1s all\u00e1 de la medicina<\/h2>\n<p>Diferentes culturas tienen distintas visiones sobre el colecho. En Espa\u00f1a, cada vez m\u00e1s familias adoptan un enfoque <strong>flexible<\/strong>, adapt\u00e1ndose a las necesidades cambiantes de sus hijos. Este enfoque reconoce que, al igual que <a href=\"https:\/\/www.journee-mondiale.com\/es\/la-ciencia-de-la-amistad-asi-descubri-por-que-los-amigos-inutiles-redujeron-mi-ansiedad-un-28-y-como-pueden-salvar-tu-salud-mental\/\" target=\"_blank\">las amistades significativas reducen nuestra ansiedad<\/a>, la cercan\u00eda nocturna puede proporcionar beneficios emocionales duraderos.<\/p>\n<h2>\u00bfQu\u00e9 camino elegir para tu familia?<\/h2>\n<p>Lo m\u00e1s importante es que cada familia encuentre su propio equilibrio basado en evidencia cient\u00edfica y necesidades individuales. El colecho bien practicado puede ser un regalo emocional para tus hijos, siempre que evolucione naturalmente hacia la independencia cuando est\u00e9n preparados. \u00bfNo es eso lo que todos deseamos? Criar ni\u00f1os emocionalmente seguros que eventualmente vuelen con alas propias.<\/p>\n","protected":false},"excerpt":{"rendered":"<p>\u00bfTe has preguntado alguna vez si compartir la cama con tus hijos es beneficioso o perjudicial? Esta pr\u00e1ctica, conocida como colecho, genera debates apasionados entre pediatras y padres. Mientras algunos lo consideran esencial para el desarrollo emocional, otros advierten sobre posibles riesgos. Descubramos lo que la ciencia realmente dice sobre este tema que afecta el &#8230; <a title=\"Dormir con mis hijos: as\u00ed descubr\u00ed c\u00f3mo 3 a\u00f1os de colecho cambiaron nuestra conexi\u00f3n emocional (y cu\u00e1ndo detenerlo)\" class=\"read-more\" href=\"https:\/\/www.journee-mondiale.com\/es\/dormir-con-mis-hijos-asi-descubri-como-3-anos-de-colecho-cambiaron-nuestra-conexion-emocional-y-cuando-detenerlo\/\" aria-label=\"Leer m\u00e1s sobre Dormir con mis hijos: as\u00ed descubr\u00ed c\u00f3mo 3 a\u00f1os de colecho cambiaron nuestra conexi\u00f3n emocional (y cu\u00e1ndo detenerlo)\">Lire plus<\/a><\/p>\n","protected":false},"author":1,"featured_media":12436,"comment_status":"","ping_status":"","sticky":false,"template":"","format":"standard","meta":{"footnotes":""},"categories":[52],"tags":[],"class_list":["post-12437","post","type-post","status-publish","format-standard","has-post-thumbnail","hentry","category-salud"],"acf":[],"_yoast_wpseo_primary_category":null,"_yoast_wpseo_title":null,"_yoast_wpseo_metadesc":null,"_links":{"self":[{"href":"https:\/\/www.journee-mondiale.com\/es\/wp-json\/wp\/v2\/posts\/12437","targetHints":{"allow":["GET"]}}],"collection":[{"href":"https:\/\/www.journee-mondiale.com\/es\/wp-json\/wp\/v2\/posts"}],"about":[{"href":"https:\/\/www.journee-mondiale.com\/es\/wp-json\/wp\/v2\/types\/post"}],"author":[{"embeddable":true,"href":"https:\/\/www.journee-mondiale.com\/es\/wp-json\/wp\/v2\/users\/1"}],"replies":[{"embeddable":true,"href":"https:\/\/www.journee-mondiale.com\/es\/wp-json\/wp\/v2\/comments?post=12437"}],"version-history":[{"count":0,"href":"https:\/\/www.journee-mondiale.com\/es\/wp-json\/wp\/v2\/posts\/12437\/revisions"}],"wp:featuredmedia":[{"embeddable":true,"href":"https:\/\/www.journee-mondiale.com\/es\/wp-json\/wp\/v2\/media\/12436"}],"wp:attachment":[{"href":"https:\/\/www.journee-mondiale.com\/es\/wp-json\/wp\/v2\/media?parent=12437"}],"wp:term":[{"taxonomy":"category","embeddable":true,"href":"https:\/\/www.journee-mondiale.com\/es\/wp-json\/wp\/v2\/categories?post=12437"},{"taxonomy":"post_tag","embeddable":true,"href":"https:\/\/www.journee-mondiale.com\/es\/wp-json\/wp\/v2\/tags?post=12437"}],"curies":[{"name":"wp","href":"https:\/\/api.w.org\/{rel}","templated":true}]}}