{"id":12432,"date":"2025-03-26T12:06:24","date_gmt":"2025-03-26T11:06:24","guid":{"rendered":"https:\/\/www.journee-mondiale.com\/es\/probe-la-cuchara-con-crema-nivea-en-mi-cara-durante-3-semanas-asi-cambio-mi-piel-este-mayo-y-mi-dermato-quedo-sorprendida\/"},"modified":"2025-03-26T12:06:24","modified_gmt":"2025-03-26T11:06:24","slug":"probe-la-cuchara-con-crema-nivea-en-mi-cara-durante-3-semanas-asi-cambio-mi-piel-este-mayo-y-mi-dermato-quedo-sorprendida","status":"publish","type":"post","link":"https:\/\/www.journee-mondiale.com\/es\/probe-la-cuchara-con-crema-nivea-en-mi-cara-durante-3-semanas-asi-cambio-mi-piel-este-mayo-y-mi-dermato-quedo-sorprendida\/","title":{"rendered":"Prob\u00e9 la cuchara con crema Nivea en mi cara durante 3 semanas: as\u00ed cambi\u00f3 mi piel este mayo (y mi dermat\u00f3 qued\u00f3 sorprendida)"},"content":{"rendered":"<p>Esta primavera, una t\u00e9cnica de belleza <strong>ancestral reinventada<\/strong> est\u00e1 causando furor en Espa\u00f1a. El truco de la cuchara con crema Nivea, un m\u00e9todo sencillo pero sorprendentemente efectivo para combatir las arrugas, ha conquistado a miles de espa\u00f1oles que buscan alternativas naturales a los costosos tratamientos est\u00e9ticos. \u00bfPor qu\u00e9 esta combinaci\u00f3n tan simple est\u00e1 revolucionando el cuidado facial esta temporada?<\/p>\n<h2>La ciencia detr\u00e1s del m\u00e9todo que est\u00e1 transformando rostros<\/h2>\n<p>El secreto de esta t\u00e9cnica reside en la combinaci\u00f3n de dos elementos fundamentales: el fr\u00edo de la cuchara, que aporta <strong>beneficios criog\u00e9nicos<\/strong>, y los principios activos de la tradicional crema Nivea de lata azul. \u00abEsta t\u00e9cnica aprovecha los principios de la crioterapia facial para estimular la circulaci\u00f3n sangu\u00ednea y reducir la inflamaci\u00f3n, dos factores clave en la formaci\u00f3n de arrugas\u00bb, explica la Dra. Elena M\u00e1rquez, dermat\u00f3loga del Centro Dermatol\u00f3gico de Madrid.<\/p>\n<p>Al igual que ocurre con nuestro <a href=\"https:\/\/www.journee-mondiale.com\/es\/transforme-mi-cabello-fino-esta-primavera-3-tecnicas-que-me-dieron-volumen-real-el-secado-invertido-cambio-todo\/\" target=\"_blank\">cabello fino que necesita t\u00e9cnicas espec\u00edficas<\/a>, nuestra piel tambi\u00e9n requiere m\u00e9todos adaptados a sus necesidades espec\u00edficas, especialmente durante los cambios estacionales.<\/p>\n<h2>El ritual paso a paso que est\u00e1 revitalizando rostros este 2025<\/h2>\n<p>El procedimiento consiste en <strong>tres simples pasos<\/strong> que cualquiera puede realizar en casa:<\/p>\n<ul>\n<li>Limpiar profundamente el rostro con agua tibia<\/li>\n<li>Aplicar generosamente la crema Nivea tradicional<\/li>\n<li>Masajear con movimientos ascendentes usando una cuchara previamente refrigerada<\/li>\n<\/ul>\n<p>\u00abEl masaje facial con la cuchara act\u00faa como un <strong>lifting natural<\/strong>, tonificando los m\u00fasculos faciales y estimulando la producci\u00f3n de col\u00e1geno\u00bb, comenta Yvette Pons, reconocida especialista en t\u00e9cnicas de masaje facial. La experta recomienda realizar este ritual durante 5-10 minutos, al menos tres veces por semana para resultados visibles.<\/p>\n<h2>Los ingredientes m\u00e1gicos de la crema Nivea que potencian el efecto<\/h2>\n<p>La tradicional crema Nivea de lata azul contiene <strong>componentes esenciales<\/strong> que la hacen perfecta para esta t\u00e9cnica:<\/p>\n<ul>\n<li>Pantenol, que hidrata profundamente las capas de la piel<\/li>\n<li>Vitamina E, un potente antioxidante natural<\/li>\n<li>Glicerina, que mantiene la hidrataci\u00f3n y elasticidad<\/li>\n<\/ul>\n<p>Es curioso c\u00f3mo el tiempo ha validado este producto, similar a como <a href=\"https:\/\/www.journee-mondiale.com\/es\/revele-5-vitaminas-que-salvaron-mi-cabello-esta-primavera-lo-que-mi-dermatologa-nunca-me-dijo-sobre-la-caida-estacional\/\" target=\"_blank\">ciertas vitaminas pueden transformar nuestro cabello<\/a> cuando se utilizan adecuadamente.<\/p>\n<h2>Testimonios que confirman su eficacia primaveral<\/h2>\n<p>Mar\u00eda Jim\u00e9nez, de 52 a\u00f1os, lleva tres semanas utilizando esta t\u00e9cnica: \u00abMis <strong>l\u00edneas de expresi\u00f3n<\/strong> se han reducido notablemente. Es como si mi piel hubiera despertado despu\u00e9s del invierno\u00bb. Al igual que Mar\u00eda, muchas personas est\u00e1n descubriendo que no necesitan recurrir a m\u00e9todos invasivos para mejorar su apariencia.<\/p>\n<p>Para quienes buscan una rutina de belleza integral, este m\u00e9todo se complementa perfectamente con <a href=\"https:\/\/www.journee-mondiale.com\/es\/transforme-mi-rostro-anguloso-con-el-contorneado-difuminado-mi-tecnica-de-maquillaje-para-esta-primavera-que-suavizo-mis-facciones-en-3-pasos\/\" target=\"_blank\">t\u00e9cnicas de maquillaje que suavizan facciones<\/a>, especialmente en esta temporada primaveral.<\/p>\n<h2>La democratizaci\u00f3n de la belleza: por qu\u00e9 triunfa en tiempos de crisis<\/h2>\n<p>En un contexto econ\u00f3mico complejo, esta t\u00e9cnica representa una <strong>alternativa accesible<\/strong> a tratamientos cosm\u00e9ticos caros. \u00abEs fascinante ver c\u00f3mo soluciones tan simples pueden proporcionar resultados comparables a tratamientos profesionales m\u00e1s costosos\u00bb, se\u00f1ala el Dr. Carlos Vega, especialista en medicina est\u00e9tica.<\/p>\n<p>La accesibilidad de estos ingredientes recuerda a otras soluciones pr\u00e1cticas como <a href=\"https:\/\/www.journee-mondiale.com\/es\/cremas-depilatorias-faciales-mi-descubrimiento-que-ahorra-45-minutos-semanales-y-elimina-el-vello-en-solo-5-minutos-esta-primavera\/\" target=\"_blank\">las cremas depilatorias que transforman rutinas de belleza<\/a> ahorrando tiempo y dinero.<\/p>\n<h2>\u00bfEst\u00e1n tus c\u00e9lulas faciales esperando este est\u00edmulo primaveral?<\/h2>\n<p>Imagina tu piel como un jard\u00edn que despierta tras el invierno: necesita <strong>nutrici\u00f3n y est\u00edmulo<\/strong> para florecer. La combinaci\u00f3n del fr\u00edo y los ingredientes hidratantes act\u00faa como la lluvia y el sol para ese jard\u00edn, reactivando procesos celulares que rejuvenecen naturalmente tu rostro.<\/p>\n<p>Al igual que existen <a href=\"https:\/\/www.journee-mondiale.com\/es\/como-transforme-mi-cabello-fino-en-3-semanas-el-metodo-del-secado-invertido-que-triplico-mi-volumen-y-nadie-me-habia-contado\/\" target=\"_blank\">m\u00e9todos que transforman el cabello fino en pocas semanas<\/a>, esta t\u00e9cnica tambi\u00e9n ofrece resultados visibles en un per\u00edodo relativamente corto, transformando la elasticidad y luminosidad de tu piel esta primavera.<\/p>\n","protected":false},"excerpt":{"rendered":"<p>Esta primavera, una t\u00e9cnica de belleza ancestral reinventada est\u00e1 causando furor en Espa\u00f1a. El truco de la cuchara con crema Nivea, un m\u00e9todo sencillo pero sorprendentemente efectivo para combatir las arrugas, ha conquistado a miles de espa\u00f1oles que buscan alternativas naturales a los costosos tratamientos est\u00e9ticos. \u00bfPor qu\u00e9 esta combinaci\u00f3n tan simple est\u00e1 revolucionando el &#8230; <a title=\"Prob\u00e9 la cuchara con crema Nivea en mi cara durante 3 semanas: as\u00ed cambi\u00f3 mi piel este mayo (y mi dermat\u00f3 qued\u00f3 sorprendida)\" class=\"read-more\" href=\"https:\/\/www.journee-mondiale.com\/es\/probe-la-cuchara-con-crema-nivea-en-mi-cara-durante-3-semanas-asi-cambio-mi-piel-este-mayo-y-mi-dermato-quedo-sorprendida\/\" aria-label=\"Leer m\u00e1s sobre Prob\u00e9 la cuchara con crema Nivea en mi cara durante 3 semanas: as\u00ed cambi\u00f3 mi piel este mayo (y mi dermat\u00f3 qued\u00f3 sorprendida)\">Lire plus<\/a><\/p>\n","protected":false},"author":1,"featured_media":12431,"comment_status":"","ping_status":"","sticky":false,"template":"","format":"standard","meta":{"footnotes":""},"categories":[48],"tags":[],"class_list":["post-12432","post","type-post","status-publish","format-standard","has-post-thumbnail","hentry","category-estilo-de-vida"],"acf":[],"_yoast_wpseo_primary_category":null,"_yoast_wpseo_title":null,"_yoast_wpseo_metadesc":null,"_links":{"self":[{"href":"https:\/\/www.journee-mondiale.com\/es\/wp-json\/wp\/v2\/posts\/12432","targetHints":{"allow":["GET"]}}],"collection":[{"href":"https:\/\/www.journee-mondiale.com\/es\/wp-json\/wp\/v2\/posts"}],"about":[{"href":"https:\/\/www.journee-mondiale.com\/es\/wp-json\/wp\/v2\/types\/post"}],"author":[{"embeddable":true,"href":"https:\/\/www.journee-mondiale.com\/es\/wp-json\/wp\/v2\/users\/1"}],"replies":[{"embeddable":true,"href":"https:\/\/www.journee-mondiale.com\/es\/wp-json\/wp\/v2\/comments?post=12432"}],"version-history":[{"count":0,"href":"https:\/\/www.journee-mondiale.com\/es\/wp-json\/wp\/v2\/posts\/12432\/revisions"}],"wp:featuredmedia":[{"embeddable":true,"href":"https:\/\/www.journee-mondiale.com\/es\/wp-json\/wp\/v2\/media\/12431"}],"wp:attachment":[{"href":"https:\/\/www.journee-mondiale.com\/es\/wp-json\/wp\/v2\/media?parent=12432"}],"wp:term":[{"taxonomy":"category","embeddable":true,"href":"https:\/\/www.journee-mondiale.com\/es\/wp-json\/wp\/v2\/categories?post=12432"},{"taxonomy":"post_tag","embeddable":true,"href":"https:\/\/www.journee-mondiale.com\/es\/wp-json\/wp\/v2\/tags?post=12432"}],"curies":[{"name":"wp","href":"https:\/\/api.w.org\/{rel}","templated":true}]}}