{"id":12426,"date":"2025-03-26T08:05:35","date_gmt":"2025-03-26T07:05:35","guid":{"rendered":"https:\/\/www.journee-mondiale.com\/es\/el-bob-corto-que-rejuvenece-mi-rostro-a-los-50-asi-cambio-mi-apariencia-en-solo-3-dias-y-requiere-minimo-mantenimiento\/"},"modified":"2025-03-26T08:05:35","modified_gmt":"2025-03-26T07:05:35","slug":"el-bob-corto-que-rejuvenece-mi-rostro-a-los-50-asi-cambio-mi-apariencia-en-solo-3-dias-y-requiere-minimo-mantenimiento","status":"publish","type":"post","link":"https:\/\/www.journee-mondiale.com\/es\/el-bob-corto-que-rejuvenece-mi-rostro-a-los-50-asi-cambio-mi-apariencia-en-solo-3-dias-y-requiere-minimo-mantenimiento\/","title":{"rendered":"El bob corto que rejuvenece mi rostro a los 50: as\u00ed cambi\u00f3 mi apariencia en solo 3 d\u00edas (y requiere m\u00ednimo mantenimiento)"},"content":{"rendered":"<p>La b\u00fasqueda del estilo perfecto que nos defina pero a la vez nos rejuvenezca puede ser todo un desaf\u00edo. Hoy descubrimos por qu\u00e9 el <strong>bob corto con mechones livianos<\/strong> se ha convertido en el aliado perfecto para quienes buscan un look sofisticado que celebra la feminidad y abraza la edad con elegancia. Esta primavera 2025, este corte revoluciona las tendencias con su versatilidad \u00fanica.<\/p>\n<h2>El renacimiento del bob: m\u00e1s ligero y din\u00e1mico que nunca<\/h2>\n<p>El cl\u00e1sico bob ha evolucionado hacia versiones m\u00e1s livianas que aportan movimiento y frescura. \u00ab<strong>Los mechones ligeros estrat\u00e9gicamente colocados crean una armon\u00eda visual que suaviza los rasgos y aporta luminosidad al rostro<\/strong>\u00ab, explica Isabel Mart\u00ednez, directora creativa de Peluquer\u00eda \u00c9lite Madrid. Este efecto rejuvenecedor funciona como un \u00abmarco ligero\u00bb que redibuja las facciones sin caer en lo juvenil extremo.<\/p>\n<p>La magia de este estilo reside en su capacidad para adaptarse a diferentes tipos de cabello. Para las melenas finas, <a href=\"https:\/\/www.journee-mondiale.com\/es\/transforme-mi-cabello-fino-esta-primavera-3-tecnicas-que-me-dieron-volumen-real-el-secado-invertido-cambio-todo\/\" target=\"_blank\">las t\u00e9cnicas de volumen<\/a> combinadas con este corte pueden transformar completamente la apariencia.<\/p>\n<h2>Por qu\u00e9 triunfa entre mujeres de todas las edades<\/h2>\n<p>Este estilo ha conquistado tanto a j\u00f3venes como a mujeres maduras por tres razones fundamentales:<\/p>\n<ul>\n<li><strong>Versatilidad<\/strong> para adaptarse a diferentes texturas y tipos de rostro<\/li>\n<li>Mantenimiento <strong>sencillo<\/strong> que requiere m\u00ednimo tiempo de peinado<\/li>\n<li>Efecto <strong>rejuvenecedor<\/strong> sin caer en estilos infantilizados<\/li>\n<\/ul>\n<p>Mar\u00eda S\u00e1nchez, estilista con 25 a\u00f1os de experiencia, afirma: \u00abEs como tener un lifting natural. Los mechones livianos act\u00faan como peque\u00f1as cortinas de luz que iluminan zonas estrat\u00e9gicas del rostro, desviando la atenci\u00f3n de las l\u00edneas de expresi\u00f3n\u00bb.<\/p>\n<h2>La t\u00e9cnica detr\u00e1s del corte perfecto<\/h2>\n<p>No todos los <strong>bobs cortos<\/strong> son iguales. La diferencia est\u00e1 en la t\u00e9cnica de <strong>texturizado selectivo<\/strong> que se aplica para crear esos mechones livianos que dan movimiento. A diferencia de un <a href=\"https:\/\/www.journee-mondiale.com\/es\/el-bob-rizado-que-cambio-mi-rutina-asi-dome-mi-volumen-rebelde-en-10-minutos-la-tecnica-que-no-esperaba\/\" target=\"_blank\">bob rizado<\/a>, esta versi\u00f3n juega con capas invisibles que dan volumen sin sacrificar longitud.<\/p>\n<h2>C\u00f3mo adaptarlo a tu tipo de rostro<\/h2>\n<p>Si tienes rostro ovalado, la longitud ideal roza la mand\u00edbula. Para caras redondas, un <strong>bob asim\u00e9trico ligeramente m\u00e1s largo<\/strong> estiliza visualmente. En rostros cuadrados, los mechones que caen suavemente sobre las mejillas suavizan los \u00e1ngulos.<\/p>\n<p>Esta primavera he notado c\u00f3mo muchas clientas <a href=\"https:\/\/www.journee-mondiale.com\/es\/como-transforme-mi-cabello-fino-en-3-semanas-el-metodo-del-secado-invertido-que-triplico-mi-volumen-y-nadie-me-habia-contado\/\" target=\"_blank\">con cabello fino buscan opciones<\/a> para ganar volumen, y este corte es perfecto para ellas.<\/p>\n<h2>El secreto del peinado diario: menos es m\u00e1s<\/h2>\n<p>El <strong>estilizado<\/strong> de este bob es sorprendentemente sencillo. Los mejores resultados se consiguen con:<\/p>\n<ul>\n<li>Un <strong>secado con movimiento<\/strong> usando un cepillo redondo peque\u00f1o<\/li>\n<li>Productos ligeros que no apelmacen el cabello<\/li>\n<li>Toques finales con <strong>cera ligera<\/strong> solo en las puntas<\/li>\n<\/ul>\n<h2>La inspiraci\u00f3n que revoluciona esta primavera<\/h2>\n<p>Este 2025, el bob liviano se reinventa con influencias que fusionan lo cl\u00e1sico y lo moderno. Como un jard\u00edn primaveral, este corte florece con diferentes texturas y capas, <a href=\"https:\/\/www.journee-mondiale.com\/es\/los-5-cortes-para-pelo-rizado-que-dominan-la-primavera-2025-el-tercero-requiere-70-menos-mantenimiento-diario\/\" target=\"_blank\">adapt\u00e1ndose incluso a cabellos rizados<\/a> con t\u00e9cnicas especializadas.<\/p>\n<h2>La prueba definitiva: transformaci\u00f3n en 3 d\u00edas<\/h2>\n<p>Carmen, clienta de 54 a\u00f1os, comparti\u00f3 su experiencia: \u00abTras d\u00e9cadas de llevar el pelo largo por miedo al cambio, <a href=\"https:\/\/www.journee-mondiale.com\/es\/probe-5-tipos-de-peinado-universal-y-este-cambio-mi-rostro-en-solo-3-dias-el-resultado-me-sorprendio\/\" target=\"_blank\">prob\u00e9 este bob y fue como quitarme a\u00f1os de encima<\/a>. Es como si mi rostro hubiera encontrado su marco perfecto\u00bb.<\/p>\n<h2>\u00bfLista para abrazar tu edad con estilo y sofisticaci\u00f3n?<\/h2>\n<p>El <strong>bob corto con mechones livianos<\/strong> no es solo un corte de pelo; es una declaraci\u00f3n de autoconfianza. Como un buen vino, algunas cosas mejoran con los a\u00f1os, y tu estilo puede ser una de ellas. Esta primavera, atr\u00e9vete a descubrir c\u00f3mo la ligereza puede transformar tu imagen mientras celebras cada etapa con la elegancia que mereces.<\/p>\n","protected":false},"excerpt":{"rendered":"<p>La b\u00fasqueda del estilo perfecto que nos defina pero a la vez nos rejuvenezca puede ser todo un desaf\u00edo. Hoy descubrimos por qu\u00e9 el bob corto con mechones livianos se ha convertido en el aliado perfecto para quienes buscan un look sofisticado que celebra la feminidad y abraza la edad con elegancia. Esta primavera 2025, &#8230; <a title=\"El bob corto que rejuvenece mi rostro a los 50: as\u00ed cambi\u00f3 mi apariencia en solo 3 d\u00edas (y requiere m\u00ednimo mantenimiento)\" class=\"read-more\" href=\"https:\/\/www.journee-mondiale.com\/es\/el-bob-corto-que-rejuvenece-mi-rostro-a-los-50-asi-cambio-mi-apariencia-en-solo-3-dias-y-requiere-minimo-mantenimiento\/\" aria-label=\"Leer m\u00e1s sobre El bob corto que rejuvenece mi rostro a los 50: as\u00ed cambi\u00f3 mi apariencia en solo 3 d\u00edas (y requiere m\u00ednimo mantenimiento)\">Lire plus<\/a><\/p>\n","protected":false},"author":1,"featured_media":12425,"comment_status":"","ping_status":"","sticky":false,"template":"","format":"standard","meta":{"footnotes":""},"categories":[48],"tags":[],"class_list":["post-12426","post","type-post","status-publish","format-standard","has-post-thumbnail","hentry","category-estilo-de-vida"],"acf":[],"_yoast_wpseo_primary_category":null,"_yoast_wpseo_title":null,"_yoast_wpseo_metadesc":null,"_links":{"self":[{"href":"https:\/\/www.journee-mondiale.com\/es\/wp-json\/wp\/v2\/posts\/12426","targetHints":{"allow":["GET"]}}],"collection":[{"href":"https:\/\/www.journee-mondiale.com\/es\/wp-json\/wp\/v2\/posts"}],"about":[{"href":"https:\/\/www.journee-mondiale.com\/es\/wp-json\/wp\/v2\/types\/post"}],"author":[{"embeddable":true,"href":"https:\/\/www.journee-mondiale.com\/es\/wp-json\/wp\/v2\/users\/1"}],"replies":[{"embeddable":true,"href":"https:\/\/www.journee-mondiale.com\/es\/wp-json\/wp\/v2\/comments?post=12426"}],"version-history":[{"count":0,"href":"https:\/\/www.journee-mondiale.com\/es\/wp-json\/wp\/v2\/posts\/12426\/revisions"}],"wp:featuredmedia":[{"embeddable":true,"href":"https:\/\/www.journee-mondiale.com\/es\/wp-json\/wp\/v2\/media\/12425"}],"wp:attachment":[{"href":"https:\/\/www.journee-mondiale.com\/es\/wp-json\/wp\/v2\/media?parent=12426"}],"wp:term":[{"taxonomy":"category","embeddable":true,"href":"https:\/\/www.journee-mondiale.com\/es\/wp-json\/wp\/v2\/categories?post=12426"},{"taxonomy":"post_tag","embeddable":true,"href":"https:\/\/www.journee-mondiale.com\/es\/wp-json\/wp\/v2\/tags?post=12426"}],"curies":[{"name":"wp","href":"https:\/\/api.w.org\/{rel}","templated":true}]}}