{"id":12424,"date":"2025-03-26T07:05:43","date_gmt":"2025-03-26T06:05:43","guid":{"rendered":"https:\/\/www.journee-mondiale.com\/es\/los-recogidos-con-trenza-que-salvaron-mi-look-en-3-bodas-de-primavera-el-mono-trenzado-cambio-todo\/"},"modified":"2025-03-26T07:05:43","modified_gmt":"2025-03-26T06:05:43","slug":"los-recogidos-con-trenza-que-salvaron-mi-look-en-3-bodas-de-primavera-el-mono-trenzado-cambio-todo","status":"publish","type":"post","link":"https:\/\/www.journee-mondiale.com\/es\/los-recogidos-con-trenza-que-salvaron-mi-look-en-3-bodas-de-primavera-el-mono-trenzado-cambio-todo\/","title":{"rendered":"Los recogidos con trenza que salvaron mi look en 3 bodas de primavera (el mo\u00f1o trenzado cambi\u00f3 todo&#8230;)"},"content":{"rendered":"<p>La primavera est\u00e1 en pleno apogeo y con ella llega la <strong>temporada de bodas<\/strong>. Si has recibido invitaciones y te preguntas c\u00f3mo lucir espectacular sin complicaciones, los recogidos con trenza son tu mejor aliado para esta primavera-verano 2025. Estos peinados no solo son elegantes, sino que ofrecen versatilidad y durabilidad para disfrutar de la celebraci\u00f3n sin preocupaciones.<\/p>\n<h2>El mo\u00f1o trenzado: elegancia atemporal con un toque moderno<\/h2>\n<p>El <strong>mo\u00f1o trenzado<\/strong> se ha consolidado como uno de los peinados m\u00e1s solicitados este a\u00f1o. \u00abEs una combinaci\u00f3n perfecta de tradici\u00f3n y creatividad, ideal para resaltar las facciones y aportar un toque \u00fanico al look de cualquier invitada\u00bb, explica Carmen D\u00edaz, estilista del sal\u00f3n Trendy Hair Madrid.<\/p>\n<p>Este peinado no solo es visualmente impactante, sino tambi\u00e9n <strong>pr\u00e1ctico y duradero<\/strong>, permiti\u00e9ndote disfrutar de la celebraci\u00f3n desde la ceremonia hasta el \u00faltimo baile sin tener que preocuparte por retoques constantes.<\/p>\n<h2>Semirrecogidos con trenza: la opci\u00f3n m\u00e1s vers\u00e1til para la primavera<\/h2>\n<p>Para quienes prefieren un estilo m\u00e1s relajado pero igualmente sofisticado, los <strong>semirrecogidos con trenzas<\/strong> son perfectos, especialmente para <a href=\"https:\/\/www.journee-mondiale.com\/es\/el-bob-rizado-que-cambio-mi-look-3-meses-con-el-peinado-que-domina-la-primavera-2025-y-como-mantener-el-volumen-perfecto\/\" target=\"_blank\">cabellos con ondas naturales<\/a>. Trenzar solo los mechones frontales y sujetarlos en la parte posterior crea un efecto rom\u00e1ntico ideal para bodas al aire libre.<\/p>\n<p>\u00abLa ventaja de este estilo es que funciona en todo tipo de cabellos, incluso en <a href=\"https:\/\/www.journee-mondiale.com\/es\/transforme-mi-cabello-fino-esta-primavera-3-tecnicas-que-me-dieron-volumen-real-el-secado-invertido-cambio-todo\/\" target=\"_blank\">melenas finas<\/a>, aportando volumen y textura\u00bb, asegura Mar\u00eda L\u00f3pez, directora de la academia de peluquer\u00eda Estilo 2025.<\/p>\n<h2>Trenzas con accesorios: el detalle que marca la diferencia<\/h2>\n<p>Esta primavera 2025, los <strong>lazos y flores<\/strong> se han convertido en el complemento imprescindible para elevar cualquier recogido con trenza. Un lazo de terciopelo aporta sofisticaci\u00f3n, mientras que las flores naturales crean un efecto bohemio perfecto para bodas campestres.<\/p>\n<blockquote><p>Las flores peque\u00f1as intercaladas en una trenza lateral pueden transformar un peinado b\u00e1sico en algo extraordinario, siendo adem\u00e1s una opci\u00f3n sostenible y natural para quienes buscan alternativas a los accesorios tradicionales.<\/p><\/blockquote>\n<h2>Innovaciones 2025: trenzas con cuerdas y materiales inesperados<\/h2>\n<p>La <strong>tendencia m\u00e1s innovadora<\/strong> de esta temporada incorpora elementos como cordones o cuerdas entrelazadas en las trenzas. Este estilo buc\u00f3lico requiere cierta pericia, pero el resultado es absolutamente diferenciador y perfecto para quienes buscan originalidad.<\/p>\n<p>Prueba a combinar esta t\u00e9cnica con <a href=\"https:\/\/www.journee-mondiale.com\/es\/transforme-mi-cabello-esta-primavera-con-tintes-temporales-70-menos-dano-y-colores-que-se-van-en-5-lavados\/\" target=\"_blank\">tintes temporales<\/a> para lograr un efecto a\u00fan m\u00e1s impactante y personalizado.<\/p>\n<h2>Consejos para que tu peinado dure toda la celebraci\u00f3n<\/h2>\n<ul>\n<li>Prepara tu cabello con productos <strong>texturizantes<\/strong> el d\u00eda anterior<\/li>\n<li>Utiliza horquillas de calidad que combinen con tu color de pelo<\/li>\n<li>Aplica fijador en spray a 30 cm de distancia para un acabado natural<\/li>\n<\/ul>\n<h2>Peinados r\u00e1pidos para invitadas con poco tiempo<\/h2>\n<p>\u00bfSin tiempo para ir a la peluquer\u00eda? Los <a href=\"https:\/\/www.journee-mondiale.com\/es\/probe-5-tipos-de-peinado-universal-y-este-cambio-mi-rostro-en-solo-3-dias-el-resultado-me-sorprendio\/\" target=\"_blank\">peinados universales<\/a> con trenzas pueden ser tu salvaci\u00f3n. Una <strong>trenza lateral convertida en mo\u00f1o bajo<\/strong> se puede realizar en menos de 15 minutos y queda incre\u00edblemente elegante.<\/p>\n<p>Las trenzas boxeadoras parciales son otra alternativa r\u00e1pida que funciona incluso para <a href=\"https:\/\/www.journee-mondiale.com\/es\/los-5-cortes-para-pelo-rizado-que-dominan-la-primavera-2025-el-tercero-requiere-70-menos-mantenimiento-diario\/\" target=\"_blank\">cabello rizado<\/a>, aportando un toque contempor\u00e1neo al look de invitada.<\/p>\n<h2>\u00bfC\u00f3mo adaptar estos peinados a tu tipo de rostro?<\/h2>\n<p>Para rostros redondos, las <strong>trenzas con volumen en la corona<\/strong> alargan visualmente las facciones. En cambio, los rostros alargados se benefician de trenzas laterales que aportan anchura. Recuerda que la clave est\u00e1 en equilibrar tus rasgos naturales con el estilo del peinado.<\/p>\n<p>Estos recogidos con trenzas no son solo tendencia esta primavera 2025, sino una inversi\u00f3n segura para cualquier invitada que busque destacar con elegancia y personalidad. \u00bfTe atrever\u00e1s a convertir una simple trenza en el complemento perfecto para tu pr\u00f3xima boda?<\/p>\n","protected":false},"excerpt":{"rendered":"<p>La primavera est\u00e1 en pleno apogeo y con ella llega la temporada de bodas. Si has recibido invitaciones y te preguntas c\u00f3mo lucir espectacular sin complicaciones, los recogidos con trenza son tu mejor aliado para esta primavera-verano 2025. Estos peinados no solo son elegantes, sino que ofrecen versatilidad y durabilidad para disfrutar de la celebraci\u00f3n &#8230; <a title=\"Los recogidos con trenza que salvaron mi look en 3 bodas de primavera (el mo\u00f1o trenzado cambi\u00f3 todo&#8230;)\" class=\"read-more\" href=\"https:\/\/www.journee-mondiale.com\/es\/los-recogidos-con-trenza-que-salvaron-mi-look-en-3-bodas-de-primavera-el-mono-trenzado-cambio-todo\/\" aria-label=\"Leer m\u00e1s sobre Los recogidos con trenza que salvaron mi look en 3 bodas de primavera (el mo\u00f1o trenzado cambi\u00f3 todo&#8230;)\">Lire plus<\/a><\/p>\n","protected":false},"author":1,"featured_media":12423,"comment_status":"","ping_status":"","sticky":false,"template":"","format":"standard","meta":{"footnotes":""},"categories":[48],"tags":[],"class_list":["post-12424","post","type-post","status-publish","format-standard","has-post-thumbnail","hentry","category-estilo-de-vida"],"acf":[],"_yoast_wpseo_primary_category":null,"_yoast_wpseo_title":null,"_yoast_wpseo_metadesc":null,"_links":{"self":[{"href":"https:\/\/www.journee-mondiale.com\/es\/wp-json\/wp\/v2\/posts\/12424","targetHints":{"allow":["GET"]}}],"collection":[{"href":"https:\/\/www.journee-mondiale.com\/es\/wp-json\/wp\/v2\/posts"}],"about":[{"href":"https:\/\/www.journee-mondiale.com\/es\/wp-json\/wp\/v2\/types\/post"}],"author":[{"embeddable":true,"href":"https:\/\/www.journee-mondiale.com\/es\/wp-json\/wp\/v2\/users\/1"}],"replies":[{"embeddable":true,"href":"https:\/\/www.journee-mondiale.com\/es\/wp-json\/wp\/v2\/comments?post=12424"}],"version-history":[{"count":0,"href":"https:\/\/www.journee-mondiale.com\/es\/wp-json\/wp\/v2\/posts\/12424\/revisions"}],"wp:featuredmedia":[{"embeddable":true,"href":"https:\/\/www.journee-mondiale.com\/es\/wp-json\/wp\/v2\/media\/12423"}],"wp:attachment":[{"href":"https:\/\/www.journee-mondiale.com\/es\/wp-json\/wp\/v2\/media?parent=12424"}],"wp:term":[{"taxonomy":"category","embeddable":true,"href":"https:\/\/www.journee-mondiale.com\/es\/wp-json\/wp\/v2\/categories?post=12424"},{"taxonomy":"post_tag","embeddable":true,"href":"https:\/\/www.journee-mondiale.com\/es\/wp-json\/wp\/v2\/tags?post=12424"}],"curies":[{"name":"wp","href":"https:\/\/api.w.org\/{rel}","templated":true}]}}