{"id":12418,"date":"2025-03-25T18:00:24","date_gmt":"2025-03-25T17:00:24","guid":{"rendered":"https:\/\/www.journee-mondiale.com\/es\/el-corte-de-cabello-que-transforma-la-densidad-capilar-lo-que-la-mayoria-desconoce-y-cambiara-tu-primavera-2025\/"},"modified":"2025-03-25T18:00:24","modified_gmt":"2025-03-25T17:00:24","slug":"el-corte-de-cabello-que-transforma-la-densidad-capilar-lo-que-la-mayoria-desconoce-y-cambiara-tu-primavera-2025","status":"publish","type":"post","link":"https:\/\/www.journee-mondiale.com\/es\/el-corte-de-cabello-que-transforma-la-densidad-capilar-lo-que-la-mayoria-desconoce-y-cambiara-tu-primavera-2025\/","title":{"rendered":"El corte de cabello que transforma la densidad capilar: lo que la mayor\u00eda desconoce (y cambiar\u00e1 tu primavera 2025&#8230;)"},"content":{"rendered":"<p>Elegir el corte ideal para tu cabello no es cuesti\u00f3n de seguir tendencias pasajeras, sino de entender las necesidades espec\u00edficas de tu melena. La <strong>densidad capilar<\/strong> es uno de los factores m\u00e1s determinantes para conseguir un look que no solo te favorezca, sino que tambi\u00e9n sea f\u00e1cil de mantener. Con la llegada de la primavera 2025, es el momento perfecto para renovar tu imagen con un corte que potencie la belleza natural de tu cabello.<\/p>\n<h2>\u00bfQu\u00e9 significa realmente la densidad del cabello?<\/h2>\n<p>Antes de elegir tu pr\u00f3ximo corte, es fundamental entender qu\u00e9 es la densidad capilar. \u00abLa densidad no se refiere al grosor de cada hebra, sino a cu\u00e1ntos cabellos tienes por cent\u00edmetro cuadrado de cuero cabelludo\u00bb, explica <strong>Elena Mart\u00ednez<\/strong>, directora creativa del Sal\u00f3n Belleza Madrid. \u00abEs como un bosque: puede tener \u00e1rboles gruesos pero espaciados, o finos pero muy juntos\u00bb.<\/p>\n<h2>Cabello de baja densidad: c\u00f3mo crear volumen sin esfuerzo<\/h2>\n<p>Si puedes ver f\u00e1cilmente tu cuero cabelludo, probablemente tengas <strong>baja densidad capilar<\/strong>. Para este tipo de cabello, los cortes rectos y contundentes son tus mejores aliados. El <a href=\"https:\/\/www.journee-mondiale.com\/es\/el-corte-que-esta-cambiando-mi-cabello-esta-primavera-probe-el-tapered-y-esto-ocurrio-despues-de-15-dias\/\" target=\"_blank\">corte tapered<\/a> est\u00e1 revolucionando la primavera por su capacidad para crear volumen desde la ra\u00edz.<\/p>\n<blockquote><p>\u00abUn corte recto a la altura de los hombros puede hacer maravillas en cabello fino. Evita las capas excesivas que pueden hacer que las puntas parezcan m\u00e1s escasas\u00bb, recomienda Mart\u00ednez.<\/p><\/blockquote>\n<p>Para maximizar el volumen en cabellos de baja densidad:<\/p>\n<ul>\n<li>Opta por <strong>longitudes medias o cortas<\/strong> que no pesen sobre la ra\u00edz<\/li>\n<li>Elige cortes con pocas capas y contornos definidos<\/li>\n<li>Considera t\u00e9cnicas como el <a href=\"https:\/\/www.journee-mondiale.com\/es\/como-transforme-mi-cabello-fino-en-3-semanas-el-metodo-del-secado-invertido-que-triplico-mi-volumen-y-nadie-me-habia-contado\/\" target=\"_blank\">secado invertido<\/a> para triplicar el volumen<\/li>\n<\/ul>\n<h2>Densidad media: el terreno de las infinitas posibilidades<\/h2>\n<p>El cabello de <strong>densidad media<\/strong> es como un lienzo en blanco para cualquier estilista. Permite experimentar con pr\u00e1cticamente cualquier corte, desde melenas largas hasta pixies atrevidos. La clave est\u00e1 en adaptar el estilo a la forma de tu rostro y a tu rutina diaria.<\/p>\n<p>Una tendencia que est\u00e1 arrasando esta primavera es el <a href=\"https:\/\/www.journee-mondiale.com\/es\/el-bob-rizado-que-cambio-mi-rutina-asi-dome-mi-volumen-rebelde-en-10-minutos-la-tecnica-que-no-esperaba\/\" target=\"_blank\">bob rizado<\/a>, ideal para dominar melenas con volumen rebelde y aportar movimiento sin sacrificar estilo.<\/p>\n<h2>Alta densidad: domando la abundancia capilar<\/h2>\n<p>Tener una <strong>alta densidad<\/strong> puede ser una bendici\u00f3n y un reto. \u00abEl cabello muy denso es como un jard\u00edn exuberante: precioso, pero necesita podarse estrat\u00e9gicamente para lucir su mejor versi\u00f3n\u00bb, comenta <strong>Carlos Vidal<\/strong>, estilista especializado en cabellos gruesos.<\/p>\n<p>Para cabellos de alta densidad, considera:<\/p>\n<ul>\n<li>Cortes con <strong>capas internas<\/strong> que eliminen peso sin sacrificar longitud<\/li>\n<li>Degradados que distribuyan el volumen de forma armoniosa<\/li>\n<li>T\u00e9cnicas de texturizaci\u00f3n que suavicen la silueta general<\/li>\n<\/ul>\n<h2>\u00bfC\u00f3mo transformar tu rutina esta primavera?<\/h2>\n<p>Si tienes cabello fino y sue\u00f1as con m\u00e1s volumen, <a href=\"https:\/\/www.journee-mondiale.com\/es\/transforme-mi-cabello-fino-esta-primavera-3-tecnicas-que-me-dieron-volumen-real-el-secado-invertido-cambio-todo\/\" target=\"_blank\">estas t\u00e9cnicas de volumen real<\/a> podr\u00edan revolucionar tu rutina. Por otro lado, quienes buscan versatilidad sin complicaciones pueden explorar <a href=\"https:\/\/www.journee-mondiale.com\/es\/probe-5-tipos-de-peinado-universal-y-este-cambio-mi-rostro-en-solo-3-dias-el-resultado-me-sorprendio\/\" target=\"_blank\">peinados universales<\/a> que favorecen independientemente de la densidad.<\/p>\n<blockquote><p>\u00abEl mejor corte es aquel que te hace sentir c\u00f3moda cuando sales de la ducha, sin necesidad de productos o herramientas\u00bb, asegura Vidal.<\/p><\/blockquote>\n<h2>\u00bfY si mi cabello cambia con las estaciones?<\/h2>\n<p>Un fen\u00f3meno com\u00fan pero poco comentado es c\u00f3mo la <strong>densidad capilar<\/strong> puede fluctuar con los cambios estacionales. Muchas personas experimentan mayor ca\u00edda en oto\u00f1o y mayor densidad en primavera, como un \u00e1rbol que renueva su follaje. Elegir un corte que se adapte a estos ciclos naturales garantizar\u00e1 que luzcas espectacular todo el a\u00f1o.<\/p>\n<p>Tu cabello es tan \u00fanico como t\u00fa. \u00bfEst\u00e1s lista para descubrir el corte que realmente potenciar\u00e1 su belleza natural esta primavera? La respuesta est\u00e1 en entender y abrazar su densidad particular.<\/p>\n","protected":false},"excerpt":{"rendered":"<p>Elegir el corte ideal para tu cabello no es cuesti\u00f3n de seguir tendencias pasajeras, sino de entender las necesidades espec\u00edficas de tu melena. La densidad capilar es uno de los factores m\u00e1s determinantes para conseguir un look que no solo te favorezca, sino que tambi\u00e9n sea f\u00e1cil de mantener. Con la llegada de la primavera &#8230; <a title=\"El corte de cabello que transforma la densidad capilar: lo que la mayor\u00eda desconoce (y cambiar\u00e1 tu primavera 2025&#8230;)\" class=\"read-more\" href=\"https:\/\/www.journee-mondiale.com\/es\/el-corte-de-cabello-que-transforma-la-densidad-capilar-lo-que-la-mayoria-desconoce-y-cambiara-tu-primavera-2025\/\" aria-label=\"Leer m\u00e1s sobre El corte de cabello que transforma la densidad capilar: lo que la mayor\u00eda desconoce (y cambiar\u00e1 tu primavera 2025&#8230;)\">Lire plus<\/a><\/p>\n","protected":false},"author":1,"featured_media":12417,"comment_status":"","ping_status":"","sticky":false,"template":"","format":"standard","meta":{"footnotes":""},"categories":[48],"tags":[],"class_list":["post-12418","post","type-post","status-publish","format-standard","has-post-thumbnail","hentry","category-estilo-de-vida"],"acf":[],"_yoast_wpseo_primary_category":null,"_yoast_wpseo_title":null,"_yoast_wpseo_metadesc":null,"_links":{"self":[{"href":"https:\/\/www.journee-mondiale.com\/es\/wp-json\/wp\/v2\/posts\/12418","targetHints":{"allow":["GET"]}}],"collection":[{"href":"https:\/\/www.journee-mondiale.com\/es\/wp-json\/wp\/v2\/posts"}],"about":[{"href":"https:\/\/www.journee-mondiale.com\/es\/wp-json\/wp\/v2\/types\/post"}],"author":[{"embeddable":true,"href":"https:\/\/www.journee-mondiale.com\/es\/wp-json\/wp\/v2\/users\/1"}],"replies":[{"embeddable":true,"href":"https:\/\/www.journee-mondiale.com\/es\/wp-json\/wp\/v2\/comments?post=12418"}],"version-history":[{"count":0,"href":"https:\/\/www.journee-mondiale.com\/es\/wp-json\/wp\/v2\/posts\/12418\/revisions"}],"wp:featuredmedia":[{"embeddable":true,"href":"https:\/\/www.journee-mondiale.com\/es\/wp-json\/wp\/v2\/media\/12417"}],"wp:attachment":[{"href":"https:\/\/www.journee-mondiale.com\/es\/wp-json\/wp\/v2\/media?parent=12418"}],"wp:term":[{"taxonomy":"category","embeddable":true,"href":"https:\/\/www.journee-mondiale.com\/es\/wp-json\/wp\/v2\/categories?post=12418"},{"taxonomy":"post_tag","embeddable":true,"href":"https:\/\/www.journee-mondiale.com\/es\/wp-json\/wp\/v2\/tags?post=12418"}],"curies":[{"name":"wp","href":"https:\/\/api.w.org\/{rel}","templated":true}]}}