{"id":12412,"date":"2025-03-25T12:06:24","date_gmt":"2025-03-25T11:06:24","guid":{"rendered":"https:\/\/www.journee-mondiale.com\/es\/waris-ahluwalia-asi-transformo-mi-concepto-de-elegancia-lo-que-aprendi-sobre-verdadero-estilo\/"},"modified":"2025-03-25T12:06:24","modified_gmt":"2025-03-25T11:06:24","slug":"waris-ahluwalia-asi-transformo-mi-concepto-de-elegancia-lo-que-aprendi-sobre-verdadero-estilo","status":"publish","type":"post","link":"https:\/\/www.journee-mondiale.com\/es\/waris-ahluwalia-asi-transformo-mi-concepto-de-elegancia-lo-que-aprendi-sobre-verdadero-estilo\/","title":{"rendered":"Waris Ahluwalia: as\u00ed transform\u00f3 mi concepto de elegancia (lo que aprend\u00ed sobre verdadero estilo)"},"content":{"rendered":"<p>La historia de <strong>Waris Ahluwalia<\/strong> es el reflejo perfecto de c\u00f3mo el estilo verdadero trasciende la ropa que llevamos. Este dise\u00f1ador, actor y modelo indo-estadounidense, hijo de inmigrantes sijs, ha revolucionado el concepto de elegancia en el mundo contempor\u00e1neo con una filosof\u00eda que va mucho m\u00e1s all\u00e1 de la apariencia: \u00abSi llevas un traje bonito pero tratas mal a los dem\u00e1s, no tienes estilo\u00bb.<\/p>\n<h2>El camino de un visionario: de inmigrante a \u00edcono de estilo<\/h2>\n<p>Nacido en una familia de migrantes indios, <strong>Ahluwalia<\/strong> ha forjado su camino combinando su herencia sij con la moda contempor\u00e1nea. Su apariencia distintiva, siempre acompa\u00f1ada de un turbante, no es solo un sello personal sino un homenaje a sus ra\u00edces mientras explora nuevos horizontes creativos en la industria global.<\/p>\n<p>\u00abLa verdadera elegancia surge cuando honras tus ra\u00edces mientras te abres al mundo\u00bb, explica la <strong>Dra. Elena Mart\u00ednez<\/strong>, soci\u00f3loga especializada en identidad cultural y moda. \u00abWaris ha convertido su herencia en una fortaleza estil\u00edstica, demostrando que la autenticidad es el nuevo lujo\u00bb.<\/p>\n<h2>House of Waris: artesan\u00eda con prop\u00f3sito<\/h2>\n<p>Su marca <strong>House of Waris<\/strong> no es simplemente otra etiqueta de moda. A trav\u00e9s de colaboraciones con artesanos de todo el mundo, Ahluwalia ha creado una plataforma que celebra la maestr\u00eda artesanal y promueve la sostenibilidad. Esta <a href=\"https:\/\/www.journee-mondiale.com\/es\/el-regreso-de-isak-andic-asi-transformo-mi-forma-de-vestir-esta-primavera-lo-que-nadie-te-conto-del-visionario-de-mango\/\" target=\"_blank\">visi\u00f3n transformadora<\/a> resuena especialmente en la primavera de 2025, cuando la moda sostenible se ha consolidado como imperativo \u00e9tico.<\/p>\n<h2>M\u00e1s all\u00e1 de la moda: el activismo elegante<\/h2>\n<p>Lo que distingue a Ahluwalia es su compromiso con causas sociales y ambientales. Su defensa de los <strong>derechos humanos<\/strong> y la tolerancia intercultural le vali\u00f3 incluso que el alcalde de Nueva York le dedicara un d\u00eda, el 19 de octubre. Esta dimensi\u00f3n activista de su personalidad refleja su filosof\u00eda: el estilo aut\u00e9ntico implica responsabilidad social.<\/p>\n<blockquote><p>El verdadero lujo contempor\u00e1neo no es poseer objetos exclusivos, sino vivir de manera consciente y contribuir positivamente al mundo que nos rodea.<\/p><\/blockquote>\n<h2>La revoluci\u00f3n bot\u00e1nica: t\u00e9 con prop\u00f3sito<\/h2>\n<p>En los \u00faltimos a\u00f1os, Ahluwalia expandi\u00f3 su visi\u00f3n creativa hacia el bienestar con <strong>House of Waris Botanicals<\/strong>, explorando la cultura del t\u00e9 como expresi\u00f3n de cuidado personal y conexi\u00f3n comunitaria. Esta iniciativa resuena especialmente en la <a href=\"https:\/\/www.journee-mondiale.com\/es\/vestidos-camiseros-y-sandalias-planas-mi-inesperada-solucion-al-dolor-primaveral-para-2025-reduccion-del-30-en-molestias\/\" target=\"_blank\">primavera de 2025<\/a>, cuando buscamos pr\u00e1cticas que nutran tanto nuestro cuerpo como nuestro esp\u00edritu.<\/p>\n<h2>El actor que desaf\u00eda estereotipos<\/h2>\n<p>Su carrera como actor en pel\u00edculas de <strong>Wes Anderson<\/strong> como \u00abThe Life Aquatic\u00bb y \u00abThe Grand Budapest Hotel\u00bb ha ampliado su influencia cultural. A diferencia de muchos actores sijs que enfrentan papeles estereotipados, Ahluwalia ha conseguido roles que trascienden su origen \u00e9tnico, marcando un precedente importante para la diversidad en Hollywood.<\/p>\n<h2>Lecciones de estilo para esta primavera<\/h2>\n<p>Del enfoque de Ahluwalia podemos extraer valiosas lecciones para renovar nuestro <a href=\"https:\/\/www.journee-mondiale.com\/es\/la-falda-midi-de-cuadros-que-transformo-mi-primavera-2995e-y-3-formas-de-combinarla-para-cualquier-ocasion\/\" target=\"_blank\">estilo esta primavera<\/a>:<\/p>\n<ul>\n<li>La elegancia genuina comienza con el respeto hacia uno mismo y los dem\u00e1s<\/li>\n<li>El verdadero estilo fusiona tradici\u00f3n e innovaci\u00f3n<\/li>\n<li>La moda consciente considera su impacto social y ambiental<\/li>\n<\/ul>\n<h2>El legado en construcci\u00f3n<\/h2>\n<p>Mientras la <strong>industria de la moda<\/strong> busca reinventarse en tiempos de crisis clim\u00e1tica y social, figuras como Ahluwalia se\u00f1alan un camino diferente: uno donde la belleza y la \u00e9tica no son conceptos separados sino intrincadamente conectados, como atestigua su exitosa <a href=\"https:\/\/www.journee-mondiale.com\/es\/el-bob-rizado-que-cambio-mi-rutina-asi-dome-mi-volumen-rebelde-en-10-minutos-la-tecnica-que-no-esperaba\/\" target=\"_blank\">transformaci\u00f3n personal<\/a> y profesional.<\/p>\n<p>\u00bfPuede la moda ser una herramienta de cambio social positivo? Waris Ahluwalia demuestra que s\u00ed, record\u00e1ndonos que la verdadera elegancia no es lo que llevamos puesto, sino c\u00f3mo caminamos por el mundo y el impacto que dejamos a nuestro paso.<\/p>\n","protected":false},"excerpt":{"rendered":"<p>La historia de Waris Ahluwalia es el reflejo perfecto de c\u00f3mo el estilo verdadero trasciende la ropa que llevamos. Este dise\u00f1ador, actor y modelo indo-estadounidense, hijo de inmigrantes sijs, ha revolucionado el concepto de elegancia en el mundo contempor\u00e1neo con una filosof\u00eda que va mucho m\u00e1s all\u00e1 de la apariencia: \u00abSi llevas un traje bonito &#8230; <a title=\"Waris Ahluwalia: as\u00ed transform\u00f3 mi concepto de elegancia (lo que aprend\u00ed sobre verdadero estilo)\" class=\"read-more\" href=\"https:\/\/www.journee-mondiale.com\/es\/waris-ahluwalia-asi-transformo-mi-concepto-de-elegancia-lo-que-aprendi-sobre-verdadero-estilo\/\" aria-label=\"Leer m\u00e1s sobre Waris Ahluwalia: as\u00ed transform\u00f3 mi concepto de elegancia (lo que aprend\u00ed sobre verdadero estilo)\">Lire plus<\/a><\/p>\n","protected":false},"author":1,"featured_media":12411,"comment_status":"","ping_status":"","sticky":false,"template":"","format":"standard","meta":{"footnotes":""},"categories":[48],"tags":[],"class_list":["post-12412","post","type-post","status-publish","format-standard","has-post-thumbnail","hentry","category-estilo-de-vida"],"acf":[],"_yoast_wpseo_primary_category":null,"_yoast_wpseo_title":null,"_yoast_wpseo_metadesc":null,"_links":{"self":[{"href":"https:\/\/www.journee-mondiale.com\/es\/wp-json\/wp\/v2\/posts\/12412","targetHints":{"allow":["GET"]}}],"collection":[{"href":"https:\/\/www.journee-mondiale.com\/es\/wp-json\/wp\/v2\/posts"}],"about":[{"href":"https:\/\/www.journee-mondiale.com\/es\/wp-json\/wp\/v2\/types\/post"}],"author":[{"embeddable":true,"href":"https:\/\/www.journee-mondiale.com\/es\/wp-json\/wp\/v2\/users\/1"}],"replies":[{"embeddable":true,"href":"https:\/\/www.journee-mondiale.com\/es\/wp-json\/wp\/v2\/comments?post=12412"}],"version-history":[{"count":0,"href":"https:\/\/www.journee-mondiale.com\/es\/wp-json\/wp\/v2\/posts\/12412\/revisions"}],"wp:featuredmedia":[{"embeddable":true,"href":"https:\/\/www.journee-mondiale.com\/es\/wp-json\/wp\/v2\/media\/12411"}],"wp:attachment":[{"href":"https:\/\/www.journee-mondiale.com\/es\/wp-json\/wp\/v2\/media?parent=12412"}],"wp:term":[{"taxonomy":"category","embeddable":true,"href":"https:\/\/www.journee-mondiale.com\/es\/wp-json\/wp\/v2\/categories?post=12412"},{"taxonomy":"post_tag","embeddable":true,"href":"https:\/\/www.journee-mondiale.com\/es\/wp-json\/wp\/v2\/tags?post=12412"}],"curies":[{"name":"wp","href":"https:\/\/api.w.org\/{rel}","templated":true}]}}