{"id":12406,"date":"2025-03-25T08:05:28","date_gmt":"2025-03-25T07:05:28","guid":{"rendered":"https:\/\/www.journee-mondiale.com\/es\/el-corte-que-esta-cambiando-mi-cabello-esta-primavera-probe-el-tapered-y-esto-ocurrio-despues-de-15-dias\/"},"modified":"2025-03-25T08:05:28","modified_gmt":"2025-03-25T07:05:28","slug":"el-corte-que-esta-cambiando-mi-cabello-esta-primavera-probe-el-tapered-y-esto-ocurrio-despues-de-15-dias","status":"publish","type":"post","link":"https:\/\/www.journee-mondiale.com\/es\/el-corte-que-esta-cambiando-mi-cabello-esta-primavera-probe-el-tapered-y-esto-ocurrio-despues-de-15-dias\/","title":{"rendered":"El corte que est\u00e1 cambiando mi cabello esta primavera: prob\u00e9 el tapered y esto ocurri\u00f3 despu\u00e9s de 15 d\u00edas&#8230;"},"content":{"rendered":"<p>La <strong>primavera 2025<\/strong> nos trae aires de renovaci\u00f3n, y el <strong>corte tapered<\/strong> se posiciona como uno de los protagonistas indiscutibles de la temporada. Este estilo sofisticado, que combina longitudes variables con una degradaci\u00f3n sutil, est\u00e1 conquistando las calles de Madrid y las pasarelas internacionales. \u00bfQuieres descubrir c\u00f3mo este vers\u00e1til corte puede transformar tu imagen con un toque refinado y actual?<\/p>\n<h2>\u00bfQu\u00e9 es exactamente un corte tapered?<\/h2>\n<p>El <strong>corte tapered<\/strong> se caracteriza por una transici\u00f3n gradual desde el cabello m\u00e1s largo en la parte superior hasta los lados y la nuca, donde el pelo se acorta progresivamente. \u00abEs como una sinfon\u00eda de longitudes que armoniza perfectamente con la estructura facial\u00bb, explica <strong>Carlos Vidal<\/strong>, director creativo de Tendencias Capilares en Barcelona. \u00abNo es simplemente un corte, es una t\u00e9cnica de esculpido que realza los rasgos naturales\u00bb.<\/p>\n<p>A diferencia del undercut tradicional, el tapered ofrece una fusi\u00f3n suave entre \u00e1reas, sin l\u00edneas marcadas, creando una silueta elegante que <strong>funciona tanto en hombres como en mujeres<\/strong>.<\/p>\n<h2>La versatilidad que conquista esta temporada<\/h2>\n<p>Como un camale\u00f3n capilar, el tapered se adapta a m\u00faltiples estilos y texturas. En primavera, este corte cobra especial protagonismo por su f\u00e1cil mantenimiento mientras las temperaturas comienzan a subir. Si tienes <strong>cabello rizado<\/strong>, descubrir\u00e1s que este estilo potencia tus rizos naturales, como puedes ver en <a href=\"https:\/\/www.journee-mondiale.com\/es\/los-5-cortes-para-pelo-rizado-que-dominan-la-primavera-2025-el-tercero-requiere-70-menos-mantenimiento-diario\/\" target=\"_blank\">los mejores cortes para pelo rizado de esta primavera<\/a>.<\/p>\n<h2>Las variaciones que est\u00e1n arrasando<\/h2>\n<p>Seg\u00fan <strong>Luc\u00eda Mart\u00ednez<\/strong>, celebrity stylist de Madrid: \u00abEl tapered tiene infinitas personalidades. Este a\u00f1o vemos desde versiones sutiles con desvanecidos bajos, hasta interpretaciones m\u00e1s dram\u00e1ticas con <strong>contrastes marcados<\/strong> entre la parte superior y los laterales\u00bb.<\/p>\n<ul>\n<li>Tapered cl\u00e1sico: Desvanecido suave con longitud en la corona<\/li>\n<li>High tapered: Contraste pronunciado con mayor longitud arriba<\/li>\n<li>Tapered texturizado: Ideal para cabellos con movimiento natural<\/li>\n<li>Low tapered: Degradado solo en la parte inferior, para transiciones sutiles<\/li>\n<\/ul>\n<h2>T\u00e9cnicas de estilizado que deber\u00edas conocer<\/h2>\n<p>El secreto de un buen tapered no est\u00e1 solo en el corte, sino en c\u00f3mo lo peinas. Para cabellos finos, <strong>el m\u00e9todo del secado invertido<\/strong> puede dar una dimensi\u00f3n sorprendente a este corte, <a href=\"https:\/\/www.journee-mondiale.com\/es\/como-transforme-mi-cabello-fino-en-3-semanas-el-metodo-del-secado-invertido-que-triplico-mi-volumen-y-nadie-me-habia-contado\/\" target=\"_blank\">multiplicando el volumen de manera natural<\/a>.<\/p>\n<p>Si tu cabello es grueso, el tapered act\u00faa como un <strong>escultor silencioso<\/strong>, eliminando peso y facilitando el peinado diario. Para texturizar la parte superior, aplica una peque\u00f1a cantidad de pasta mate entre las palmas y trabaja desde atr\u00e1s hacia adelante con movimientos suaves.<\/p>\n<h2>El tapered para cada tipo de rostro<\/h2>\n<blockquote><p>\u00abEl corte tapered es como un traje a medida para tu rostro. Cuando se adapta correctamente a tus facciones, el resultado es simplemente m\u00e1gico\u00bb, asegura <strong>Miguel \u00c1ngel S\u00e1nchez<\/strong>, formador internacional de t\u00e9cnicas de barber\u00eda.<\/p><\/blockquote>\n<p>Para rostros ovalados, un tapered equilibrado funciona perfectamente. En caras redondas, opta por mayor altura en la parte superior. Si tu rostro es alargado, un <strong>tapered con flequillo<\/strong> puede ser tu mejor aliado.<\/p>\n<h2>\u00bfPuedo transformar mi bob en un tapered?<\/h2>\n<p>Si actualmente llevas un bob y buscas un cambio, el tapered puede ser una evoluci\u00f3n natural. Las mujeres con <a href=\"https:\/\/www.journee-mondiale.com\/es\/el-bob-rizado-que-cambio-mi-rutina-asi-dome-mi-volumen-rebelde-en-10-minutos-la-tecnica-que-no-esperaba\/\" target=\"_blank\">bob rizado pueden transicionar gradualmente<\/a> hacia un tapered manteniendo longitud en la parte superior. Es como <strong>esculpir tu cabello<\/strong> en lugar de simplemente cortarlo.<\/p>\n<h2>Del tapered al peinado universal<\/h2>\n<p>Este corte es la base perfecta para experimentar con diversos estilos. <a href=\"https:\/\/www.journee-mondiale.com\/es\/probe-5-tipos-de-peinado-universal-y-este-cambio-mi-rostro-en-solo-3-dias-el-resultado-me-sorprendio\/\" target=\"_blank\">Descubre c\u00f3mo un peinado puede transformar completamente tu rostro<\/a> partiendo de un buen tapered como lienzo.<\/p>\n<h2>Cabello fino: el tapered como soluci\u00f3n<\/h2>\n<p>Para quienes tienen <strong>cabello fino<\/strong>, el tapered ofrece una ilusi\u00f3n de densidad al concentrar el volumen estrat\u00e9gicamente. <a href=\"https:\/\/www.journee-mondiale.com\/es\/transforme-mi-cabello-fino-esta-primavera-3-tecnicas-que-me-dieron-volumen-real-el-secado-invertido-cambio-todo\/\" target=\"_blank\">Estas t\u00e9cnicas primaverales<\/a> potencian el volumen y maximizan el efecto del corte.<\/p>\n<p>\u00bfTe atreves a renovar tu imagen esta primavera? El corte tapered no es solo un estilo, es una declaraci\u00f3n de confianza que refleja personalidad y sofisticaci\u00f3n. Como un buen vino, este corte mejora con el tiempo, adapt\u00e1ndose a tu crecimiento y evolucionando con cada visita al estilista.<\/p>\n","protected":false},"excerpt":{"rendered":"<p>La primavera 2025 nos trae aires de renovaci\u00f3n, y el corte tapered se posiciona como uno de los protagonistas indiscutibles de la temporada. Este estilo sofisticado, que combina longitudes variables con una degradaci\u00f3n sutil, est\u00e1 conquistando las calles de Madrid y las pasarelas internacionales. \u00bfQuieres descubrir c\u00f3mo este vers\u00e1til corte puede transformar tu imagen con &#8230; <a title=\"El corte que est\u00e1 cambiando mi cabello esta primavera: prob\u00e9 el tapered y esto ocurri\u00f3 despu\u00e9s de 15 d\u00edas&#8230;\" class=\"read-more\" href=\"https:\/\/www.journee-mondiale.com\/es\/el-corte-que-esta-cambiando-mi-cabello-esta-primavera-probe-el-tapered-y-esto-ocurrio-despues-de-15-dias\/\" aria-label=\"Leer m\u00e1s sobre El corte que est\u00e1 cambiando mi cabello esta primavera: prob\u00e9 el tapered y esto ocurri\u00f3 despu\u00e9s de 15 d\u00edas&#8230;\">Lire plus<\/a><\/p>\n","protected":false},"author":1,"featured_media":12405,"comment_status":"","ping_status":"","sticky":false,"template":"","format":"standard","meta":{"footnotes":""},"categories":[48],"tags":[],"class_list":["post-12406","post","type-post","status-publish","format-standard","has-post-thumbnail","hentry","category-estilo-de-vida"],"acf":[],"_yoast_wpseo_primary_category":null,"_yoast_wpseo_title":null,"_yoast_wpseo_metadesc":null,"_links":{"self":[{"href":"https:\/\/www.journee-mondiale.com\/es\/wp-json\/wp\/v2\/posts\/12406","targetHints":{"allow":["GET"]}}],"collection":[{"href":"https:\/\/www.journee-mondiale.com\/es\/wp-json\/wp\/v2\/posts"}],"about":[{"href":"https:\/\/www.journee-mondiale.com\/es\/wp-json\/wp\/v2\/types\/post"}],"author":[{"embeddable":true,"href":"https:\/\/www.journee-mondiale.com\/es\/wp-json\/wp\/v2\/users\/1"}],"replies":[{"embeddable":true,"href":"https:\/\/www.journee-mondiale.com\/es\/wp-json\/wp\/v2\/comments?post=12406"}],"version-history":[{"count":0,"href":"https:\/\/www.journee-mondiale.com\/es\/wp-json\/wp\/v2\/posts\/12406\/revisions"}],"wp:featuredmedia":[{"embeddable":true,"href":"https:\/\/www.journee-mondiale.com\/es\/wp-json\/wp\/v2\/media\/12405"}],"wp:attachment":[{"href":"https:\/\/www.journee-mondiale.com\/es\/wp-json\/wp\/v2\/media?parent=12406"}],"wp:term":[{"taxonomy":"category","embeddable":true,"href":"https:\/\/www.journee-mondiale.com\/es\/wp-json\/wp\/v2\/categories?post=12406"},{"taxonomy":"post_tag","embeddable":true,"href":"https:\/\/www.journee-mondiale.com\/es\/wp-json\/wp\/v2\/tags?post=12406"}],"curies":[{"name":"wp","href":"https:\/\/api.w.org\/{rel}","templated":true}]}}