{"id":12404,"date":"2025-03-25T07:05:32","date_gmt":"2025-03-25T06:05:32","guid":{"rendered":"https:\/\/www.journee-mondiale.com\/es\/la-falda-midi-de-cuadros-que-transformo-mi-primavera-2995e-y-3-formas-de-combinarla-para-cualquier-ocasion\/"},"modified":"2025-03-25T07:05:32","modified_gmt":"2025-03-25T06:05:32","slug":"la-falda-midi-de-cuadros-que-transformo-mi-primavera-2995e-y-3-formas-de-combinarla-para-cualquier-ocasion","status":"publish","type":"post","link":"https:\/\/www.journee-mondiale.com\/es\/la-falda-midi-de-cuadros-que-transformo-mi-primavera-2995e-y-3-formas-de-combinarla-para-cualquier-ocasion\/","title":{"rendered":"La falda midi de cuadros que transform\u00f3 mi primavera: 29,95\u20ac y 3 formas de combinarla para cualquier ocasi\u00f3n"},"content":{"rendered":"<p>La <strong>falda midi de cuadros<\/strong> se ha consolidado como la prenda estrella indiscutible esta primavera 2025. Este cl\u00e1sico reinventado est\u00e1 causando sensaci\u00f3n en pasarelas y calles por igual, combinando nostalgia y modernidad en una pieza vers\u00e1til que todas queremos tener en nuestro armario.<\/p>\n<h2>El resurgir preppy con un toque contempor\u00e1neo<\/h2>\n<p>La primavera 2025 marca el regreso triunfal de los <strong>estampados de cuadros<\/strong> en clave midi. \u00abEstamos viendo una reinterpretaci\u00f3n del cl\u00e1sico tart\u00e1n que evoca el estilo preppy pero con un giro m\u00e1s atrevido, claramente inspirado en el legado de Vivienne Westwood\u00bb, explica Mar\u00eda L\u00f3pez, editora de moda en Elle Espa\u00f1a.<\/p>\n<p>Esta tendencia recupera la esencia colegial pero modernizada para adaptarse a cualquier ocasi\u00f3n. Los dise\u00f1os actuales incorporan <strong>texturas ligeras<\/strong> como tul y gasa, perfectas para los d\u00edas primaverales que nos esperan.<\/p>\n<h2>Las versiones m\u00e1s buscadas esta temporada<\/h2>\n<p>Las grandes cadenas ya han lanzado sus propuestas m\u00e1s codiciadas para esta primavera:<\/p>\n<ul>\n<li><strong>Zara<\/strong>: Su falda midi de cuadros por 29,95\u20ac se ha convertido en bestseller por su relaci\u00f3n calidad-precio.<\/li>\n<li><strong>Massimo Dutti<\/strong>: Presenta una versi\u00f3n con vuelo a 80\u20ac que eleva cualquier look b\u00e1sico.<\/li>\n<li><strong>Mango<\/strong>: Su falda midi de tablas con abertura frontal a 60\u20ac complementa perfectamente el guardarropa primaveral.<\/li>\n<\/ul>\n<h2>Versatilidad: la clave de su \u00e9xito<\/h2>\n<p>Lo que hace de esta prenda un imprescindible es su capacidad para adaptarse a cualquier estilo. \u00abUna falda midi de cuadros puede ser el elemento central de un <strong>look urbano<\/strong> cuando la combinas con una chaqueta de cuero y botas robustas\u00bb, se\u00f1ala Olivia Palermo, referente internacional de estilo.<\/p>\n<p>Para un aspecto m\u00e1s sofisticado, los expertos recomiendan acompa\u00f1arla con una <strong>camisa b\u00e1sica<\/strong> o un top minimalista que equilibre el protagonismo del estampado. La editora de moda de Telva recomienda: \u00abA\u00f1ade zapatos de tac\u00f3n para estilizar la figura y una chaqueta corta para completar el look\u00bb.<\/p>\n<h2>Tejidos ligeros que enamorar\u00e1n esta primavera<\/h2>\n<p>Un experto en Harper&#8217;s Bazaar destaca que \u00ablas texturas ligeras como el <strong>tul o la gasa<\/strong> son las protagonistas para esta temporada, ofreciendo movimiento y frescura ideales para el clima primaveral\u00bb. Estas telas aportan dinamismo al andar y permiten crear looks c\u00f3modos sin renunciar al estilo.<\/p>\n<blockquote><p>\u00abLas faldas midi de cuadros son una especie de camale\u00f3n del armario: se adaptan a cualquier estilo y ocasi\u00f3n, desde lo m\u00e1s casual hasta lo m\u00e1s elegante\u00bb, afirma la estilista Carmen Mart\u00ednez.<\/p><\/blockquote>\n<h2>C\u00f3mo combinarla para un look infalible<\/h2>\n<p>Las posibilidades son infinitas, pero estos consejos te ayudar\u00e1n a crear outfits ganadores:<\/p>\n<ul>\n<li>Para un look casual: comb\u00ednala con <strong>sneakers blancas<\/strong> y una camiseta b\u00e1sica.<\/li>\n<li>Para la oficina: a\u00f1ade un <a href=\"https:\/\/www.journee-mondiale.com\/es\/como-transforme-mi-cabello-fino-en-3-semanas-el-metodo-del-secado-invertido-que-triplico-mi-volumen-y-nadie-me-habia-contado\/\" target=\"_blank\">blazer estructurado<\/a> y zapatos de tac\u00f3n medio.<\/li>\n<li>Para una salida nocturna: compl\u00e9tala con <strong>botas altas<\/strong> y un top de encaje.<\/li>\n<\/ul>\n<h2>El equilibrio perfecto entre tradici\u00f3n e innovaci\u00f3n<\/h2>\n<p>Lo que hace especial a la falda midi de cuadros esta primavera 2025 es su capacidad para evocar nostalgia mientras se mantiene absolutamente contempor\u00e1nea. Como <a href=\"https:\/\/www.journee-mondiale.com\/es\/transforme-mi-cabello-fino-esta-primavera-3-tecnicas-que-me-dieron-volumen-real-el-secado-invertido-cambio-todo\/\" target=\"_blank\">sucede con las tendencias capilares<\/a>, la moda tambi\u00e9n apuesta por reinventar lo cl\u00e1sico.<\/p>\n<p>Los <strong>colores tradicionales<\/strong> como azul marino, burdeos y verde bosque conviven con tonos m\u00e1s arriesgados como lavanda o amarillo pastel, adapt\u00e1ndose a los gustos de cada mujer. Esta versatilidad crom\u00e1tica ampl\u00eda a\u00fan m\u00e1s sus posibilidades de combinaci\u00f3n.<\/p>\n<h2>Un complemento para todas las siluetas<\/h2>\n<p>La falda midi favorece pr\u00e1cticamente todas las figuras, especialmente cuando eliges el dise\u00f1o adecuado para tu tipo de cuerpo. Si buscas renovar tu look esta temporada, no dudes en incorporar esta <a href=\"https:\/\/www.journee-mondiale.com\/es\/el-bob-rizado-que-cambio-mi-look-3-meses-con-el-peinado-que-domina-la-primavera-2025-y-como-mantener-el-volumen-perfecto\/\" target=\"_blank\">prenda vers\u00e1til<\/a> que, como los <a href=\"https:\/\/www.journee-mondiale.com\/es\/los-5-cortes-para-pelo-rizado-que-dominan-la-primavera-2025-el-tercero-requiere-70-menos-mantenimiento-diario\/\" target=\"_blank\">mejores cortes de cabello<\/a>, realza tu estilo con <a href=\"https:\/\/www.journee-mondiale.com\/es\/el-bob-rizado-que-cambio-mi-rutina-asi-dome-mi-volumen-rebelde-en-10-minutos-la-tecnica-que-no-esperaba\/\" target=\"_blank\">m\u00ednimo esfuerzo<\/a>.<\/p>\n<p>\u00bfTe atreves a sumarte a la tendencia que est\u00e1 conquistando esta primavera 2025? La falda midi de cuadros promete convertirse en la inversi\u00f3n m\u00e1s inteligente y vers\u00e1til para tu armario esta temporada.<\/p>\n","protected":false},"excerpt":{"rendered":"<p>La falda midi de cuadros se ha consolidado como la prenda estrella indiscutible esta primavera 2025. Este cl\u00e1sico reinventado est\u00e1 causando sensaci\u00f3n en pasarelas y calles por igual, combinando nostalgia y modernidad en una pieza vers\u00e1til que todas queremos tener en nuestro armario. El resurgir preppy con un toque contempor\u00e1neo La primavera 2025 marca el &#8230; <a title=\"La falda midi de cuadros que transform\u00f3 mi primavera: 29,95\u20ac y 3 formas de combinarla para cualquier ocasi\u00f3n\" class=\"read-more\" href=\"https:\/\/www.journee-mondiale.com\/es\/la-falda-midi-de-cuadros-que-transformo-mi-primavera-2995e-y-3-formas-de-combinarla-para-cualquier-ocasion\/\" aria-label=\"Leer m\u00e1s sobre La falda midi de cuadros que transform\u00f3 mi primavera: 29,95\u20ac y 3 formas de combinarla para cualquier ocasi\u00f3n\">Lire plus<\/a><\/p>\n","protected":false},"author":1,"featured_media":12403,"comment_status":"","ping_status":"","sticky":false,"template":"","format":"standard","meta":{"footnotes":""},"categories":[48],"tags":[],"class_list":["post-12404","post","type-post","status-publish","format-standard","has-post-thumbnail","hentry","category-estilo-de-vida"],"acf":[],"_yoast_wpseo_primary_category":null,"_yoast_wpseo_title":null,"_yoast_wpseo_metadesc":null,"_links":{"self":[{"href":"https:\/\/www.journee-mondiale.com\/es\/wp-json\/wp\/v2\/posts\/12404","targetHints":{"allow":["GET"]}}],"collection":[{"href":"https:\/\/www.journee-mondiale.com\/es\/wp-json\/wp\/v2\/posts"}],"about":[{"href":"https:\/\/www.journee-mondiale.com\/es\/wp-json\/wp\/v2\/types\/post"}],"author":[{"embeddable":true,"href":"https:\/\/www.journee-mondiale.com\/es\/wp-json\/wp\/v2\/users\/1"}],"replies":[{"embeddable":true,"href":"https:\/\/www.journee-mondiale.com\/es\/wp-json\/wp\/v2\/comments?post=12404"}],"version-history":[{"count":0,"href":"https:\/\/www.journee-mondiale.com\/es\/wp-json\/wp\/v2\/posts\/12404\/revisions"}],"wp:featuredmedia":[{"embeddable":true,"href":"https:\/\/www.journee-mondiale.com\/es\/wp-json\/wp\/v2\/media\/12403"}],"wp:attachment":[{"href":"https:\/\/www.journee-mondiale.com\/es\/wp-json\/wp\/v2\/media?parent=12404"}],"wp:term":[{"taxonomy":"category","embeddable":true,"href":"https:\/\/www.journee-mondiale.com\/es\/wp-json\/wp\/v2\/categories?post=12404"},{"taxonomy":"post_tag","embeddable":true,"href":"https:\/\/www.journee-mondiale.com\/es\/wp-json\/wp\/v2\/tags?post=12404"}],"curies":[{"name":"wp","href":"https:\/\/api.w.org\/{rel}","templated":true}]}}